{"id":3178,"date":"2021-04-10T20:08:05","date_gmt":"2021-04-10T20:08:05","guid":{"rendered":"http:\/\/www.chnk.pl\/?p=3178"},"modified":"2021-04-10T20:08:05","modified_gmt":"2021-04-10T20:08:05","slug":"niedziela-milosierdzia-bozego-2","status":"publish","type":"post","link":"https:\/\/www.chnk.pl\/?p=3178","title":{"rendered":"Niedziela Mi\u0142osierdzia Bo\u017cego"},"content":{"rendered":"<p><strong>OG\u0141OSZENIA DUSZPASTERSKIE<\/strong><\/p>\n<p><strong>NIEDZIELA MI\u0141OSIERDZIA BO\u017bEGO<\/strong><\/p>\n<p><strong>11 kwietnia 2021 r.<\/strong><\/p>\n<ol>\n<li>Dnia 14 kwietnia br. (\u015broda) obchodzi\u0107 b\u0119dziemy \u015awi\u0119to Chrztu Polski. Zach\u0119camy do wywieszenia w dniu \u015awi\u0119ta Chrztu Polski flagi pa\u0144stwowej i watyka\u0144skiej. Szczeg\u00f3\u0142owe informacje odnajdziemy na stronie internetowej: swietochrztu.pl Jest rzecz\u0105 istotn\u0105, aby pami\u0119\u0107 o tak wa\u017cnym dla nas Polak\u00f3w wydarzeniu by\u0142a kultywowana rokrocznie z wielk\u0105 powag\u0105 i rado\u015bci\u0105, aby zapad\u0142a w pami\u0119\u0107 zw\u0142aszcza m\u0142odemu pokoleniu Polek i Polak\u00f3w. W sprawowanych, dnia 14 kwietnia mszach \u015bwi\u0119tych, modli\u0107 si\u0119 b\u0119dziemy za Ojczyzn\u0119. Po licznych remontach i konserwacji \u2013 w \u015brod\u0119, 14 kwietnia 2021 r. zostanie na nowo otwarty ko\u015bci\u00f3\u0142 pw. Naj\u015bwi\u0119tszej Maryi Panny in Summo Posnaniensi, na Ostrowie Tumskim. O godzinie 17.00 Ksi\u0105dz Arcybiskup Stanis\u0142aw G\u0105decki, Metropolita Pozna\u0144ski podczas Mszy \u015bw. dokona po\u015bwiecenia o\u0142tarza i figury Matki Bo\u017cej.<\/li>\n<li>Dzisiaj, w Niedziel\u0119 Mi\u0142osierdzia Bo\u017cego, Caritas Archidiecezji Pozna\u0144skiej dzi\u0119kuje Panu Boga za 31 lat swojej s\u0142u\u017cby. Z tej okazji Ks. Dyrektor Pozna\u0144skiej CARITAS przesy\u0142a wyrazy wdzi\u0119czno\u015bci cz\u0142onkom Parafialnych Zespo\u0142\u00f3w Caritas za zaanga\u017cowanie, a wszystkim ofiarodawcom za hojno\u015b\u0107 i wsparcie dzie\u0142 Caritas. Zbi\u00f3rka ofiar na Caritas dzisiaj przed ko\u015bcio\u0142em. Mo\u017cna odpisa\u0107 1% podatku na Caritas. Ulotki z informacj\u0105 na stoliku pod ch\u00f3rem.<\/li>\n<li>Spotkanie wsp\u00f3lnot r\u00f3\u017ca\u0144cowych w \u015brod\u0119, po wieczornej mszy \u015bw., w ko\u015bciele.<\/li>\n<li>W zwi\u0105zku z trwaj\u0105c\u0105 epidemi\u0105 obowi\u0105zuje dyspensa od obowi\u0105zku uczestnictwa we mszy \u015bw. niedzielnej i&nbsp;\u015bwi\u0105tecznej. W naszym ko\u015bciele mo\u017ce uczestniczy\u0107 we mszy \u015bw. do 35 os\u00f3b. Komunia \u015bw. poza msz\u0105 \u015bw. dla os\u00f3b nie mieszcz\u0105cych si\u0119 w limicie: w niedziel\u0119 o godz. 13.30. Spowied\u017a \u015bw. w salce parafialnej (wej\u015bcie z dziedzi\u0144ca) z oczekiwaniem na zewn\u0105trz, p\u00f3\u0142 godziny przed msz\u0105 \u015bw. odprawian\u0105 o godz. 8.00 i 18.00 i w sobot\u0119 od godz. 16.00 do 18.00. Transmisja mszy \u015bw. przez Internet w niedziel\u0119 o godz. 11.15. Dost\u0119p przez stron\u0119: www.facebook.com\/parafiachnk Ko\u015bci\u00f3\u0142 w ci\u0105gu dnia otwarty.<\/li>\n<li>Prosimy pan\u00f3w o pomoc w rozebraniu wielkanocnego wystroju ko\u015bcio\u0142a, w poniedzia\u0142ek o godz. 19.00.<\/li>\n<li>B\u00d3G ZAP\u0141A\u0106 za ofiary na kwiaty do Grobu Pa\u0144skiego, przy Grobie Pa\u0144skim, za ofiary na danin\u0119 diecezjaln\u0105 i utrzymane naszego ko\u015bcio\u0142a, na KUL i Wydzia\u0142 Teologiczny.<\/li>\n<li>W nast\u0119pn\u0105, trzeci\u0105 Niedziel\u0119 Wielkanocn\u0105 obchodzimy Niedziel\u0119 Biblijn\u0105. Przypada ona w okresie Wielkanocnym, poniewa\u017c to Zmartwychwsta\u0142y Pan wyja\u015bnia nam Pisma, tak jak uczniom id\u0105cym do Emaus. W przysz\u0142\u0105 niedziel\u0119 prosimy przyj\u015b\u0107 do ko\u015bcio\u0142a z osobistym Pismem \u015awi\u0119tym, po to, by w czasie przyst\u0119powania do Komunii \u015bw. po\u0142o\u017cy\u0107 je na swoim sercu na znak, \u017ce czytane i rozwa\u017cane S\u0142owo Bo\u017ce, tak jak Eucharystia, jest osobistym spotkaniem z Jezusem Zmartwychwsta\u0142ym.<\/li>\n<li>Katedralna Og\u00f3lnokszta\u0142c\u0105ca Szko\u0142a Muzyczna I st. prowadzi zapisy do I klasy. Jest to o\u015bmioletnia szko\u0142a podstawowa z przedmiotami og\u00f3lnokszta\u0142c\u0105cymi i muzycznymi dla dziewcz\u0105t i ch\u0142opc\u00f3w posiadaj\u0105cych predyspozycje do kszta\u0142cenia muzycznego. Program wychowawczy oparty jest na warto\u015bciach chrze\u015bcija\u0144skich. Szczeg\u00f3\u0142owe informacje mo\u017cna uzyska\u0107 drog\u0105 mailow\u0105, telefonicznie lub osobi\u015bcie w sekretariacie szko\u0142y, przy ulicy Filipi\u0144skiej 4. Tel: 61 877 33 95, e-mail: dyrektor@szkolakatedralna.pl<\/li>\n<li>Zach\u0119camy do czytania prasy katolickiej. Przy zakrystii: <em>Przewodnik Katolicki<\/em>, <em>Go\u015b\u0107 Niedzielny<\/em>, <em>Mi\u0142ujcie si\u0119,. <\/em>Zach\u0119camy do s\u0142uchania, tak\u017ce w internecie, Dobrego Radia \u201eEmaus\u201d &#8211; <a href=\"http:\/\/www.radioemaus.pl\/\">www.radioemaus.pl<\/a><a href=\"http:\/\/www.radioemaus.pl.Rusza\/\">.<\/a><\/li>\n<\/ol>\n<p>&nbsp;<\/p>\n<p>&nbsp;&nbsp;&nbsp;&nbsp;&nbsp;&nbsp;&nbsp;&nbsp;&nbsp;&nbsp;&nbsp;&nbsp;&nbsp;&nbsp;&nbsp;&nbsp;&nbsp;&nbsp;&nbsp;&nbsp;&nbsp;&nbsp;&nbsp;&nbsp;&nbsp;&nbsp;&nbsp;&nbsp;&nbsp;&nbsp;&nbsp;&nbsp;&nbsp;&nbsp;&nbsp;&nbsp;&nbsp;&nbsp;&nbsp;&nbsp;&nbsp;&nbsp;&nbsp;&nbsp;&nbsp;&nbsp;&nbsp;&nbsp;&nbsp;&nbsp;&nbsp;&nbsp;&nbsp;&nbsp;&nbsp;&nbsp;&nbsp;&nbsp;&nbsp;&nbsp;&nbsp;&nbsp;&nbsp;&nbsp;&nbsp;&nbsp;&nbsp;&nbsp;&nbsp;&nbsp;&nbsp;&nbsp;&nbsp;&nbsp;&nbsp;&nbsp;&nbsp;&nbsp;&nbsp;&nbsp;&nbsp;&nbsp;&nbsp;&nbsp;&nbsp;&nbsp;&nbsp;&nbsp;&nbsp;&nbsp;&nbsp;&nbsp;&nbsp;&nbsp;&nbsp;&nbsp;&nbsp;&nbsp;&nbsp;&nbsp;&nbsp;&nbsp;&nbsp;&nbsp;&nbsp;&nbsp;&nbsp;&nbsp;&nbsp;&nbsp;&nbsp;&nbsp;&nbsp;&nbsp;&nbsp;&nbsp;&nbsp;&nbsp;&nbsp;&nbsp;&nbsp;&nbsp;&nbsp;&nbsp;&nbsp;&nbsp;&nbsp;&nbsp;&nbsp;&nbsp;&nbsp;&nbsp;&nbsp;&nbsp;&nbsp;&nbsp;&nbsp;&nbsp;&nbsp;&nbsp;&nbsp;&nbsp;&nbsp;&nbsp;&nbsp;&nbsp;&nbsp;&nbsp;&nbsp;&nbsp;&nbsp;&nbsp;&nbsp;&nbsp;&nbsp;&nbsp;&nbsp;&nbsp;&nbsp;&nbsp;&nbsp;&nbsp;&nbsp;&nbsp;&nbsp;&nbsp;&nbsp;&nbsp;&nbsp;&nbsp;&nbsp;&nbsp;&nbsp;&nbsp;&nbsp;&nbsp;&nbsp;&nbsp;&nbsp;&nbsp;&nbsp;&nbsp;&nbsp;&nbsp;&nbsp;&nbsp;&nbsp;&nbsp;&nbsp;&nbsp;&nbsp;&nbsp;&nbsp;&nbsp;&nbsp;&nbsp;&nbsp;&nbsp;&nbsp;&nbsp;&nbsp;&nbsp;&nbsp;&nbsp;&nbsp;&nbsp; &nbsp;&nbsp;&nbsp;&nbsp;&nbsp;&nbsp;&nbsp;&nbsp;&nbsp;&nbsp;&nbsp;&nbsp;&nbsp;&nbsp;&nbsp;&nbsp;&nbsp;&nbsp;&nbsp;&nbsp;&nbsp;&nbsp;&nbsp;&nbsp;&nbsp;&nbsp;&nbsp;&nbsp;&nbsp;&nbsp;&nbsp;&nbsp;&nbsp;&nbsp;&nbsp;&nbsp;&nbsp;&nbsp;&nbsp;&nbsp;&nbsp;&nbsp;&nbsp;&nbsp;&nbsp;&nbsp;&nbsp;&nbsp;&nbsp;&nbsp;&nbsp;&nbsp;&nbsp;&nbsp;&nbsp;&nbsp;&nbsp;&nbsp;&nbsp;&nbsp;&nbsp;&nbsp;&nbsp;<\/p>\n","protected":false},"excerpt":{"rendered":"<p>OG\u0141OSZENIA DUSZPASTERSKIE NIEDZIELA MI\u0141OSIERDZIA BO\u017bEGO 11 kwietnia 2021 r. Dnia 14 kwietnia br. (\u015broda) obchodzi\u0107 b\u0119dziemy \u015awi\u0119to Chrztu Polski. Zach\u0119camy do wywieszenia w dniu \u015awi\u0119ta Chrztu Polski flagi pa\u0144stwowej i watyka\u0144skiej. Szczeg\u00f3\u0142owe informacje odnajdziemy na stronie internetowej: swietochrztu.pl Jest rzecz\u0105 istotn\u0105, aby pami\u0119\u0107 o tak wa\u017cnym dla nas Polak\u00f3w wydarzeniu by\u0142a kultywowana rokrocznie z wielk\u0105 &#8230; <span class=\"more\"><a class=\"more-link\" href=\"https:\/\/www.chnk.pl\/?p=3178\">czytaj wi\u0119cej<\/a><\/span><\/p>\n","protected":false},"author":3,"featured_media":0,"comment_status":"open","ping_status":"open","sticky":false,"template":"","format":"standard","meta":{"ngg_post_thumbnail":0,"footnotes":""},"categories":[1],"tags":[],"_links":{"self":[{"href":"https:\/\/www.chnk.pl\/index.php?rest_route=\/wp\/v2\/posts\/3178"}],"collection":[{"href":"https:\/\/www.chnk.pl\/index.php?rest_route=\/wp\/v2\/posts"}],"about":[{"href":"https:\/\/www.chnk.pl\/index.php?rest_route=\/wp\/v2\/types\/post"}],"author":[{"embeddable":true,"href":"https:\/\/www.chnk.pl\/index.php?rest_route=\/wp\/v2\/users\/3"}],"replies":[{"embeddable":true,"href":"https:\/\/www.chnk.pl\/index.php?rest_route=%2Fwp%2Fv2%2Fcomments&post=3178"}],"version-history":[{"count":1,"href":"https:\/\/www.chnk.pl\/index.php?rest_route=\/wp\/v2\/posts\/3178\/revisions"}],"predecessor-version":[{"id":3179,"href":"https:\/\/www.chnk.pl\/index.php?rest_route=\/wp\/v2\/posts\/3178\/revisions\/3179"}],"wp:attachment":[{"href":"https:\/\/www.chnk.pl\/index.php?rest_route=%2Fwp%2Fv2%2Fmedia&parent=3178"}],"wp:term":[{"taxonomy":"category","embeddable":true,"href":"https:\/\/www.chnk.pl\/index.php?rest_route=%2Fwp%2Fv2%2Fcategories&post=3178"},{"taxonomy":"post_tag","embeddable":true,"href":"https:\/\/www.chnk.pl\/index.php?rest_route=%2Fwp%2Fv2%2Ftags&post=3178"}],"curies":[{"name":"wp","href":"https:\/\/api.w.org\/{rel}","templated":true}]}}