{"id":3176,"date":"2021-04-10T20:04:43","date_gmt":"2021-04-10T20:04:43","guid":{"rendered":"http:\/\/www.chnk.pl\/?p=3176"},"modified":"2021-04-10T20:06:07","modified_gmt":"2021-04-10T20:06:07","slug":"swieto-chrztu-polski","status":"publish","type":"post","link":"https:\/\/www.chnk.pl\/?p=3176","title":{"rendered":"\u015aWI\u0118TO CHRZTU POLSKI"},"content":{"rendered":"<p><strong>\u015aWI\u0118TO CHRZTU POLSKI<\/strong><\/p>\n<p><strong>PO\u015aWI\u0118CENIE O\u0141TARZA I FIGURY MATKI BO\u017bEJ W KO\u015aCIELE NAJ\u015aWI\u0118TSZEJ MARYI PANNY IN SUMMO POSNANIESI<\/strong><\/p>\n<p>&nbsp;&nbsp;&nbsp;&nbsp;&nbsp;&nbsp;&nbsp;&nbsp;&nbsp;&nbsp;&nbsp; Dnia 14 kwietnia (\u015broda) 2021 roku \u2013 zgodnie z decyzj\u0105 Sejmu RP sprzed dw\u00f3ch lat \u2013 b\u0119dziemy obchodzili \u015awi\u0119to Chrztu Polski.<\/p>\n<p>&nbsp;&nbsp;&nbsp;&nbsp;&nbsp;&nbsp;&nbsp;&nbsp;&nbsp;&nbsp;&nbsp; Prezydent Andrzej Duda na Zgromadzeniu Narodowym w Poznaniu, 15 kwietnia 2016&nbsp;roku powiedzia\u0142: \u201eZgodnie z tradycj\u0105, chrzest w\u0142adcy Polan odby\u0142 si\u0119 najpewniej w&nbsp;Wielk\u0105 Sobot\u0119, 14 kwietnia 966 roku. I to wtedy te\u017c narodzi\u0142a si\u0119 Polska. Narodzi\u0142a si\u0119 z&nbsp;w\u00f3d chrzcielnych do nowego, chrze\u015bcija\u0144skiego \u017cycia. Narodzi\u0142a si\u0119 dla \u015bwiata, wychodz\u0105c z epoki przedhistorycznej i wkraczaj\u0105c na aren\u0119 dziej\u00f3w Europy. Narodzi\u0142a si\u0119 dla siebie, jako wsp\u00f3lnota narodowa i polityczna, bowiem przyj\u0119cie chrztu w obrz\u0105dku \u0142aci\u0144skim okre\u015bli\u0142o nasz\u0105 polsk\u0105 to\u017csamo\u015b\u0107. Odt\u0105d zacz\u0119li\u015bmy o sobie samych my\u015ble\u0107 i m\u00f3wi\u0107: my,&nbsp;Polacy.\u201d<\/p>\n<p>Jest rzecz\u0105 niezwykle istotn\u0105, aby pami\u0119\u0107 o tak wa\u017cnym dla nas Polak\u00f3w wydarzeniu by\u0142a kultywowana rokrocznie z wielk\u0105 powag\u0105 i rado\u015bci\u0105, aby zapad\u0142a w pami\u0119\u0107 zw\u0142aszcza m\u0142odemu pokoleniu Polek i Polak\u00f3w. Dlatego prosimy, aby w og\u0142oszeniach parafialnych w&nbsp;niedziel\u0119, dnia 11 kwietnia br., przypomnie\u0107 parafianom o \u015awi\u0119cie Chrztu Polski, poprosi\u0107 o wywieszenie flagi pa\u0144stwowej i watyka\u0144skiej oraz w sprawowanych, dnia 14 kwietnia Mszach \u015awi\u0119tych, modli\u0107 si\u0119 za Ojczyzn\u0119.<\/p>\n<p>&nbsp;&nbsp;&nbsp;&nbsp;&nbsp;&nbsp;&nbsp;&nbsp;&nbsp;&nbsp;&nbsp; Z wielk\u0105 rado\u015bci\u0105 informujemy, \u017ce po wielu latach zamkni\u0119cia \u2013 po dokonaniu licznych remont\u00f3w i konserwacji \u2013 w \u015brod\u0119, 14 kwietnia 2021 roku zostanie na nowo otwarty ko\u015bci\u00f3\u0142 pw. Naj\u015bwi\u0119tszej Maryi Panny in Summo Posnaniensi, na Ostrowie Tumskim w&nbsp;Poznaniu. O godzinie 17.00 Ksi\u0105dz Arcybiskup Stanis\u0142aw G\u0105decki, Metropolita Pozna\u0144ski podczas celebrowanej Mszy \u015bw. dokona uroczystego po\u015bwiecenia o\u0142tarza i figury Matki Bo\u017cej. Cieszymy si\u0119 faktem, \u017ce jeden z najwi\u0119kszych zabytk\u00f3w Ko\u015bcio\u0142a w Polsce \u2013 \u015bwi\u0105tynia pw. Naj\u015bwi\u0119tszej Maryi Panny in Summo Posnaniensi \u2013 zostanie na nowo oddana Bogu, aby mog\u0142a si\u0119 w niej sprawowa\u0107 Eucharystia i modlitwa wiernych.<\/p>\n","protected":false},"excerpt":{"rendered":"<p>\u015aWI\u0118TO CHRZTU POLSKI PO\u015aWI\u0118CENIE O\u0141TARZA I FIGURY MATKI BO\u017bEJ W KO\u015aCIELE NAJ\u015aWI\u0118TSZEJ MARYI PANNY IN SUMMO POSNANIESI &nbsp;&nbsp;&nbsp;&nbsp;&nbsp;&nbsp;&nbsp;&nbsp;&nbsp;&nbsp;&nbsp; Dnia 14 kwietnia (\u015broda) 2021 roku \u2013 zgodnie z decyzj\u0105 Sejmu RP sprzed dw\u00f3ch lat \u2013 b\u0119dziemy obchodzili \u015awi\u0119to Chrztu Polski. &nbsp;&nbsp;&nbsp;&nbsp;&nbsp;&nbsp;&nbsp;&nbsp;&nbsp;&nbsp;&nbsp; Prezydent Andrzej Duda na Zgromadzeniu Narodowym w Poznaniu, 15 kwietnia 2016&nbsp;roku powiedzia\u0142: \u201eZgodnie z tradycj\u0105, &#8230; <span class=\"more\"><a class=\"more-link\" href=\"https:\/\/www.chnk.pl\/?p=3176\">czytaj wi\u0119cej<\/a><\/span><\/p>\n","protected":false},"author":3,"featured_media":0,"comment_status":"open","ping_status":"open","sticky":false,"template":"","format":"standard","meta":{"ngg_post_thumbnail":0,"footnotes":""},"categories":[1],"tags":[],"_links":{"self":[{"href":"https:\/\/www.chnk.pl\/index.php?rest_route=\/wp\/v2\/posts\/3176"}],"collection":[{"href":"https:\/\/www.chnk.pl\/index.php?rest_route=\/wp\/v2\/posts"}],"about":[{"href":"https:\/\/www.chnk.pl\/index.php?rest_route=\/wp\/v2\/types\/post"}],"author":[{"embeddable":true,"href":"https:\/\/www.chnk.pl\/index.php?rest_route=\/wp\/v2\/users\/3"}],"replies":[{"embeddable":true,"href":"https:\/\/www.chnk.pl\/index.php?rest_route=%2Fwp%2Fv2%2Fcomments&post=3176"}],"version-history":[{"count":1,"href":"https:\/\/www.chnk.pl\/index.php?rest_route=\/wp\/v2\/posts\/3176\/revisions"}],"predecessor-version":[{"id":3177,"href":"https:\/\/www.chnk.pl\/index.php?rest_route=\/wp\/v2\/posts\/3176\/revisions\/3177"}],"wp:attachment":[{"href":"https:\/\/www.chnk.pl\/index.php?rest_route=%2Fwp%2Fv2%2Fmedia&parent=3176"}],"wp:term":[{"taxonomy":"category","embeddable":true,"href":"https:\/\/www.chnk.pl\/index.php?rest_route=%2Fwp%2Fv2%2Fcategories&post=3176"},{"taxonomy":"post_tag","embeddable":true,"href":"https:\/\/www.chnk.pl\/index.php?rest_route=%2Fwp%2Fv2%2Ftags&post=3176"}],"curies":[{"name":"wp","href":"https:\/\/api.w.org\/{rel}","templated":true}]}}