{"id":3140,"date":"2021-03-27T21:01:40","date_gmt":"2021-03-27T21:01:40","guid":{"rendered":"http:\/\/www.chnk.pl\/?p=3140"},"modified":"2021-03-29T00:20:45","modified_gmt":"2021-03-29T00:20:45","slug":"6-niedziela-wielkiego-postu-2","status":"publish","type":"post","link":"https:\/\/www.chnk.pl\/?p=3140","title":{"rendered":"6 Niedziela Wielkiego Postu"},"content":{"rendered":"\r\n<h1><span style=\"font-size: 16px;\">OG\u0141OSZENIA DUSZPASTERSKIE<\/span><\/h1>\r\n<p>NIEDZIELA PALMOWA czyli M\u0118KI PA\u0143SKIEJ 5 kwietnia 2021 r.<\/p>\r\n<p>1.Limit obecno\u015bci w naszym ko\u015bciele &#8211; 35 os\u00f3b, do odwo\u0142ania.<\/p>\r\n<p>2. W Wielkim Tygodniu Biuro Parafialne czynne tylko w poniedzia\u0142ek od godz. 16.00 do 17.30. Sprawy pilne prosimy za\u0142atwia\u0107 po wieczornej Mszy \u015bw. &nbsp;<\/p>\r\n<p>3. Prosimy Pan\u00f3w o pomoc w przygotowaniu Grobu Pa\u0144skiego w poniedzia\u0142ek o godz. 19.00.<\/p>\r\n<p>4. Spowied\u017a \u015bw. w Wielkim Tygodniu:<\/p>\r\n<p>Wielki Poniedzia\u0142ek od godz. od 7.00 do 8.00,<\/p>\r\n<p>Wielki Wtorek od godz. 7.00 do 8.00 i 16.00 do 18.00,<\/p>\r\n<p>Wielka \u015aroda&nbsp; od godz. 7.00 do 8.00&nbsp; i&nbsp; od 15.00 do 19.00,<\/p>\r\n<p>Wielki Czwartek od godz. 7.00 do 8.00 i od 15.00 do 18.30,<\/p>\r\n<p>Wielki Pi\u0105tek od 16.00 do 18.30 i po Liturgii Wielkiego Pi\u0105tku do godz. 22.00<\/p>\r\n<p>Wielka Sobota od godz. 17.30 do 18.30&nbsp;<\/p>\r\n<p>5.&nbsp;&nbsp;&nbsp;&nbsp;&nbsp;&nbsp;&nbsp;&nbsp;&nbsp;&nbsp;&nbsp;&nbsp;&nbsp;&nbsp;&nbsp;&nbsp;&nbsp;&nbsp;&nbsp;&nbsp;&nbsp;&nbsp;&nbsp;&nbsp;&nbsp;&nbsp;&nbsp;&nbsp;&nbsp;&nbsp;&nbsp;&nbsp;&nbsp;&nbsp;&nbsp;&nbsp;&nbsp;&nbsp;&nbsp;&nbsp; <u>TRIDUUM PASCHALNE<\/u><\/p>\r\n<p>W Wielkim Tygodniu w czwartek, pi\u0105tek&nbsp; i sobot\u0119 Jutrznia o godz. 8.00. Wieczorne nabo\u017ce\u0144stwa b\u0119d\u0105 transmitowanie na parafialnej stronie internetowej.<\/p>\r\n<p>WIELKI CZWARTEK &#8211; Pami\u0105tka ustanowienia Naj\u015bwi\u0119tszej Eucharystii i Kap\u0142a\u0144stwa. Liturgia Wieczerzy Pa\u0144skiej o godz. 19.00. Adoracja w ciemnicy do godz. 22.00. Odpust zupe\u0142ny za odm\u00f3wienie hymnu \u201eS\u0142aw j\u0119zyku tajemnic\u0119\u201d.<\/p>\r\n<p>WIELKI PI\u0104TEK- Pami\u0105tka \u015amierci Pana Jezusa &#8211; obowi\u0105zuje post \u015bcis\u0142y od 18 do 60 roku \u017cycia i post zwyk\u0142y od 14 roku \u017cycia do \u015bmierci. Adoracja w ciemnicy od godz. 8.00 do 19.00. Droga Krzy\u017cowa o godz. 15.00 w ko\u015bciele. Koronka do Mi\u0142osierdzia Bo\u017cego&nbsp;&nbsp;&nbsp;&nbsp;&nbsp;&nbsp;&nbsp;&nbsp;&nbsp;&nbsp;&nbsp;&nbsp;&nbsp;&nbsp;&nbsp;&nbsp;&nbsp;&nbsp;&nbsp; o godz. 16.00. Liturgia M\u0119ki Pa\u0144skiej o godz. 19.00. Adoracja przy Grobie Pa\u0144skim do godz. 22.00.&nbsp; Odpust zupe\u0142ny za adoracj\u0119 krzy\u017ca podczas obrz\u0119d\u00f3w Liturgii Wielkiego Pi\u0105tku.<\/p>\r\n<p>WIELKA SOBOTA Adoracja przy Grobie Pa\u0144skim od godz. 8.00 do 19.30. \u015awi\u0119cenie potraw co godzin\u0119 od 11.00 do 16.00 na placu przed wej\u015bciem do budynku parafialnego, przy zachowaniu 2 metrowego dystansu; nie zapominamy o adoracji przy Grobie Pa\u0144skim zachowuj\u0105c re\u017cim sanitarny. Zaleca si\u0119 zachowanie postu zwyk\u0142ego w Wielk\u0105 Sobot\u0119.<\/p>\r\n<p>WIELKANOC &#8211; Liturgia Paschalna o godz. 20.00 zako\u0144czona procesj\u0105. (przynosimy \u015bwiece). Odpust zupe\u0142ny za odnowienie przyrzecze\u0144 chrzcielnych. Rezurekcja o godz. 6.00 (najpierw msza \u015bw. rezurekcyjna i po mszy \u015bw. procesja). Nie b\u0119dzie Mszy \u015bw. o godz. 8.00. Dalsze godziny odprawiania Mszy \u015bw. jak w ka\u017cd\u0105 niedziel\u0119. W drugie \u015bwi\u0119to Wielkanocy msza \u015bw. jak w niedziel\u0119. Ofiary przeznaczone s\u0105 na KUL.&nbsp;<\/p>\r\n<p>6. Przy zakrystii: <em>Przewodnik Katolicki <\/em>(z modlitewnikiem na kwiecie\u0144)<em>, Go\u015b\u0107 Niedzielny, Ma\u0142y Przewodnik Katolicki, Mi\u0142ujcie si\u0119 i Ziarno, paschaliki wielkanocne.<\/em><\/p>\r\n<ol start=\"7\">\r\n<li>\r\n<p>Celebracje \u015awi\u0119tego Triduum Paschalnego sprawowane w katedrze pozna\u0144skiej pod przewodnictwem Ksi\u0119dza Arcybiskupa Metropolity transmitowane b\u0119d\u0105 przez Radio Emaus i TVP Pozna\u0144: Msza Wieczerzy Pa\u0144skiej o godz. 17.30, Liturgia M\u0119ki Pa\u0144skiej o godz. 17.00 i Wigilia Paschalna o godz. 22.00. \u201eLiturgia domowa\u201d. W celu lepszego prze\u017cycia modlitwy w domach podczas Wielkiego Tygodnia i Niedziel Wielkanocnych zach\u0119camy Parafian do korzystania z propozycji umieszczonych na stronie internetowej <a href=\"http:\/\/www.swietawdomu.pl\/\">www.swietawdomu.pl<\/a> .<\/p>\r\n<\/li>\r\n<li>\r\n<p>M\u00f3dlmy si\u0119 za zmar\u0142ych Parafian. Za \u015bp. Antoniego Grefa, os. Lecha 15 (msza \u015bw. pogrzebowa w poniedzia\u0142ek o godz. 11.30, \u015bp. Witolda Dutkiewicza, os. Lecha 119 (msza \u015bw. pogrzebowa 6 kwietnia, o godz. 9.30)i \u015bp. Krystyny Kroczak, os. Lecha 95. Dobry Jezu, a nasz Panie, daj im wieczne spoczywanie.<\/p>\r\n<\/li>\r\n<\/ol>\r\n\r\n","protected":false},"excerpt":{"rendered":"<p>OG\u0141OSZENIA DUSZPASTERSKIE NIEDZIELA PALMOWA czyli M\u0118KI PA\u0143SKIEJ 5 kwietnia 2021 r. 1.Limit obecno\u015bci w naszym ko\u015bciele &#8211; 35 os\u00f3b, do odwo\u0142ania. 2. W Wielkim Tygodniu Biuro Parafialne czynne tylko w poniedzia\u0142ek od godz. 16.00 do 17.30. Sprawy pilne prosimy za\u0142atwia\u0107 po wieczornej Mszy \u015bw. &nbsp; 3. Prosimy Pan\u00f3w o pomoc w przygotowaniu Grobu Pa\u0144skiego w &#8230; <span class=\"more\"><a class=\"more-link\" href=\"https:\/\/www.chnk.pl\/?p=3140\">czytaj wi\u0119cej<\/a><\/span><\/p>\n","protected":false},"author":3,"featured_media":0,"comment_status":"open","ping_status":"open","sticky":false,"template":"","format":"standard","meta":{"ngg_post_thumbnail":0,"footnotes":""},"categories":[3],"tags":[],"_links":{"self":[{"href":"https:\/\/www.chnk.pl\/index.php?rest_route=\/wp\/v2\/posts\/3140"}],"collection":[{"href":"https:\/\/www.chnk.pl\/index.php?rest_route=\/wp\/v2\/posts"}],"about":[{"href":"https:\/\/www.chnk.pl\/index.php?rest_route=\/wp\/v2\/types\/post"}],"author":[{"embeddable":true,"href":"https:\/\/www.chnk.pl\/index.php?rest_route=\/wp\/v2\/users\/3"}],"replies":[{"embeddable":true,"href":"https:\/\/www.chnk.pl\/index.php?rest_route=%2Fwp%2Fv2%2Fcomments&post=3140"}],"version-history":[{"count":7,"href":"https:\/\/www.chnk.pl\/index.php?rest_route=\/wp\/v2\/posts\/3140\/revisions"}],"predecessor-version":[{"id":3160,"href":"https:\/\/www.chnk.pl\/index.php?rest_route=\/wp\/v2\/posts\/3140\/revisions\/3160"}],"wp:attachment":[{"href":"https:\/\/www.chnk.pl\/index.php?rest_route=%2Fwp%2Fv2%2Fmedia&parent=3140"}],"wp:term":[{"taxonomy":"category","embeddable":true,"href":"https:\/\/www.chnk.pl\/index.php?rest_route=%2Fwp%2Fv2%2Fcategories&post=3140"},{"taxonomy":"post_tag","embeddable":true,"href":"https:\/\/www.chnk.pl\/index.php?rest_route=%2Fwp%2Fv2%2Ftags&post=3140"}],"curies":[{"name":"wp","href":"https:\/\/api.w.org\/{rel}","templated":true}]}}