{"id":3131,"date":"2021-03-20T20:44:50","date_gmt":"2021-03-20T20:44:50","guid":{"rendered":"http:\/\/www.chnk.pl\/?p=3131"},"modified":"2021-03-20T20:44:50","modified_gmt":"2021-03-20T20:44:50","slug":"5-niedziela-wielkiego-postu-4","status":"publish","type":"post","link":"https:\/\/www.chnk.pl\/?p=3131","title":{"rendered":"5 Niedziela Wielkiego Postu"},"content":{"rendered":"\n<p><strong>OG\u0141OSZENIA DUSZPASTERSKIE<\/strong><\/p>\n<p><strong>NIEDZIELA V WIELKIEGO POSTU<\/strong><\/p>\n<p><strong>21 marca 2021 <\/strong><strong>r.<\/strong><\/p>\n<ol>\n<li>W czwartek uroczysto\u015b\u0107 Zwiastowania Pa\u0144skiego, Dzie\u0144 \u015awi\u0119to\u015bci \u017bycia. Msza \u015bw. o godz. 8.00 i 18.00. Adoracja Naj\u015bw. Sakramentu po mszy \u015bw. wieczornej do godz. 19.30 w intencji poszanowania \u017cycia ludzkiego. Ofiary przeznaczone na Fundusz Obrony \u017bycia.&nbsp;&nbsp;&nbsp;&nbsp;&nbsp;&nbsp;&nbsp;&nbsp;&nbsp;&nbsp;&nbsp;&nbsp;&nbsp;&nbsp;&nbsp;&nbsp;&nbsp;&nbsp; W dniach od 19 do 25 marca 2021 roku, w ramach obchod\u00f3w Jubileuszowego Roku \u015bw.&nbsp;J\u00f3zefa, trwa w Polsce TYDZIE\u0143 MODLITW O OCHRON\u0118 \u017bYCIA, kt\u00f3ry zosta\u0142 przygotowany przez Polskie Stowarzyszenie Obro\u0144c\u00f3w \u017bycia Cz\u0142owieka. Zach\u0119camy do modlitwy o poszanowanie \u017cycia ludzkiego od pocz\u0119cia, a\u017c do naturalnej \u015bmierci. Zach\u0119camy do prywatnej, osobistej duchowej adopcji dziecka pocz\u0119tego wed\u0142ug dotychczasowego zwyczaju.<\/li>\n<li>W \u015brod\u0119 na godzin\u0119 19.00 zapraszamy Pan\u00f3w do pomocy w przygotowaniu ciemnicy.<\/li>\n<li>Biuro Parafialna w czwartek nieczynne z powodu pogrzeb\u00f3w. Sprawy pilne prosimy za\u0142atwia\u0107 w czwartek od godz.16.00 do 17.30.<\/li>\n<li>Czwartkowe spotkania dzieci pierwszokomunijnych odwo\u0142ane do czasu rozpocz\u0119cia nauki w szkole.<\/li>\n<li>DROGA KRZY\u017bOWA w pi\u0105tki Wielkiego Postu: dla dzieci godz. 16.30, dla doros\u0142ych: po porannej mszy \u015bw. i o godz. 17.30. GORZKIE \u017bALE w niedziele o godz. 15.30.<\/li>\n<li>Okazja do spowiedzi \u015bw. p\u00f3\u0142 godziny przed ka\u017cd\u0105 msz\u0105 \u015bw. oraz w pi\u0105tek od godz. 16.00 do godz. 18.00 i w sobot\u0119 od godz. 16.00 do godz.18.00, w salce parafialnej.<\/li>\n<li>Prosimy zg\u0142asza\u0107 chorych i starszych parafian do komunii \u015bw. wielkanocnej, na sobot\u0119 przed Niedziel\u0105 Palmow\u0105 od godz. 9.00. Dodatkowo odwiedziny chorych: w pi\u0105tek grupa pierwszopi\u0105tkowa i w sobot\u0119 grupa pierwszosobotnia wed\u0142ug sta\u0142ego planu.<\/li>\n<li>W Niedziel\u0119 Palmow\u0105, przed ko\u015bcio\u0142em mo\u017cliwo\u015b\u0107 z\u0142o\u017cenia ofiary na kwiaty do Grobu Pa\u0144skiego. Palmy na Niedziel\u0119 Palmow\u0105 prosimy przygotowa\u0107 we w\u0142asnym zakresie.<\/li>\n<li>Redakcja Audycji Katolickich TVP przygotowuj w cykl spotka\u0144 rekolekcyjnych dla dzieci 22-24 marca (poniedzia\u0142ek- \u015broda) godz. 9.30, TVP3; dla m\u0142odzie\u017cy 22-24 marca (poniedzia\u0142ek-\u015broda) godz. 12.30, TVP3 i dla doros\u0142ych 26-28 marca (pi\u0105tek-niedziela) godz. 20.30, TVP3. Informacja na tablicy og\u0142osze\u0144.<\/li>\n<li>Wsp\u00f3lnota Wojownicy Maryi w dniach 25-26.03. organizuje w parafii Nawiedzenia NMP w Poznaniu &#8211; 24 Godziny M\u0119ki Pa\u0144skiej wg Luizy Piccarrety. Rozpocz\u0119cie modlitwy w g\u00f3rnym ko\u015bciele o godzinie 15.30 msz\u0105 \u015bw. kt\u00f3rej b\u0119dzie przewodniczy\u0142 ks. bp. Szymon Stu\u0142kowski. Po mszy \u015bw., o godzinie 17.00, w dolnym ko\u015bciele, rozpocz\u0119cie Adoracji Naj\u015bwi\u0119tszego Sakramentu do godziny 17.00 nast\u0119pnego dnia.<\/li>\n<li>Misterium M\u0119ki Pa\u0144skiej, ze wzgl\u0119du na panuj\u0105c\u0105 sytuacj\u0119, nie odb\u0119dzie si\u0119 na \u017cywo. Premierowy pokaz Misterium z 2019 r. <u>w najbli\u017csz\u0105 sobot\u0119 27 marca o godz. 20.00 na stronie internetowej <\/u><a href=\"http:\/\/www.misterium.eu\/\">www.misterium.eu<\/a><u>.<\/u> Zapraszamy aby w taki spos\u00f3b rozpocz\u0105\u0107 Wielki Tydzie\u0144.<\/li>\n<li><strong>8<\/strong><strong>.<\/strong> B\u00f3g zap\u0142a\u0107 za ofiary na danin\u0119 diecezjaln\u0105.<\/li>\n<li>Przy zakrystii: Przewodnik Katolicki, Mi\u0142ujcie si\u0119, Go\u015b\u0107 Niedzielny, Go\u015b\u0107 Niedzielny Extra (o \u015bw. J\u00f3zefie), Ziarno, karty \u015bwi\u0105teczne z religijnymi motywami Wielkanocy, koperty na danin\u0119 diecezjaln\u0105 i paschaliki na st\u00f3\u0142 wielkanocny.<\/li>\n<li>M\u00f3dlmy si\u0119 za zmar\u0142ych Parafian. Za dusz\u0119 \u015bp. Jolanty Lach, os. Lecha 35 (msza \u015bw. pogrzebowa w \u015brod\u0119 o godz. 10.30), za \u015bp. Alojzego Cechelta, os. Lecha 82 ( msza \u015bw. pogrzebowa w czwartek o godz. 12.00) i dusz\u0119 \u015bp. Heleny Wleklik, os. Lecha 124 ( msza \u015bw. pogrzebowa w kaplicy cmentarnej w Sk\u00f3rzwie, w czwartek o godz. 11.30). Wieczny odpoczynek racz zmar\u0142ym da\u0107 Panie.<\/li>\n<\/ol>\n","protected":false},"excerpt":{"rendered":"<p>OG\u0141OSZENIA DUSZPASTERSKIE NIEDZIELA V WIELKIEGO POSTU 21 marca 2021 r. W czwartek uroczysto\u015b\u0107 Zwiastowania Pa\u0144skiego, Dzie\u0144 \u015awi\u0119to\u015bci \u017bycia. Msza \u015bw. o godz. 8.00 i 18.00. Adoracja Naj\u015bw. Sakramentu po mszy \u015bw. wieczornej do godz. 19.30 w intencji poszanowania \u017cycia ludzkiego. Ofiary przeznaczone na Fundusz Obrony \u017bycia.&nbsp;&nbsp;&nbsp;&nbsp;&nbsp;&nbsp;&nbsp;&nbsp;&nbsp;&nbsp;&nbsp;&nbsp;&nbsp;&nbsp;&nbsp;&nbsp;&nbsp;&nbsp; W dniach od 19 do 25 marca 2021 roku, &#8230; <span class=\"more\"><a class=\"more-link\" href=\"https:\/\/www.chnk.pl\/?p=3131\">czytaj wi\u0119cej<\/a><\/span><\/p>\n","protected":false},"author":3,"featured_media":0,"comment_status":"open","ping_status":"open","sticky":false,"template":"","format":"standard","meta":{"ngg_post_thumbnail":0,"footnotes":""},"categories":[1],"tags":[],"_links":{"self":[{"href":"https:\/\/www.chnk.pl\/index.php?rest_route=\/wp\/v2\/posts\/3131"}],"collection":[{"href":"https:\/\/www.chnk.pl\/index.php?rest_route=\/wp\/v2\/posts"}],"about":[{"href":"https:\/\/www.chnk.pl\/index.php?rest_route=\/wp\/v2\/types\/post"}],"author":[{"embeddable":true,"href":"https:\/\/www.chnk.pl\/index.php?rest_route=\/wp\/v2\/users\/3"}],"replies":[{"embeddable":true,"href":"https:\/\/www.chnk.pl\/index.php?rest_route=%2Fwp%2Fv2%2Fcomments&post=3131"}],"version-history":[{"count":1,"href":"https:\/\/www.chnk.pl\/index.php?rest_route=\/wp\/v2\/posts\/3131\/revisions"}],"predecessor-version":[{"id":3132,"href":"https:\/\/www.chnk.pl\/index.php?rest_route=\/wp\/v2\/posts\/3131\/revisions\/3132"}],"wp:attachment":[{"href":"https:\/\/www.chnk.pl\/index.php?rest_route=%2Fwp%2Fv2%2Fmedia&parent=3131"}],"wp:term":[{"taxonomy":"category","embeddable":true,"href":"https:\/\/www.chnk.pl\/index.php?rest_route=%2Fwp%2Fv2%2Fcategories&post=3131"},{"taxonomy":"post_tag","embeddable":true,"href":"https:\/\/www.chnk.pl\/index.php?rest_route=%2Fwp%2Fv2%2Ftags&post=3131"}],"curies":[{"name":"wp","href":"https:\/\/api.w.org\/{rel}","templated":true}]}}