{"id":3125,"date":"2021-03-13T22:00:35","date_gmt":"2021-03-13T22:00:35","guid":{"rendered":"http:\/\/www.chnk.pl\/?p=3125"},"modified":"2021-03-13T22:00:35","modified_gmt":"2021-03-13T22:00:35","slug":"4-niedziela-wielkiego-postu-3","status":"publish","type":"post","link":"https:\/\/www.chnk.pl\/?p=3125","title":{"rendered":"4 Niedziela Wielkiego Postu"},"content":{"rendered":"\n<p><strong>OG\u0141OSZENIA DUSZPASTERSKIE<\/strong><\/p>\n<p><strong>NIEDZIELA IV WIELKIEGO POSTU<\/strong><\/p>\n<p><strong>14 marca 2021 r.<\/strong><\/p>\n<ol>\n<li>PRZEPISY POSTNE. Wierni, kt\u00f3rzy uko\u0144czyli 14 rok \u017cycia, s\u0105 zobowi\u0105zani do do zachowania w ci\u0105gu ca\u0142ego \u017cycia wstrzemi\u0119\u017aliwo\u015bci od pokarm\u00f3w mi\u0119snych we wszystkie pi\u0105tki ca\u0142ego roku i w \u015arod\u0119 Popielcow\u0105. Wstrzemi\u0119\u017aliwo\u015b\u0107 nie obowi\u0105zuje, je\u017celi w pi\u0105tek przypada uroczysto\u015b\u0107 ko\u015bcielna. Wierni, kt\u00f3rzy uko\u0144czyli 18 rok \u017cycia, a\u017c do rozpocz\u0119cia 60 roku \u017cycia, opr\u00f3cz wstrzemi\u0119\u017aliwo\u015bci od pokarm\u00f3w mi\u0119snych s\u0105 zobowi\u0105zani do zachowania postu \u015bcis\u0142ego w \u015arod\u0119 Popielcow\u0105 i Wielki Pi\u0105tek. Post \u015bcis\u0142y pozwala na jednorazowy posi\u0142ek do syta oraz dwa skromne posi\u0142ki w ci\u0105gu dnia. Wierni, kt\u00f3rzy nie maj\u0105 mo\u017cliwo\u015bci wyboru pokarm\u00f3w i musz\u0105 spo\u017cywa\u0107 to, co zostanie im podane, mog\u0105 korzysta\u0107 z dyspensy od obowi\u0105zku wstrzymania si\u0119 od potraw mi\u0119snych w pi\u0105tki ca\u0142ego roku. Taka dyspensa nie istnieje w \u015arod\u0119 Popielcow\u0105 i Wielki Pi\u0105tek. Niemo\u017cno\u015b\u0107 zachowania wstrzemi\u0119\u017aliwo\u015bci w pi\u0105tek zak\u0142ada jednak podj\u0119cie innych form pokuty, takich jak: modlitwa, ja\u0142mu\u017cna, uczynki pobo\u017cno\u015bci i mi\u0142o\u015bci, wierniejsze spe\u0142nianie obowi\u0105zk\u00f3w.<\/li>\n<li>Spotkanie dzieci pierwszokomunijnych przed pierwsz\u0105 spowiedzi\u0105 \u015bw. w czwartek: o godz. 15.45 klasa 3c, o godz. 16.45 klasy 3a i 3d, oraz o godz. 17.45 klasy 3b i 3-e inne szko\u0142y.<\/li>\n<li>Msza \u015bw. o uzdrowienie duszy i cia\u0142a w czwartek o godz. 19.15. Zapisane intencje mo\u017cna z\u0142o\u017cy\u0107 pod ch\u00f3rem.<\/li>\n<li>DROGA KRZY\u017bOWA w pi\u0105tki Wielkiego Postu: dla dzieci godz. 16.30, dla doros\u0142ych: po porannej mszy \u015bw. i o godz. 17.30. GORZKIE \u017bALE w niedziele o godz. 15.30.<\/li>\n<li>W pi\u0105tek Uroczysto\u015b\u0107 \u015bw. J\u00f3zefa. W naszej Parafii po rannej mszy \u015bw. Droga Krzy\u017cowa, procesja salety\u0144ska, wystawienie Naj\u015bwi\u0119tszego Sakramentu i ca\u0142odzienna adoracja do godz. 20.00. Plan adoracji: g. 9.00 &#8211; Apostolstwo Do\u00adbrej \u015amierci, g. 10.00 &#8211; Parafianie z blok\u00f3w 15 do 20, g. 11.00 &#8211; Parafianie z blok\u00f3w 122 do 129, g. 12.00 Anio\u0142 Pa\u0144ski i bloki 39, 40, 42, g. 13.00 &#8211; Wsp\u00f3lnoty r\u00f3\u017ca\u0144cowe, g. 14.00 Parafianie z blok\u00f3w czteropi\u0119trowych, g. 15.00 &#8211; Koronka do Mi\u0142osierdzia Bo\u017cego, g. 16.00 &#8211; M\u0142odzie\u017c i kandydaci do bierzmowania z rodzicami,&nbsp;&nbsp;&nbsp;&nbsp; g. 16.30 &#8211; dzieci, g. 17.30 \u2013 Droga Krzy\u017cowa, msza \u015bw. i adoracja do 20.00. Plan ad\u00adoracji nale\u017cy traktowa\u0107 ramowo. Nie mo\u017cna zlekcewa\u017cy\u0107&nbsp; dnia uroczystej czci oddawanej Panu Jezusowi w Naj\u015bwi\u0119tszym Sakramencie. Okazja do spowiedzi \u015bw. od godz. 9.00 do 10.00, od godz. 16.00 do 17.45 i od 19.00 do 20.00. Nie obowi\u0105zuje post.<\/li>\n<li>W przysz\u0142\u0105 niedziel\u0119, na mszy \u015bw. o godz. 9.30, podejmiemy duchow\u0105 adopcji dziecka nienarodzonego. Mo\u017cna do\u0142\u0105czy\u0107 do grupy modlitewnej i zadeklarowa\u0107 zobowi\u0105zanie modlitewne w tygodniu po mszy \u015bw. i w najbli\u017csze niedziele przed msz\u0105 \u015bw. o godz. 9.30. &nbsp;Od 19 do 25 marca 2021 roku, w ramach obchod\u00f3w Jubileuszowego Roku \u015bw.&nbsp;J\u00f3zefa, trwa\u0107 b\u0119dzie w Polsce TYDZIE\u0143 MODLITW O OCHRON\u0118 \u017bYCIA.<\/li>\n<li>Prosimy zg\u0142asza\u0107 chorych i starszych parafian do komunii \u015bw. wielkanocnej, na sobot\u0119 przed Niedziel\u0105 Palmow\u0105.<\/li>\n<li>Schola dzieci\u0119ca przygotowuje liturgi\u0119 mszy \u015bw. w przysz\u0142\u0105 niedziel\u0119 o godz. 11.15. Ch\u0119tne do \u015bpiewu dzieci zapraszamy na pr\u00f3b\u0119 w przysz\u0142\u0105 niedziel\u0119 o godz. 10.30 na ch\u00f3rze.<\/li>\n<li>Przy zakrystii: <em>Przewodnik Katolicki<\/em>, <em>Ma\u0142y Przewodnik<\/em>, <em>Go\u015b\u0107 Niedzielny <\/em>oraz koperty na danin\u0119 diecezjaln\u0105, poczt\u00f3wki i paschaliki wielkanocne.<\/li>\n<li>M\u00f3dlmy si\u0119 za zmar\u0142ych Parafian. Za dusz\u0119 \u015bp. Marii Drapi\u0144skiej, os. Lecha 20, \u015bp. Izabeli Mrugasiewicz, os. Lecha 78 ( msza \u015bw. pogrzebowa w poniedzia\u0142ek o godz. 12.30), dusz\u0119 \u015bp. Heleny Kapitan, os. Lecha 4 (msza \u015bw. pogrzebowa w poniedzia\u0142ek o godz. 11.00), dusz\u0119 \u015bp. Lecha Krupki, os. Lecha 18 (msza \u015bw. pogrzebowa w czwartek o godz. 11.00). Wieczny odpoczynek racz zmar\u0142ym da\u0107 Panie.<br \/><br \/><br \/><\/li>\n<\/ol>\n","protected":false},"excerpt":{"rendered":"<p>OG\u0141OSZENIA DUSZPASTERSKIE NIEDZIELA IV WIELKIEGO POSTU 14 marca 2021 r. PRZEPISY POSTNE. Wierni, kt\u00f3rzy uko\u0144czyli 14 rok \u017cycia, s\u0105 zobowi\u0105zani do do zachowania w ci\u0105gu ca\u0142ego \u017cycia wstrzemi\u0119\u017aliwo\u015bci od pokarm\u00f3w mi\u0119snych we wszystkie pi\u0105tki ca\u0142ego roku i w \u015arod\u0119 Popielcow\u0105. Wstrzemi\u0119\u017aliwo\u015b\u0107 nie obowi\u0105zuje, je\u017celi w pi\u0105tek przypada uroczysto\u015b\u0107 ko\u015bcielna. Wierni, kt\u00f3rzy uko\u0144czyli 18 rok \u017cycia, &#8230; <span class=\"more\"><a class=\"more-link\" href=\"https:\/\/www.chnk.pl\/?p=3125\">czytaj wi\u0119cej<\/a><\/span><\/p>\n","protected":false},"author":3,"featured_media":0,"comment_status":"open","ping_status":"open","sticky":false,"template":"","format":"standard","meta":{"ngg_post_thumbnail":0,"footnotes":""},"categories":[1],"tags":[],"_links":{"self":[{"href":"https:\/\/www.chnk.pl\/index.php?rest_route=\/wp\/v2\/posts\/3125"}],"collection":[{"href":"https:\/\/www.chnk.pl\/index.php?rest_route=\/wp\/v2\/posts"}],"about":[{"href":"https:\/\/www.chnk.pl\/index.php?rest_route=\/wp\/v2\/types\/post"}],"author":[{"embeddable":true,"href":"https:\/\/www.chnk.pl\/index.php?rest_route=\/wp\/v2\/users\/3"}],"replies":[{"embeddable":true,"href":"https:\/\/www.chnk.pl\/index.php?rest_route=%2Fwp%2Fv2%2Fcomments&post=3125"}],"version-history":[{"count":1,"href":"https:\/\/www.chnk.pl\/index.php?rest_route=\/wp\/v2\/posts\/3125\/revisions"}],"predecessor-version":[{"id":3126,"href":"https:\/\/www.chnk.pl\/index.php?rest_route=\/wp\/v2\/posts\/3125\/revisions\/3126"}],"wp:attachment":[{"href":"https:\/\/www.chnk.pl\/index.php?rest_route=%2Fwp%2Fv2%2Fmedia&parent=3125"}],"wp:term":[{"taxonomy":"category","embeddable":true,"href":"https:\/\/www.chnk.pl\/index.php?rest_route=%2Fwp%2Fv2%2Fcategories&post=3125"},{"taxonomy":"post_tag","embeddable":true,"href":"https:\/\/www.chnk.pl\/index.php?rest_route=%2Fwp%2Fv2%2Ftags&post=3125"}],"curies":[{"name":"wp","href":"https:\/\/api.w.org\/{rel}","templated":true}]}}