{"id":3121,"date":"2021-03-06T18:44:53","date_gmt":"2021-03-06T18:44:53","guid":{"rendered":"http:\/\/www.chnk.pl\/?p=3121"},"modified":"2021-03-06T18:44:53","modified_gmt":"2021-03-06T18:44:53","slug":"3-niedziela-wielkiego-postu-3","status":"publish","type":"post","link":"https:\/\/www.chnk.pl\/?p=3121","title":{"rendered":"3 Niedziela Wielkiego Postu"},"content":{"rendered":"\n<p><strong>OG\u0141OSZENIA DUSZPASTERSKIE<\/strong><\/p>\n<p><strong>&nbsp;<\/strong><\/p>\n<p><strong>Niedziela III Wielkiego Postu<\/strong><\/p>\n<p><strong>&nbsp;&nbsp;&nbsp;&nbsp;&nbsp;&nbsp;&nbsp;&nbsp;&nbsp;&nbsp;&nbsp;&nbsp;&nbsp;&nbsp;&nbsp;&nbsp;&nbsp;&nbsp;&nbsp;&nbsp;&nbsp;&nbsp;&nbsp;&nbsp;&nbsp;&nbsp;&nbsp;&nbsp;&nbsp;&nbsp;&nbsp;&nbsp;&nbsp;&nbsp;&nbsp;&nbsp;&nbsp;&nbsp;&nbsp;&nbsp;&nbsp;&nbsp;&nbsp;&nbsp;&nbsp;&nbsp;&nbsp;&nbsp;&nbsp;&nbsp;&nbsp;&nbsp;&nbsp;&nbsp;&nbsp;&nbsp;&nbsp;&nbsp;&nbsp;&nbsp;&nbsp;&nbsp;&nbsp;&nbsp;&nbsp;&nbsp;&nbsp;&nbsp;&nbsp;&nbsp;&nbsp;&nbsp;&nbsp;&nbsp;&nbsp;&nbsp;&nbsp;&nbsp;&nbsp;&nbsp;&nbsp;&nbsp;&nbsp;&nbsp;&nbsp;&nbsp;&nbsp;&nbsp;&nbsp;&nbsp; 7 marca 2021 r.<\/strong><\/p>\n<p><strong>&nbsp;<\/strong><\/p>\n<ol>\n<li><strong>DROGA KRZY\u017bOWA<\/strong> w pi\u0105tki Wielkiego Postu: dla dzieci godz. 16.30, dla doros\u0142ych po porannej mszy \u015bw. i o godz. 17.30.<\/li>\n<\/ol>\n<p><strong>GORZKIE \u017bALE <\/strong>w niedziele Wielkiego Postu o godz. 15.30.<\/p>\n<ol start=\"2\">\n<li>W poniedzia\u0142ek, 8 marca o godz. 19:30, biskup Szymon Stu\u0142kowski odprawi w Jasnog\u00f3rskim sanktuarium msz\u0119 \u015bw. w intencji tegorocznych maturzyst\u00f3w z Archidiecezji Pozna\u0144skiej. W modlitwie we\u017amie udzia\u0142 delegacja m\u0142odzie\u017cy z Archidiecezji Pozna\u0144skiej, kt\u00f3ra w imieniu tegorocznych maturzyst\u00f3w dokona zawierzenia egzamin\u00f3w opiece Matki Bo\u017cej podczas Apelu Jasnog\u00f3rskiego o godz. 21:00. Mo\u017cliwo\u015b\u0107 uczestniczenia w tym wydarzeniu dzi\u0119ki transmisji internetowej, kt\u00f3ra b\u0119dzie si\u0119 odbywa\u0107 na stronie \u201ejasnagora.pl\u201d. Apel Jasnog\u00f3rski b\u0119dzie dodatkowo transmitowany przez Telewizj\u0119 Trwam. Maturzyst\u00f3w, ich rodzic\u00f3w i dziadk\u00f3w zach\u0119camy do wsp\u00f3lnej modlitwy w tej intencji.<\/li>\n<li>Spotkanie dzieci pierwszokomunijnych przed pierwsz\u0105 spowiedzi\u0105 \u015bw. w czwartek: o godz. 15.45 klasa 3c, o godz. 16.45 klasy 3a i 3d, oraz o godz. 17.45 klasy 3b i 3-e inne szko\u0142y.<\/li>\n<li>Prosimy zg\u0142asza\u0107 chorych i starszych parafian do komunii \u015bw. wielkanocnej, na sobot\u0119 przed Niedziel\u0105 Palmow\u0105.<\/li>\n<li>Okazja do spowiedzi \u015bw. w soboty od godz. 16.00 do 18.00 i ka\u017cdego dnia p\u00f3\u0142 godziny przed msz\u0105 \u015bw. Trwa ju\u017c czas spowiedzi i komunii \u015bw. wielkanocnej.<\/li>\n<li>Duchowa adopcja dziecka nienarodzonego. W niedziel\u0119 21 marca na mszy \u015bw. o godz. 9.30, grupa parafian podejmie modlitw\u0119 duchowej adopcji dziecka nienarodzonego. Podj\u0119cie modlitwy w tej intencji i do\u0142\u0105czenie do grupy modlitewnej mo\u017cna zadeklarowa\u0107 w tygodniu po mszy \u015bw. i w najbli\u017csze niedziele przed msz\u0105 \u015bw. o godz. 9.30. W dniach od 19 do 25 marca 2021 roku, w ramach obchod\u00f3w Jubileuszowego Roku \u015bw.&nbsp;J\u00f3zefa, trwa\u0107 b\u0119dzie w Polsce TYDZIE\u0143 MODLITW O OCHRON\u0118 \u017bYCIA, kt\u00f3ry zosta\u0142 przygotowany przez Polskie Stowarzyszenie Obro\u0144c\u00f3w \u017bycia Cz\u0142owieka w Krakowie.<\/li>\n<li>B\u00f3g zap\u0142a\u0107 za ofiary sk\u0142adane na utrzymanie naszego ko\u015bcio\u0142a. W Wielkim Po\u015bcie sk\u0142adamy ofiary na danin\u0119 diecezjaln\u0105, kt\u00f3ra jest przeznaczona na utrzymanie centralnych instytucji diecezjalnych tzn. Seminarium Duchownego, Domu Ksi\u0119\u017cy Emeryt\u00f3w, Muzeum i Archiwum, Katedry, Kurii Metropolitalnej i na Caritas. Koperty na danin\u0119 diecezjaln\u0105 z \u017c\u00f3\u0142t\u0105 kartk\u0105 na cele parafialne mo\u017cna odbiera\u0107 przy zakrystii i pod ch\u00f3rem.<\/li>\n<li>Zach\u0119camy do czytania prasy katolickiej: Przy zakrystii: <em>Przewodnik Katolicki, Ma\u0142y Przewodnik Katolicki, Go\u015b\u0107 Niedzielny, Go\u015b\u0107 Extra <\/em>(o \u015bw. J\u00f3zefie),<em> Mi\u0142ujcie si\u0119,<\/em> gazetka parafialna, paschaliki na st\u00f3\u0142 wielkanocny i poczt\u00f3wki z motywami Zmartwychwstania Pa\u0144skiego<\/li>\n<\/ol>\n<p><strong>&nbsp;<\/strong><\/p>\n<p>&nbsp;<\/p>\n<p>&nbsp;<\/p>\n<p>&nbsp;<\/p>\n","protected":false},"excerpt":{"rendered":"<p>OG\u0141OSZENIA DUSZPASTERSKIE &nbsp; Niedziela III Wielkiego Postu &nbsp;&nbsp;&nbsp;&nbsp;&nbsp;&nbsp;&nbsp;&nbsp;&nbsp;&nbsp;&nbsp;&nbsp;&nbsp;&nbsp;&nbsp;&nbsp;&nbsp;&nbsp;&nbsp;&nbsp;&nbsp;&nbsp;&nbsp;&nbsp;&nbsp;&nbsp;&nbsp;&nbsp;&nbsp;&nbsp;&nbsp;&nbsp;&nbsp;&nbsp;&nbsp;&nbsp;&nbsp;&nbsp;&nbsp;&nbsp;&nbsp;&nbsp;&nbsp;&nbsp;&nbsp;&nbsp;&nbsp;&nbsp;&nbsp;&nbsp;&nbsp;&nbsp;&nbsp;&nbsp;&nbsp;&nbsp;&nbsp;&nbsp;&nbsp;&nbsp;&nbsp;&nbsp;&nbsp;&nbsp;&nbsp;&nbsp;&nbsp;&nbsp;&nbsp;&nbsp;&nbsp;&nbsp;&nbsp;&nbsp;&nbsp;&nbsp;&nbsp;&nbsp;&nbsp;&nbsp;&nbsp;&nbsp;&nbsp;&nbsp;&nbsp;&nbsp;&nbsp;&nbsp;&nbsp;&nbsp; 7 marca 2021 r. &nbsp; DROGA KRZY\u017bOWA w pi\u0105tki Wielkiego Postu: dla dzieci godz. 16.30, dla doros\u0142ych po porannej mszy \u015bw. i o godz. 17.30. GORZKIE \u017bALE w niedziele Wielkiego Postu o godz. 15.30. W poniedzia\u0142ek, 8 marca o godz. 19:30, biskup Szymon Stu\u0142kowski odprawi w Jasnog\u00f3rskim &#8230; <span class=\"more\"><a class=\"more-link\" href=\"https:\/\/www.chnk.pl\/?p=3121\">czytaj wi\u0119cej<\/a><\/span><\/p>\n","protected":false},"author":3,"featured_media":0,"comment_status":"open","ping_status":"open","sticky":false,"template":"","format":"standard","meta":{"ngg_post_thumbnail":0,"footnotes":""},"categories":[1],"tags":[],"_links":{"self":[{"href":"https:\/\/www.chnk.pl\/index.php?rest_route=\/wp\/v2\/posts\/3121"}],"collection":[{"href":"https:\/\/www.chnk.pl\/index.php?rest_route=\/wp\/v2\/posts"}],"about":[{"href":"https:\/\/www.chnk.pl\/index.php?rest_route=\/wp\/v2\/types\/post"}],"author":[{"embeddable":true,"href":"https:\/\/www.chnk.pl\/index.php?rest_route=\/wp\/v2\/users\/3"}],"replies":[{"embeddable":true,"href":"https:\/\/www.chnk.pl\/index.php?rest_route=%2Fwp%2Fv2%2Fcomments&post=3121"}],"version-history":[{"count":1,"href":"https:\/\/www.chnk.pl\/index.php?rest_route=\/wp\/v2\/posts\/3121\/revisions"}],"predecessor-version":[{"id":3122,"href":"https:\/\/www.chnk.pl\/index.php?rest_route=\/wp\/v2\/posts\/3121\/revisions\/3122"}],"wp:attachment":[{"href":"https:\/\/www.chnk.pl\/index.php?rest_route=%2Fwp%2Fv2%2Fmedia&parent=3121"}],"wp:term":[{"taxonomy":"category","embeddable":true,"href":"https:\/\/www.chnk.pl\/index.php?rest_route=%2Fwp%2Fv2%2Fcategories&post=3121"},{"taxonomy":"post_tag","embeddable":true,"href":"https:\/\/www.chnk.pl\/index.php?rest_route=%2Fwp%2Fv2%2Ftags&post=3121"}],"curies":[{"name":"wp","href":"https:\/\/api.w.org\/{rel}","templated":true}]}}