{"id":3117,"date":"2021-02-27T15:03:46","date_gmt":"2021-02-27T15:03:46","guid":{"rendered":"http:\/\/www.chnk.pl\/?p=3117"},"modified":"2021-02-27T15:03:46","modified_gmt":"2021-02-27T15:03:46","slug":"2-niedziela-wielkiego-postu-4","status":"publish","type":"post","link":"https:\/\/www.chnk.pl\/?p=3117","title":{"rendered":"2 Niedziela Wielkiego Postu"},"content":{"rendered":"\n<p>&nbsp;<\/p>\n<p>&nbsp;<\/p>\n<p><strong>&nbsp;<\/strong><\/p>\n<p><strong>OG\u0141OSZENIA DUSZPASTERSKIE<\/strong><\/p>\n<p><strong>Niedziela II Wielkiego Postu<\/strong><\/p>\n<p><strong>&nbsp;&nbsp;&nbsp;&nbsp;&nbsp;&nbsp;&nbsp;&nbsp;&nbsp;&nbsp;&nbsp;&nbsp;&nbsp;&nbsp;&nbsp;&nbsp;&nbsp;&nbsp;&nbsp;&nbsp;&nbsp;&nbsp;&nbsp;&nbsp;&nbsp;&nbsp;&nbsp;&nbsp;&nbsp;&nbsp;&nbsp;&nbsp;&nbsp;&nbsp;&nbsp;&nbsp;&nbsp;&nbsp;&nbsp;&nbsp;&nbsp;&nbsp;&nbsp;&nbsp;&nbsp;&nbsp;&nbsp;&nbsp;&nbsp;&nbsp;&nbsp;&nbsp;&nbsp;&nbsp;&nbsp;&nbsp;&nbsp;&nbsp;&nbsp;&nbsp;&nbsp;&nbsp;&nbsp;&nbsp;&nbsp;&nbsp;&nbsp;&nbsp;&nbsp;&nbsp;&nbsp;&nbsp;&nbsp;&nbsp;&nbsp;&nbsp;&nbsp;&nbsp;&nbsp;&nbsp;&nbsp;&nbsp;&nbsp;&nbsp;&nbsp;&nbsp;&nbsp;&nbsp;&nbsp;&nbsp; 28 lutego 2021 r.<\/strong><\/p>\n<p>&nbsp;<\/p>\n<ol>\n<li><strong>DROGA KRZY\u017bOWA<\/strong> w pi\u0105tki Wielkiego Postu: <strong>dla dzieci<\/strong> godz. 16.30, <strong>dla do\u00adros\u0142ych<\/strong> po porannej mszy \u015bw. i o godz. 17.30.<\/li>\n<\/ol>\n<p><strong>GORZKIE \u017bALE <\/strong>w niedziele Wielkiego Postu o godz. 15.30.<\/p>\n<p>&nbsp;<\/p>\n<ol start=\"2\">\n<li>Spotkanie dla rodzic\u00f3w dzieci pierwszokomunijnych w \u015brod\u0119 o godz. 19.00 w ko\u015bciele.<\/li>\n<\/ol>\n<p>&nbsp;<\/p>\n<ol start=\"3\">\n<li>W tym tygodniu: I czwartek I pi\u0105tek i I sobota miesi\u0105ca. Adoracja Naj\u015bwi\u0119tszego Sakramentu w czwartek od godz. 17.00 do 18.00 w intencji poszanowania \u017cycia dzieci nienarodzonych oraz po mszy \u015bw. wieczornej do godz. 21.00 w intencji zachowania, a tak\u017ce uproszenia nowych powo\u0142a\u0144 kap\u0142a\u0144skich, zakonnych i misyjnych. Miesi\u0119czna spowied\u017a \u015bw. dla klas: 4, 5, 6, 7, 8 i m\u0142odzie\u017cy w pi\u0105tek od godz. 15.00 do 18.00. W pi\u0105tek i sobot\u0119 odwiedziny chorych z sakramentami \u015bw. wed\u0142ug sta\u0142ego planu. Nowe zg\u0142oszenia w zakrystii.&nbsp; R\u00f3\u017caniec i nabo\u017ce\u0144stwo fatimskie&nbsp; w sobot\u0119 o godz. 7.15. Zach\u0119camy do podj\u0119cia nabo\u017ce\u0144stwa pierwszych sob\u00f3t miesi\u0105ca o kt\u00f3re prosi\u0142a Matka Bo\u017ca w Fatimie.<\/li>\n<\/ol>\n<p>&nbsp;<\/p>\n<ol start=\"4\">\n<li>Spotkanie wsp\u00f3lnoty ma\u0142\u017ce\u0144stw w sobot\u0119 o godz. 19.15 w ko\u015bciele.<\/li>\n<\/ol>\n<p>&nbsp;<\/p>\n<ol start=\"5\">\n<li>Prosimy zg\u0142asza\u0107 chorych i starszych parafian do komunii \u015bw. wielkanocnej, na sobot\u0119 przed Niedziel\u0105 Palmow\u0105.<\/li>\n<\/ol>\n<p>&nbsp;<\/p>\n<ol start=\"6\">\n<li>Okazja do spowiedzi \u015bw. w soboty od godz. 16.00 do 18.00. Ju\u017c trwa czas spowiedzi i komunii \u015bw. wielkanocnej.<\/li>\n<\/ol>\n<p>&nbsp;<\/p>\n<ol start=\"7\">\n<li>Duchowa adopcja dziecka nienarodzonego. W niedziel\u0119 21 marca na mszy \u015bw. o godz. 9.30, grupa parafian podejmie modlitw\u0119 duchowej adopcji dziecka nienarodzonego. Podj\u0119cie modlitwy w tej intencji i do\u0142\u0105czenie do grupy modlitewnej mo\u017cna zadeklarowa\u0107 w tygodniu po mszy \u015bw. i w najbli\u017csze niedziele przed msz\u0105 \u015bw. o godz. 9.30.<\/li>\n<\/ol>\n<p>&nbsp;<\/p>\n<ol start=\"8\">\n<li>B\u00f3g zap\u0142a\u0107 za ofiarowan\u0105 \u017cywno\u015bci dla potrzebuj\u0105cych. Panie z parafialnej grupy CARITAS obawiaj\u0105 si\u0119 kontakt\u00f3w ze wzgl\u0119du na stan epidemiczny i dlatego dary zostan\u0105 przekazane do jad\u0142odajni prowadzonych przez CARITAS.<\/li>\n<\/ol>\n<p>&nbsp;<\/p>\n<ol start=\"9\">\n<li>B\u00f3g zap\u0142a\u0107 za ofiary sk\u0142adane przed ko\u015bcio\u0142em na misje.<\/li>\n<\/ol>\n<p>&nbsp;<\/p>\n<ol start=\"10\">\n<li>B\u00f3g zap\u0142a\u0107 za ofiary sk\u0142adane na utrzymanie naszego ko\u015bcio\u0142a. W Wielkim Po\u015bcie sk\u0142adamy ofiary na danin\u0119 diecezjaln\u0105, kt\u00f3ra jest przeznaczona na utrzymanie centralnych instytucji diecezjalnych tzn. Seminarium Duchownego, Domu Ksi\u0119\u017cy Emeryt\u00f3w, Muzeum i Archiwum, Katedry, Kurii Metropolitalnej i na Caritas. Koperty na danin\u0119 diecezjaln\u0105 z \u017c\u00f3\u0142t\u0105 kartk\u0105 na cele parafialne mo\u017cna odbiera\u0107 przy zakrystii i pod ch\u00f3rem.<\/li>\n<\/ol>\n<p>&nbsp;<\/p>\n<ol start=\"11\">\n<li>Zach\u0119camy do czytania prasy katolickiej: Przy zakrystii: Przewodnik Katolicki, Ma\u0142y Przewodnik Katolicki, Go\u015b\u0107 Niedzielny, Mi\u0142ujcie si\u0119, Egzorcysta i gazetka parafialna.<\/li>\n<\/ol>\n<p><strong>&nbsp;<\/strong><\/p>\n<p>&nbsp;<\/p>\n<p>&nbsp;<\/p>\n<p>&nbsp;<\/p>\n<p>&nbsp;<\/p>\n<p>&nbsp;<\/p>\n<p>&nbsp;<\/p>\n<p>&nbsp;<\/p>\n<p>&nbsp;<\/p>\n<p>&nbsp;<\/p>\n","protected":false},"excerpt":{"rendered":"<p>&nbsp; &nbsp; &nbsp; OG\u0141OSZENIA DUSZPASTERSKIE Niedziela II Wielkiego Postu &nbsp;&nbsp;&nbsp;&nbsp;&nbsp;&nbsp;&nbsp;&nbsp;&nbsp;&nbsp;&nbsp;&nbsp;&nbsp;&nbsp;&nbsp;&nbsp;&nbsp;&nbsp;&nbsp;&nbsp;&nbsp;&nbsp;&nbsp;&nbsp;&nbsp;&nbsp;&nbsp;&nbsp;&nbsp;&nbsp;&nbsp;&nbsp;&nbsp;&nbsp;&nbsp;&nbsp;&nbsp;&nbsp;&nbsp;&nbsp;&nbsp;&nbsp;&nbsp;&nbsp;&nbsp;&nbsp;&nbsp;&nbsp;&nbsp;&nbsp;&nbsp;&nbsp;&nbsp;&nbsp;&nbsp;&nbsp;&nbsp;&nbsp;&nbsp;&nbsp;&nbsp;&nbsp;&nbsp;&nbsp;&nbsp;&nbsp;&nbsp;&nbsp;&nbsp;&nbsp;&nbsp;&nbsp;&nbsp;&nbsp;&nbsp;&nbsp;&nbsp;&nbsp;&nbsp;&nbsp;&nbsp;&nbsp;&nbsp;&nbsp;&nbsp;&nbsp;&nbsp;&nbsp;&nbsp;&nbsp; 28 lutego 2021 r. &nbsp; DROGA KRZY\u017bOWA w pi\u0105tki Wielkiego Postu: dla dzieci godz. 16.30, dla do\u00adros\u0142ych po porannej mszy \u015bw. i o godz. 17.30. GORZKIE \u017bALE w niedziele Wielkiego Postu o godz. 15.30. &nbsp; Spotkanie dla rodzic\u00f3w dzieci pierwszokomunijnych w \u015brod\u0119 o godz. 19.00 &#8230; <span class=\"more\"><a class=\"more-link\" href=\"https:\/\/www.chnk.pl\/?p=3117\">czytaj wi\u0119cej<\/a><\/span><\/p>\n","protected":false},"author":3,"featured_media":0,"comment_status":"open","ping_status":"open","sticky":false,"template":"","format":"standard","meta":{"ngg_post_thumbnail":0,"footnotes":""},"categories":[1],"tags":[],"_links":{"self":[{"href":"https:\/\/www.chnk.pl\/index.php?rest_route=\/wp\/v2\/posts\/3117"}],"collection":[{"href":"https:\/\/www.chnk.pl\/index.php?rest_route=\/wp\/v2\/posts"}],"about":[{"href":"https:\/\/www.chnk.pl\/index.php?rest_route=\/wp\/v2\/types\/post"}],"author":[{"embeddable":true,"href":"https:\/\/www.chnk.pl\/index.php?rest_route=\/wp\/v2\/users\/3"}],"replies":[{"embeddable":true,"href":"https:\/\/www.chnk.pl\/index.php?rest_route=%2Fwp%2Fv2%2Fcomments&post=3117"}],"version-history":[{"count":1,"href":"https:\/\/www.chnk.pl\/index.php?rest_route=\/wp\/v2\/posts\/3117\/revisions"}],"predecessor-version":[{"id":3118,"href":"https:\/\/www.chnk.pl\/index.php?rest_route=\/wp\/v2\/posts\/3117\/revisions\/3118"}],"wp:attachment":[{"href":"https:\/\/www.chnk.pl\/index.php?rest_route=%2Fwp%2Fv2%2Fmedia&parent=3117"}],"wp:term":[{"taxonomy":"category","embeddable":true,"href":"https:\/\/www.chnk.pl\/index.php?rest_route=%2Fwp%2Fv2%2Fcategories&post=3117"},{"taxonomy":"post_tag","embeddable":true,"href":"https:\/\/www.chnk.pl\/index.php?rest_route=%2Fwp%2Fv2%2Ftags&post=3117"}],"curies":[{"name":"wp","href":"https:\/\/api.w.org\/{rel}","templated":true}]}}