{"id":3110,"date":"2021-02-20T21:59:12","date_gmt":"2021-02-20T21:59:12","guid":{"rendered":"http:\/\/www.chnk.pl\/?p=3110"},"modified":"2021-02-20T22:06:12","modified_gmt":"2021-02-20T22:06:12","slug":"1-niedziela-wielkiego-postu-4","status":"publish","type":"post","link":"https:\/\/www.chnk.pl\/?p=3110","title":{"rendered":"1 Niedziela Wielkiego Postu"},"content":{"rendered":"\n<p>&nbsp;<\/p>\n<p><strong>OG\u0141OSZENIA DUSZPASTERSKIE<\/strong><\/p>\n<p><strong>NIEDZIELA I WIELKIEGO POSTU<\/strong><\/p>\n<p><strong>&nbsp;21 lutego 2021 r.<\/strong><\/p>\n<ol>\n<li>Ko\u0144czymy rekolekcje parafialne. Dzi\u0119kujemy o. Krzysztofowi za pos\u0142ug\u0119 rekolekcyjn\u0105. B\u00f3g zap\u0142a\u0107 Parafianom za udzia\u0142 w rekolekcjach.<\/li>\n<\/ol>\n<p><strong>&nbsp;<\/strong><\/p>\n<ol start=\"2\">\n<li>Spotkanie r\u00f3\u017ca\u0144cowe w \u015brod\u0119 po wieczornej mszy \u015bw. w ko\u015bciele.<\/li>\n<\/ol>\n<p><strong>&nbsp;<\/strong><\/p>\n<ol start=\"3\">\n<li>DROGA KRZY\u017bOWA w pi\u0105tki Wielkiego Postu: dla dzieci godz. 16.30, dla doros\u0142ych o godz. 8.40 (po porannej mszy \u015bw.) i 17.30. GORZKIE \u017bALE w niedziele Wielkiego Postu o godz. 15.30.<\/li>\n<\/ol>\n<p><strong>&nbsp;<\/strong><\/p>\n<ol start=\"4\">\n<li>Duchowa Adopcja Dziecka Nienarodzonego to modlitewna obrona dzieci nienarodzonych, kt\u00f3rych \u017cycie jest zagro\u017cone z powodu braku mi\u0142o\u015bci. Podj\u0119cie modlitwy w intencji ich ocalenia mo\u017cna zadeklarowa\u0107 w tygodniu po mszy \u015bw. i w niedziel\u0119 przed msz\u0105 \u015bw. &nbsp;&nbsp;&nbsp;&nbsp;&nbsp;o godz. 9.30.&nbsp; Uroczyste podj\u0119cie Duchowej Adopcji w niedziel\u0119 21 marca na mszy \u015bw.&nbsp;&nbsp;&nbsp;&nbsp;&nbsp;&nbsp;&nbsp;&nbsp;&nbsp;&nbsp;&nbsp;&nbsp;&nbsp;&nbsp;&nbsp;&nbsp; o godz. 9.30.<\/li>\n<\/ol>\n<p><strong>&nbsp;<\/strong><\/p>\n<ol start=\"5\">\n<li>\u015awi\u0119to Katedry \u015bwi\u0119tego Piotra przypomina, \u017ce Stolica Piotrowa jest podstaw\u0105 jedno\u015bci Ko\u015bcio\u0142a. Ca\u0142y Ko\u015bci\u00f3\u0142 modli si\u0119 wtedy, aby \u201epo\u015br\u00f3d zam\u0119tu \u015bwiata nasza wiara pozosta\u0142a nienaruszona\u201d.Z okazji tego \u015bwi\u0119ta, w poniedzia\u0142ek 22 lutego 2021 roku o&nbsp;godz.&nbsp;18.00 odb\u0119d\u0105 si\u0119 w&nbsp;Katedrze Pozna\u0144skiej uroczyste Nieszpory pod przewodnictwem Ksi\u0119dza Arcybiskupa Stanis\u0142awa G\u0105deckiego. Homili\u0119 wyg\u0142osi Ksi\u0105dz Biskup prof. Andrzej Siemieniewski, biskup pomocniczy Archidiecezji Wroc\u0142awskiej. Do udzia\u0142u w Nieszporach zapraszamy szczeg\u00f3lnie wszystkich Profesor\u00f3w i innych Pracownik\u00f3w Akademickich.<\/li>\n<\/ol>\n<p><strong>&nbsp;<\/strong><\/p>\n<ol start=\"6\">\n<li>Duszpasterstwo S\u0142u\u017cby Liturgicznej naszej Archidiecezji w ramach formacji liturgicznej os\u00f3b doros\u0142ych przygotowuje w najbli\u017cszym czasie nast\u0119puj\u0105ce propozycje: Szko\u0142\u0119 lektora, Szko\u0142\u0119 psa\u0142terzysty (zapraszamy r\u00f3wnie\u017c cz\u0142onk\u00f3w m\u0142odzie\u017cowych zespo\u0142\u00f3w liturgicznych) Akademicki kurs ceremoniarza (zapraszamy student\u00f3w i osoby starsze) Adresatami s\u0105 doros\u0142e osoby \u015bwieckie, nieposiadaj\u0105ce odpowiedniego przygotowania, a kt\u00f3re chc\u0105 w\u0142\u0105czy\u0107 si\u0119 w pos\u0142ugiwanie w liturgii. Szczeg\u00f3\u0142y w zakrystii.<\/li>\n<li>Zach\u0119camy do w\u0142\u0105czenia si\u0119 w wielkopostne wydarzenie \u201eKo\u015bcio\u0142\u00f3w stacyjnych miasta Poznania\u201d. Ka\u017cdego dnia, z wy\u0142\u0105czeniem niedziel, pielgrzymi gromadz\u0105 si\u0119 w innej \u015bwi\u0105tyni miasta, aby trwa\u0107 na modlitwie. Spis ko\u015bcio\u0142\u00f3w znajdziemy w \u201ePrzewodniku Katolickim\u201d, na tablicy og\u0142osze\u0144 oraz na stronie internetowej Archidiecezji Pozna\u0144skiej.<\/li>\n<li>B\u00f3g zap\u0142a\u0107 za ofiary na Caritas. W przysz\u0142\u0105 niedziel\u0119, II Wielkiego Postu, przed ko\u015bcio\u0142em zbi\u00f3rka ofiar na misje. R\u00f3wnie\u017c przysz\u0142\u0105 niedziele mo\u017cliwo\u015b\u0107 ofiarowania \u017cywno\u015bci o przed\u0142u\u017conym czasie przechowywania. Do kosza pod ch\u00f3rem mo\u017cna sk\u0142ada\u0107 dary dla potrzebuj\u0105cych. Prosimy, aby zakup\u00f3w nie dokonywa\u0107 w niedziel\u0119.<\/li>\n<li>W zwi\u0105zku z trwaj\u0105cym zagro\u017ceniem epidemicznym nale\u017cy zachowa\u0107, tak\u017ce w ko\u015bciele, wszystkie wskazania wydawane przez odpowiednie s\u0142u\u017cby. Jest to obowi\u0105zek wynikaj\u0105cy z pi\u0105tego Przykazania Bo\u017cego.<\/li>\n<li>M\u00f3dlmy si\u0119 za zmar\u0142ych parafian. Za dusz\u0119 \u015bp. Bo\u017ceny Marcinkowskiej, os. Lecha 18 (msza \u015bw. pogrzebowa w czwartek o godz. 13.00) Wieczny odpoczynek racz zmar\u0142ym da\u0107 Panie.<\/li>\n<\/ol>\n<p>&nbsp;<\/p>\n<p><strong>&nbsp;<\/strong><\/p>\n<p><strong>&nbsp;<\/strong><\/p>\n<p><strong>&nbsp;<\/strong><\/p>\n<p><strong>&nbsp;<\/strong><\/p>\n<p><strong>&nbsp;<\/strong><\/p>\n<p><strong>&nbsp;<\/strong><\/p>\n\n\n\n<p>&nbsp;<\/p>\n<p><strong>OG\u0141OSZENIA DUSZPASTERSKIE<\/strong><\/p>\n<p><strong>NIEDZIELA I WIELKIEGO POSTU<\/strong><\/p>\n<p><strong>&nbsp;21 lutego 2021 r.<\/strong><\/p>\n<ol>\n<li>Ko\u0144czymy rekolekcje parafialne. Dzi\u0119kujemy o. Krzysztofowi za pos\u0142ug\u0119 rekolekcyjn\u0105. B\u00f3g zap\u0142a\u0107 Parafianom za udzia\u0142 w rekolekcjach.<\/li>\n<\/ol>\n<p><strong>&nbsp;<\/strong><\/p>\n<ol start=\"2\">\n<li>Spotkanie r\u00f3\u017ca\u0144cowe w \u015brod\u0119 po wieczornej mszy \u015bw. w ko\u015bciele.<\/li>\n<\/ol>\n<p><strong>&nbsp;<\/strong><\/p>\n<ol start=\"3\">\n<li>DROGA KRZY\u017bOWA w pi\u0105tki Wielkiego Postu: dla dzieci godz. 16.30, dla doros\u0142ych o godz. 8.40 (po porannej mszy \u015bw.) i 17.30. GORZKIE \u017bALE w niedziele Wielkiego Postu o godz. 15.30.<\/li>\n<\/ol>\n<p><strong>&nbsp;<\/strong><\/p>\n<ol start=\"4\">\n<li>Duchowa Adopcja Dziecka Nienarodzonego to modlitewna obrona dzieci nienarodzonych, kt\u00f3rych \u017cycie jest zagro\u017cone z powodu braku mi\u0142o\u015bci. Podj\u0119cie modlitwy w intencji ich ocalenia mo\u017cna zadeklarowa\u0107 w tygodniu po mszy \u015bw. i w niedziel\u0119 przed msz\u0105 \u015bw. o godz. 9.30.&nbsp; Uroczyste podj\u0119cie Duchowej Adopcji w niedziel\u0119 21 marca na mszy \u015bw.&nbsp; &nbsp;o godz. 9.30.<\/li>\n<\/ol>\n<p><strong>&nbsp;<\/strong><\/p>\n<ol start=\"5\">\n<li>\u015awi\u0119to Katedry \u015bwi\u0119tego Piotra przypomina, \u017ce Stolica Piotrowa jest podstaw\u0105 jedno\u015bci Ko\u015bcio\u0142a. Ca\u0142y Ko\u015bci\u00f3\u0142 modli si\u0119 wtedy, aby \u201epo\u015br\u00f3d zam\u0119tu \u015bwiata nasza wiara pozosta\u0142a nienaruszona\u201d.Z okazji tego \u015bwi\u0119ta, w poniedzia\u0142ek 22 lutego 2021 roku o&nbsp;godz.&nbsp;18.00 odb\u0119d\u0105 si\u0119 w&nbsp;Katedrze Pozna\u0144skiej uroczyste Nieszpory pod przewodnictwem Ksi\u0119dza Arcybiskupa Stanis\u0142awa G\u0105deckiego. Homili\u0119 wyg\u0142osi Ksi\u0105dz Biskup prof. Andrzej Siemieniewski, biskup pomocniczy Archidiecezji Wroc\u0142awskiej. Do udzia\u0142u w Nieszporach zapraszamy szczeg\u00f3lnie wszystkich Profesor\u00f3w i innych Pracownik\u00f3w Akademickich.<\/li>\n<\/ol>\n<p><strong>&nbsp;<\/strong><\/p>\n<ol start=\"6\">\n<li>Duszpasterstwo S\u0142u\u017cby Liturgicznej naszej Archidiecezji w ramach formacji liturgicznej os\u00f3b doros\u0142ych przygotowuje w najbli\u017cszym czasie nast\u0119puj\u0105ce propozycje: Szko\u0142\u0119 lektora, Szko\u0142\u0119 psa\u0142terzysty (zapraszamy r\u00f3wnie\u017c cz\u0142onk\u00f3w m\u0142odzie\u017cowych zespo\u0142\u00f3w liturgicznych) Akademicki kurs ceremoniarza (zapraszamy student\u00f3w i osoby starsze) Adresatami s\u0105 doros\u0142e osoby \u015bwieckie, nieposiadaj\u0105ce odpowiedniego przygotowania, a kt\u00f3re chc\u0105 w\u0142\u0105czy\u0107 si\u0119 w pos\u0142ugiwanie w liturgii. Szczeg\u00f3\u0142y w zakrystii.<\/li>\n<li>Zach\u0119camy do w\u0142\u0105czenia si\u0119 w wielkopostne wydarzenie \u201eKo\u015bcio\u0142\u00f3w stacyjnych miasta Poznania\u201d. Ka\u017cdego dnia, z wy\u0142\u0105czeniem niedziel, pielgrzymi gromadz\u0105 si\u0119 w innej \u015bwi\u0105tyni miasta, aby trwa\u0107 na modlitwie. Spis ko\u015bcio\u0142\u00f3w znajdziemy w \u201ePrzewodniku Katolickim\u201d, na tablicy og\u0142osze\u0144 oraz na stronie internetowej Archidiecezji Pozna\u0144skiej.<\/li>\n<li>B\u00f3g zap\u0142a\u0107 za ofiary na Caritas. W przysz\u0142\u0105 niedziel\u0119, II Wielkiego Postu, przed ko\u015bcio\u0142em zbi\u00f3rka ofiar na misje. R\u00f3wnie\u017c przysz\u0142\u0105 niedziele mo\u017cliwo\u015b\u0107 ofiarowania \u017cywno\u015bci o przed\u0142u\u017conym czasie przechowywania. Do kosza pod ch\u00f3rem mo\u017cna sk\u0142ada\u0107 dary dla potrzebuj\u0105cych. Prosimy, aby zakup\u00f3w nie dokonywa\u0107 w niedziel\u0119.<\/li>\n<li>W zwi\u0105zku z trwaj\u0105cym zagro\u017ceniem epidemicznym nale\u017cy zachowa\u0107, tak\u017ce w ko\u015bciele, wszystkie wskazania wydawane przez odpowiednie s\u0142u\u017cby. Jest to obowi\u0105zek wynikaj\u0105cy z pi\u0105tego Przykazania Bo\u017cego.<\/li>\n<li>M\u00f3dlmy si\u0119 za zmar\u0142ych parafian. Za dusz\u0119 \u015bp. Bo\u017ceny Marcinkowskiej, os. Lecha 18 (msza \u015bw. pogrzebowa w czwartek o godz. 13.00) Wieczny odpoczynek racz zmar\u0142ym da\u0107 Panie.<\/li>\n<\/ol>\n<p>&nbsp;<\/p>\n<p><strong>&nbsp;<\/strong><\/p>\n<p><strong>&nbsp;<\/strong><\/p>\n<p><strong>&nbsp;<\/strong><\/p>\n<p><strong>&nbsp;<\/strong><\/p>\n<p><strong>&nbsp;<\/strong><\/p>\n<p><strong>&nbsp;<\/strong><\/p>\n","protected":false},"excerpt":{"rendered":"<p>&nbsp; OG\u0141OSZENIA DUSZPASTERSKIE NIEDZIELA I WIELKIEGO POSTU &nbsp;21 lutego 2021 r. Ko\u0144czymy rekolekcje parafialne. Dzi\u0119kujemy o. Krzysztofowi za pos\u0142ug\u0119 rekolekcyjn\u0105. B\u00f3g zap\u0142a\u0107 Parafianom za udzia\u0142 w rekolekcjach. &nbsp; Spotkanie r\u00f3\u017ca\u0144cowe w \u015brod\u0119 po wieczornej mszy \u015bw. w ko\u015bciele. &nbsp; DROGA KRZY\u017bOWA w pi\u0105tki Wielkiego Postu: dla dzieci godz. 16.30, dla doros\u0142ych o godz. 8.40 (po &#8230; <span class=\"more\"><a class=\"more-link\" href=\"https:\/\/www.chnk.pl\/?p=3110\">czytaj wi\u0119cej<\/a><\/span><\/p>\n","protected":false},"author":3,"featured_media":0,"comment_status":"open","ping_status":"open","sticky":false,"template":"","format":"standard","meta":{"ngg_post_thumbnail":0,"footnotes":""},"categories":[1],"tags":[],"_links":{"self":[{"href":"https:\/\/www.chnk.pl\/index.php?rest_route=\/wp\/v2\/posts\/3110"}],"collection":[{"href":"https:\/\/www.chnk.pl\/index.php?rest_route=\/wp\/v2\/posts"}],"about":[{"href":"https:\/\/www.chnk.pl\/index.php?rest_route=\/wp\/v2\/types\/post"}],"author":[{"embeddable":true,"href":"https:\/\/www.chnk.pl\/index.php?rest_route=\/wp\/v2\/users\/3"}],"replies":[{"embeddable":true,"href":"https:\/\/www.chnk.pl\/index.php?rest_route=%2Fwp%2Fv2%2Fcomments&post=3110"}],"version-history":[{"count":3,"href":"https:\/\/www.chnk.pl\/index.php?rest_route=\/wp\/v2\/posts\/3110\/revisions"}],"predecessor-version":[{"id":3116,"href":"https:\/\/www.chnk.pl\/index.php?rest_route=\/wp\/v2\/posts\/3110\/revisions\/3116"}],"wp:attachment":[{"href":"https:\/\/www.chnk.pl\/index.php?rest_route=%2Fwp%2Fv2%2Fmedia&parent=3110"}],"wp:term":[{"taxonomy":"category","embeddable":true,"href":"https:\/\/www.chnk.pl\/index.php?rest_route=%2Fwp%2Fv2%2Fcategories&post=3110"},{"taxonomy":"post_tag","embeddable":true,"href":"https:\/\/www.chnk.pl\/index.php?rest_route=%2Fwp%2Fv2%2Ftags&post=3110"}],"curies":[{"name":"wp","href":"https:\/\/api.w.org\/{rel}","templated":true}]}}