{"id":3090,"date":"2021-02-13T16:43:47","date_gmt":"2021-02-13T16:43:47","guid":{"rendered":"http:\/\/www.chnk.pl\/?p=3090"},"modified":"2021-02-13T16:43:47","modified_gmt":"2021-02-13T16:43:47","slug":"wskazania-pasterskie-dot-przepisow-pokutnych","status":"publish","type":"post","link":"https:\/\/www.chnk.pl\/?p=3090","title":{"rendered":"WSKAZANIA PASTERSKIE DOT. PRZEPIS\u00d3W POKUTNYCH"},"content":{"rendered":"\n<p><strong>&nbsp;<\/strong><\/p>\n<p><strong>&nbsp;<\/strong><\/p>\n<p><strong>&nbsp;<\/strong><\/p>\n<p><strong>WSKAZANIA PASTERSKIE<\/strong><\/p>\n<p><strong>DOTYCZ\u0104CE PRZEPIS\u00d3W POKUTNYCH<\/strong><\/p>\n<p><strong>W ZWI\u0104ZKU Z WIELKIM POSTEM 2021<\/strong><\/p>\n<p>&nbsp;<\/p>\n<p>\u201ePokutujcie wi\u0119c i nawr\u00f3\u0107cie si\u0119, aby grzechy wasze zosta\u0142y zg\u0142adzone, aby nadesz\u0142y od Pana dni och\u0142ody, aby te\u017c pos\u0142a\u0142 wam zapowiedzianego Mesjasza, Jezusa, kt\u00f3rego niebo musi zatrzyma\u0107 a\u017c do czasu odnowienia wszystkich rzeczy\u201d (Dz 3,19-21). Wszyscy wierni, ka\u017cdy na sw\u00f3j spos\u00f3b, na podstawie prawa Bo\u017cego zobowi\u0105zani s\u0105 czyni\u0107 pokut\u0119. \u017beby jednak \u2013 przez wsp\u00f3lne zachowanie pokuty \u2013 z\u0142\u0105czyli si\u0119 mi\u0119dzy sob\u0105, zostaj\u0105 nakazane dni pokuty, podczas kt\u00f3rych wierni powinni przeznacza\u0107 wi\u0119cej czasu na modlitw\u0119, wykonywa\u0107 uczynki pobo\u017cno\u015bci i mi\u0142o\u015bci, podejmowa\u0107 akty umartwienia przez wierniejsze wype\u0142nianie w\u0142asnych obowi\u0105zk\u00f3w, zw\u0142aszcza za\u015b zachowywa\u0107 post i wstrzemi\u0119\u017aliwo\u015b\u0107 (por. kan. 1249 KPK). Dniami pokuty w Ko\u015bciele powszechnym s\u0105 poszczeg\u00f3lne pi\u0105tki ca\u0142ego roku i czas Wielkiego Postu (por. kan.&nbsp;1250 KPK).<\/p>\n<p>Maj\u0105c na uwadze powy\u017csze normy, polecam, aby w Archidiecezji Pozna\u0144skiej przestrzegano nast\u0119puj\u0105cych zasad:<\/p>\n<p><strong>&nbsp;<\/strong><\/p>\n<p><strong>I&nbsp; PRZEPISY POSTNE<\/strong><\/p>\n<h3>A. Wstrzemi\u0119\u017aliwo\u015b\u0107 od pokarm\u00f3w mi\u0119snych i post \u015bcis\u0142y<\/h3>\n<p><strong>&nbsp;<\/strong><\/p>\n<ol>\n<li>Wierni, kt\u00f3rzy uko\u0144czyli 14. rok \u017cycia, s\u0105 zobowi\u0105zani do zachowania w ci\u0105gu ca\u0142ego \u017cycia wstrzemi\u0119\u017aliwo\u015bci od pokarm\u00f3w mi\u0119snych w nast\u0119puj\u0105ce dni:<\/li>\n<li>we wszystkie pi\u0105tki ca\u0142ego roku,<\/li>\n<li>w \u015arod\u0119 Popielcow\u0105.<\/li>\n<\/ol>\n<p>&nbsp;<\/p>\n<p>R\u00f3wnocze\u015bnie \u2013 ze wzgl\u0119du na tradycj\u0119 tego dnia w Polsce \u2013 zach\u0119cam wiernych do zachowania wstrzemi\u0119\u017aliwo\u015bci od pokarm\u00f3w mi\u0119snych w Wigili\u0119 Bo\u017cego Narodzenia.<\/p>\n<p>&nbsp;<\/p>\n<p>Wstrzemi\u0119\u017aliwo\u015b\u0107 od pokarm\u00f3w mi\u0119snych nie obowi\u0105zuje, je\u017celi zgodnie z przepisami liturgicznymi, w pi\u0105tek przypada uroczysto\u015b\u0107.<\/p>\n<p>&nbsp;<\/p>\n<ol start=\"2\">\n<li>Wierni, kt\u00f3rzy uko\u0144czyli 18. rok \u017cycia, a\u017c do rozpocz\u0119cia 60. roku \u017cycia, opr\u00f3cz wstrzemi\u0119\u017aliwo\u015bci od pokarm\u00f3w mi\u0119snych s\u0105 zobowi\u0105zani do zachowania postu \u015bcis\u0142ego w nast\u0119puj\u0105ce dni:<\/li>\n<li>w \u015arod\u0119 Popielcow\u0105,<\/li>\n<li>w Wielki Pi\u0105tek.<br \/><br \/><\/li>\n<\/ol>\n<p>Post \u015bcis\u0142y pozwala na jednorazowy posi\u0142ek do syta oraz na dwa skromne posi\u0142ki w&nbsp;ci\u0105gu&nbsp;dnia.<\/p>\n<p>&nbsp;<\/p>\n<ol start=\"3\">\n<li>Wierni, kt\u00f3rzy nie maj\u0105 mo\u017cliwo\u015bci wyboru pokarm\u00f3w i musz\u0105 spo\u017cywa\u0107 to, co zostanie im podane, mog\u0105 korzysta\u0107 z dyspensy od obowi\u0105zku wstrzymania si\u0119 od potraw mi\u0119snych w pi\u0105tki ca\u0142ego roku. Taka dyspensa nie istnieje w \u015arod\u0119 Popielcow\u0105 i Wielki Pi\u0105tek.<\/li>\n<\/ol>\n<p>&nbsp;<\/p>\n<p>Niemo\u017cliwo\u015b\u0107 zachowania wstrzemi\u0119\u017aliwo\u015bci od pokarm\u00f3w mi\u0119snych w pi\u0105tek zak\u0142ada jednak podj\u0119cie innych form pokuty, takich jak: modlitwa, ja\u0142mu\u017cna, uczynki pobo\u017cno\u015bci i mi\u0142o\u015bci, wierniejsze spe\u0142nianie obowi\u0105zk\u00f3w.<\/p>\n<p>&nbsp;<\/p>\n<ol start=\"4\">\n<li>Dla s\u0142usznej przyczyny proboszcz mo\u017ce udzieli\u0107 w pojedynczym przypadku <br \/>\u2013 poszczeg\u00f3lnym wiernym, poszczeg\u00f3lnym rodzinom lub wsp\u00f3lnotom wiernych \u2013 dyspensy od wstrzemi\u0119\u017aliwo\u015bci od potraw mi\u0119snych, z wyj\u0105tkiem:<\/li>\n<li>\u015arody Popielcowej,<\/li>\n<li>Wielkiego Pi\u0105tku.<\/li>\n<\/ol>\n<p>&nbsp;<\/p>\n<p>Proboszcz winien jednak na\u0142o\u017cy\u0107 na korzystaj\u0105cych z dyspensy obowi\u0105zek modlitwy w&nbsp;intencjach Ojca \u015awi\u0119tego oraz z\u0142o\u017cenia ofiary do skarbony z napisem \u201eJa\u0142mu\u017cna postna\u201d, wzgl\u0119dnie cz\u0119stszego spe\u0142niania uczynk\u00f3w chrze\u015bcija\u0144skiego mi\u0142osierdzia.<\/p>\n<p>&nbsp;<\/p>\n<p>Z dyspensy udzielonej przez jakiegokolwiek proboszcza Archidiecezji Pozna\u0144skiej mog\u0105 korzysta\u0107 wierni Archidiecezji Pozna\u0144skiej wsz\u0119dzie, gdziekolwiek si\u0119 znajduj\u0105, a tak\u017ce wszyscy inni wierni przebywaj\u0105cy na terenie Archidiecezji Pozna\u0144skiej.<\/p>\n<p>&nbsp;<\/p>\n<p>Tej samej w\u0142adzy dyspensowania udzielam wszystkim kap\u0142anom podczas pe\u0142nienia pos\u0142ugi duszpasterskiej na cmentarzach komunalnych Pozna\u0144-Junikowo i Pozna\u0144-Mi\u0142ostowo, a tak\u017ce spowiednikom przy sprawowaniu Sakramentu Pokuty. &nbsp;<\/p>\n<p>&nbsp;<\/p>\n<p>Pro\u015bb\u0119 o dyspens\u0119 \u2013 w formie pisemnej \u2013 mo\u017cna tak\u017ce kierowa\u0107 do Kurii Metropolitalnej.<\/p>\n<p>Przed posi\u0142kiem nale\u017cy poinformowa\u0107 zainteresowanych o udzielonej dyspensie.<\/p>\n<p><strong>&nbsp;<\/strong><\/p>\n<ol>\n<li><strong> Powstrzymywanie si\u0119 od zabaw<\/strong><\/li>\n<\/ol>\n<p>&nbsp;<\/p>\n<p>Powstrzymywanie si\u0119 od zabaw sprzyja opanowaniu instynkt\u00f3w i wolno\u015bci serca (zob. KKK 2043). &nbsp;Obowi\u0105zuje we wszystkie dni Wielkiego Postu.<\/p>\n<p>&nbsp;<\/p>\n<p>&nbsp;<\/p>\n<ol>\n<li><strong>CZAS KOMUNII \u015aW. WIELKANOCNEJ<\/strong><\/li>\n<\/ol>\n<p><strong>&nbsp;<\/strong><\/p>\n<p>Czas <em>Komunii wielkanocnej<\/em>, obejmuje okres od \u015arody Popielcowej, tj. od dnia 17&nbsp;lutego 2021 r. do Niedzieli Naj\u015bwi\u0119tszej Tr\u00f3jcy, tj. do dnia 30 maja 2021 r. Przyj\u0119cie Komunii \u015bw. z okazji Wielkanocy w naznaczonym terminie nale\u017cy do podstawowych obowi\u0105zk\u00f3w katolika.<\/p>\n<p>Zach\u0119cam gor\u0105co Archidiecezjan, aby z \u017cyw\u0105 wiar\u0105 i \u017carliw\u0105 skruch\u0105 przyst\u0105pili do Sakramentu Pojednania i duchowo odnowieni przyj\u0119li Chrystusa w Komunii \u015bw.<\/p>\n<p><strong>&nbsp;<\/strong><\/p>\n<ul>\n<li><strong>DANINA DIECEZJALNA<\/strong><\/li>\n<\/ul>\n<p><strong>&nbsp;<\/strong><\/p>\n<p>Ka\u017cdy wierny \u2013 w miar\u0119 swoich mo\u017cliwo\u015bci \u2013 zobowi\u0105zany jest do troski o potrzeby wsp\u00f3lnoty Ko\u015bcio\u0142a. Jedn\u0105 z form tej troski jest danina diecezjalna, sk\u0142adana w okresie Wielkiego Postu na potrzeby naszej Archidiecezji. Fundusze z daniny diecezjalnej przeznaczane s\u0105 na dzia\u0142alno\u015b\u0107 charytatywn\u0105 prowadzon\u0105 przez Caritas Archidiecezji Pozna\u0144skiej, na potrzeby Arcybiskupiego Seminarium Duchownego oraz na funkcjonowanie instytucji centralnych Archidiecezji.<\/p>\n<p>&nbsp;&nbsp;&nbsp;&nbsp;&nbsp;<\/p>\n<p>Serdecznie dzi\u0119kuj\u0119 za zrozumienie tych potrzeb i za sk\u0142adane ofiary.<\/p>\n<p>&nbsp;<\/p>\n<p>&nbsp;<\/p>\n<p>&nbsp;<\/p>\n<p>Pozna\u0144, dnia 10 lutego 2021 roku<\/p>\n<ol>\n<li>799\/2021<\/li>\n<\/ol>\n<p>&nbsp;<\/p>\n<p>&nbsp;<\/p>\n<p>&nbsp;<\/p>\n<p>\u2020 Stanis\u0142aw G\u0105decki<\/p>\n<p>Arcybiskup Metropolita Pozna\u0144ski<\/p>\n<p>&nbsp;<\/p>\n<p>&nbsp;<\/p>\n<p>&nbsp;<\/p>\n<p>&nbsp;<\/p>\n<p>&nbsp;<\/p>\n<ol>\n<li>pra\u0142at dr Ireneusz Dosz<\/li>\n<\/ol>\n<p>Kanclerz Kurii<\/p>\n","protected":false},"excerpt":{"rendered":"<p>&nbsp; &nbsp; &nbsp; WSKAZANIA PASTERSKIE DOTYCZ\u0104CE PRZEPIS\u00d3W POKUTNYCH W ZWI\u0104ZKU Z WIELKIM POSTEM 2021 &nbsp; \u201ePokutujcie wi\u0119c i nawr\u00f3\u0107cie si\u0119, aby grzechy wasze zosta\u0142y zg\u0142adzone, aby nadesz\u0142y od Pana dni och\u0142ody, aby te\u017c pos\u0142a\u0142 wam zapowiedzianego Mesjasza, Jezusa, kt\u00f3rego niebo musi zatrzyma\u0107 a\u017c do czasu odnowienia wszystkich rzeczy\u201d (Dz 3,19-21). Wszyscy wierni, ka\u017cdy na sw\u00f3j &#8230; <span class=\"more\"><a class=\"more-link\" href=\"https:\/\/www.chnk.pl\/?p=3090\">czytaj wi\u0119cej<\/a><\/span><\/p>\n","protected":false},"author":3,"featured_media":0,"comment_status":"open","ping_status":"open","sticky":false,"template":"","format":"standard","meta":{"ngg_post_thumbnail":0,"footnotes":""},"categories":[1],"tags":[],"_links":{"self":[{"href":"https:\/\/www.chnk.pl\/index.php?rest_route=\/wp\/v2\/posts\/3090"}],"collection":[{"href":"https:\/\/www.chnk.pl\/index.php?rest_route=\/wp\/v2\/posts"}],"about":[{"href":"https:\/\/www.chnk.pl\/index.php?rest_route=\/wp\/v2\/types\/post"}],"author":[{"embeddable":true,"href":"https:\/\/www.chnk.pl\/index.php?rest_route=\/wp\/v2\/users\/3"}],"replies":[{"embeddable":true,"href":"https:\/\/www.chnk.pl\/index.php?rest_route=%2Fwp%2Fv2%2Fcomments&post=3090"}],"version-history":[{"count":1,"href":"https:\/\/www.chnk.pl\/index.php?rest_route=\/wp\/v2\/posts\/3090\/revisions"}],"predecessor-version":[{"id":3091,"href":"https:\/\/www.chnk.pl\/index.php?rest_route=\/wp\/v2\/posts\/3090\/revisions\/3091"}],"wp:attachment":[{"href":"https:\/\/www.chnk.pl\/index.php?rest_route=%2Fwp%2Fv2%2Fmedia&parent=3090"}],"wp:term":[{"taxonomy":"category","embeddable":true,"href":"https:\/\/www.chnk.pl\/index.php?rest_route=%2Fwp%2Fv2%2Fcategories&post=3090"},{"taxonomy":"post_tag","embeddable":true,"href":"https:\/\/www.chnk.pl\/index.php?rest_route=%2Fwp%2Fv2%2Ftags&post=3090"}],"curies":[{"name":"wp","href":"https:\/\/api.w.org\/{rel}","templated":true}]}}