{"id":3088,"date":"2021-02-13T16:42:13","date_gmt":"2021-02-13T16:42:13","guid":{"rendered":"http:\/\/www.chnk.pl\/?p=3088"},"modified":"2021-02-13T16:42:13","modified_gmt":"2021-02-13T16:42:13","slug":"rekolekcje-wielkopostne","status":"publish","type":"post","link":"https:\/\/www.chnk.pl\/?p=3088","title":{"rendered":"REKOLEKCJE WIELKOPOSTNE"},"content":{"rendered":"\n<p><strong><em>REKOLEKCJE WIELKOPOSTNE 2021<\/em><\/strong><\/p>\n<p><strong><u>\u015aroda Popielcowa, 17 lutego &#8211; dzie\u0144 publicznej pokuty<\/u><\/strong><\/p>\n<p>Rozpocz\u0119cie rekolekcji na wszystkich mszach \u015bwi\u0119tych (7.00, 8.00, 16.30&nbsp;&nbsp;&nbsp;&nbsp;&nbsp;&nbsp;&nbsp;&nbsp;&nbsp;&nbsp;&nbsp;&nbsp;&nbsp;&nbsp; i 18.00).&nbsp; Po Mszy \u015bw o godz. 8.00 Nowenna do MB Nieustaj\u0105cej Pomocy,&nbsp;&nbsp;&nbsp;&nbsp;&nbsp;&nbsp;&nbsp;&nbsp;&nbsp;&nbsp;&nbsp;&nbsp;&nbsp;&nbsp;&nbsp; a po Mszy \u015bw. o godz. 18.00. Wystawienie Naj\u015bw. Sakramentu i Apel Jasnog\u00f3rski o godz. 20.30.<\/p>\n<p><strong><u>Czwartek, 18 lutego &#8211; dzie\u0144 modlitwy w \u0142\u0105czno\u015bci z Ko\u015bcio\u0142em diecezjalnym<\/u><\/strong><\/p>\n<p>Koronka do Mi\u0142osierdzia Bo\u017cego i modlitwy poranne o godz. 7.30<\/p>\n<p>Nauka og\u00f3lna w czasie Mszy \u015bw. o godz. 8.00<\/p>\n<p>Msza \u015bw. o godz. 18.00 z nauka rekolekcyjn\u0105<\/p>\n<p>Nauka stanowa dla kobiet po mszy \u015bw. wieczornej. Po nauce<\/p>\n<p>Adoracja Naj\u015bw. Sakramentu i Apel Jasnog\u00f3rski o godz. 20.30<\/p>\n<p><strong><u>Pi\u0105tek, 19 lutego &#8211; dzie\u0144 przylgni\u0119cia do Krzy\u017ca<\/u><\/strong><\/p>\n<p>Droga Krzy\u017cowa o godz. 7.30<\/p>\n<p>Msza \u015bw. z nauk\u0105 og\u00f3ln\u0105 o godz. 8.00 i procesja salety\u0144ska&nbsp;&nbsp;&nbsp;&nbsp;&nbsp;&nbsp;&nbsp;&nbsp;&nbsp;&nbsp;&nbsp;&nbsp;&nbsp;&nbsp;&nbsp;&nbsp;&nbsp;&nbsp;&nbsp;&nbsp;&nbsp;&nbsp;&nbsp;&nbsp;&nbsp;&nbsp;&nbsp;&nbsp;&nbsp;&nbsp;&nbsp;&nbsp;&nbsp;&nbsp;&nbsp;&nbsp;&nbsp;&nbsp;&nbsp;&nbsp;&nbsp;&nbsp;&nbsp;&nbsp;&nbsp;&nbsp;&nbsp;&nbsp;&nbsp;&nbsp;&nbsp;&nbsp;&nbsp;&nbsp;&nbsp;&nbsp;&nbsp;&nbsp;&nbsp;&nbsp;&nbsp;&nbsp;&nbsp;&nbsp;&nbsp;&nbsp;&nbsp;&nbsp;&nbsp;&nbsp;&nbsp;&nbsp;&nbsp;&nbsp;&nbsp;&nbsp;&nbsp;&nbsp;&nbsp;&nbsp;&nbsp;&nbsp;&nbsp;&nbsp;&nbsp;&nbsp;&nbsp;&nbsp;&nbsp;&nbsp;&nbsp;&nbsp;&nbsp;&nbsp;&nbsp;&nbsp;&nbsp;&nbsp;&nbsp;&nbsp;&nbsp;&nbsp;&nbsp;&nbsp;&nbsp;&nbsp;&nbsp;&nbsp;&nbsp;&nbsp;&nbsp;&nbsp;&nbsp;&nbsp;&nbsp;&nbsp;&nbsp;&nbsp;&nbsp;&nbsp;&nbsp;&nbsp;&nbsp;&nbsp;&nbsp;&nbsp;&nbsp;&nbsp;&nbsp;&nbsp;&nbsp;&nbsp;&nbsp;&nbsp;&nbsp;&nbsp;&nbsp;&nbsp;&nbsp;&nbsp;&nbsp;&nbsp;&nbsp;&nbsp;&nbsp;&nbsp;&nbsp;&nbsp;&nbsp;&nbsp;&nbsp;&nbsp;&nbsp;&nbsp;&nbsp;&nbsp;&nbsp;&nbsp;&nbsp;&nbsp;&nbsp;&nbsp;&nbsp;&nbsp;&nbsp;&nbsp;&nbsp;&nbsp;&nbsp;&nbsp;&nbsp;&nbsp; Droga Krzy\u017cowa dla dzieci o godz. 16.30<\/p>\n<p>Droga Krzy\u017cowa dla doros\u0142ych o godz. 17.30<\/p>\n<p>Msza \u015bw. z nauk\u0105 og\u00f3ln\u0105 o godz. 18.00<\/p>\n<p>Po mszy \u015bw. nauka stanowa dla m\u0119\u017cczyzn. Po nauce<\/p>\n<p>Wystawienie Naj\u015bw. Sakramentu do 20.30.&nbsp; Apel Jasnog\u00f3rski o godz. 20.30<\/p>\n<p><strong><u>Sobota, 20 lutego &#8211; dzie\u0144 Matki Bo\u017cej Bolesnej<\/u><\/strong><\/p>\n<p>Godzinki o Niepokalanym Pocz\u0119ciu Naj\u015bw. Maryi Panny o godz. 7.30&nbsp;&nbsp;<\/p>\n<p>Msza \u015bw. z nauk\u0105 og\u00f3ln\u0105 o godz. 8.00<\/p>\n<p>Wystawienie Naj\u015bw. Sakramentu i spowied\u017a \u015bw. od godz. 9.00 do 10.00<\/p>\n<p>Msza \u015bw. dla chorych z udzielaniem sakramentu chorych o godz. 10.00<\/p>\n<p>Spowied\u017a \u015bw. od godz. 16.00 do 18.00<\/p>\n<p>R\u00f3\u017caniec o owoce rekolekcji o godz. 17.20 (zelatorzy)<\/p>\n<p>Msza \u015bw. z nauk\u0105 rekolekcyjn\u0105 o godz. 18.00&nbsp;&nbsp;&nbsp;&nbsp;&nbsp;&nbsp;&nbsp;&nbsp;&nbsp;&nbsp;&nbsp;&nbsp;&nbsp;&nbsp;&nbsp;&nbsp;&nbsp;&nbsp;&nbsp;&nbsp;&nbsp;&nbsp;&nbsp;&nbsp;&nbsp;&nbsp;&nbsp;&nbsp;&nbsp;&nbsp;&nbsp;&nbsp;&nbsp;&nbsp;&nbsp;&nbsp;&nbsp;&nbsp;&nbsp;&nbsp;&nbsp;&nbsp;&nbsp;&nbsp;&nbsp;&nbsp;&nbsp;&nbsp;&nbsp;&nbsp;&nbsp;&nbsp;&nbsp;&nbsp;&nbsp;&nbsp;&nbsp;&nbsp;&nbsp;&nbsp;&nbsp;&nbsp;&nbsp;&nbsp;&nbsp;&nbsp;&nbsp;&nbsp;&nbsp;&nbsp;&nbsp;&nbsp;&nbsp;&nbsp;&nbsp;&nbsp;&nbsp;&nbsp; Adoracja Naj\u015bw. Sakramentu od godz. 19.00&nbsp;&nbsp;&nbsp;&nbsp;&nbsp;&nbsp;&nbsp; &nbsp;&nbsp;&nbsp;&nbsp;&nbsp;&nbsp;&nbsp;&nbsp;&nbsp;&nbsp;&nbsp;&nbsp;&nbsp;&nbsp;&nbsp;&nbsp;&nbsp;&nbsp;&nbsp;&nbsp;&nbsp;&nbsp;&nbsp;&nbsp;&nbsp;&nbsp;&nbsp;&nbsp;&nbsp;&nbsp;&nbsp;&nbsp;&nbsp;&nbsp;&nbsp;&nbsp;&nbsp;&nbsp;&nbsp;&nbsp;&nbsp;&nbsp;&nbsp;&nbsp;&nbsp;&nbsp;&nbsp;&nbsp;&nbsp;&nbsp;&nbsp;&nbsp;&nbsp;&nbsp;&nbsp;&nbsp;&nbsp;&nbsp;&nbsp;&nbsp;&nbsp;&nbsp;&nbsp;&nbsp;&nbsp;&nbsp;&nbsp;&nbsp;Apel Jasnog\u00f3rski o godz. 20.30<\/p>\n<p><strong><u>Niedziela, 21 lutego &#8211; ku Zmartwychwstaniu<\/u><\/strong><\/p>\n<p>Nauki rekolekcyjne na wszystkich mszach \u015bwi\u0119tych po\u0142\u0105czone z zako\u0144czeniem rekolekcji wielkopostnych; mo\u017cliwo\u015b\u0107 zyskania odpustu zupe\u0142nego. Uczestnik\u00f3w obowi\u0105zuje zas\u0142anianie ust i nosa na wszystkich spotkaniach rekolekcyjnych.<\/p>\n<p>Transmisja mszy \u015bw. na parafialnej stronie internetowej od \u015brody do soboty&nbsp;&nbsp;&nbsp;&nbsp;&nbsp;&nbsp;&nbsp;&nbsp;&nbsp;&nbsp;&nbsp;&nbsp;&nbsp;&nbsp;&nbsp;&nbsp;&nbsp;&nbsp; o godz. 18.00 i w niedziel\u0119 o godz. 11.15.<\/p>\n<p>&nbsp;<\/p>\n<p><u>&nbsp;<\/u><\/p>\n<p><u>&nbsp;<\/u><\/p>\n","protected":false},"excerpt":{"rendered":"<p>REKOLEKCJE WIELKOPOSTNE 2021 \u015aroda Popielcowa, 17 lutego &#8211; dzie\u0144 publicznej pokuty Rozpocz\u0119cie rekolekcji na wszystkich mszach \u015bwi\u0119tych (7.00, 8.00, 16.30&nbsp;&nbsp;&nbsp;&nbsp;&nbsp;&nbsp;&nbsp;&nbsp;&nbsp;&nbsp;&nbsp;&nbsp;&nbsp;&nbsp; i 18.00).&nbsp; Po Mszy \u015bw o godz. 8.00 Nowenna do MB Nieustaj\u0105cej Pomocy,&nbsp;&nbsp;&nbsp;&nbsp;&nbsp;&nbsp;&nbsp;&nbsp;&nbsp;&nbsp;&nbsp;&nbsp;&nbsp;&nbsp;&nbsp; a po Mszy \u015bw. o godz. 18.00. Wystawienie Naj\u015bw. Sakramentu i Apel Jasnog\u00f3rski o godz. 20.30. Czwartek, 18 lutego &#8211; dzie\u0144 modlitwy &#8230; <span class=\"more\"><a class=\"more-link\" href=\"https:\/\/www.chnk.pl\/?p=3088\">czytaj wi\u0119cej<\/a><\/span><\/p>\n","protected":false},"author":3,"featured_media":0,"comment_status":"open","ping_status":"open","sticky":false,"template":"","format":"standard","meta":{"ngg_post_thumbnail":0,"footnotes":""},"categories":[1],"tags":[],"_links":{"self":[{"href":"https:\/\/www.chnk.pl\/index.php?rest_route=\/wp\/v2\/posts\/3088"}],"collection":[{"href":"https:\/\/www.chnk.pl\/index.php?rest_route=\/wp\/v2\/posts"}],"about":[{"href":"https:\/\/www.chnk.pl\/index.php?rest_route=\/wp\/v2\/types\/post"}],"author":[{"embeddable":true,"href":"https:\/\/www.chnk.pl\/index.php?rest_route=\/wp\/v2\/users\/3"}],"replies":[{"embeddable":true,"href":"https:\/\/www.chnk.pl\/index.php?rest_route=%2Fwp%2Fv2%2Fcomments&post=3088"}],"version-history":[{"count":1,"href":"https:\/\/www.chnk.pl\/index.php?rest_route=\/wp\/v2\/posts\/3088\/revisions"}],"predecessor-version":[{"id":3089,"href":"https:\/\/www.chnk.pl\/index.php?rest_route=\/wp\/v2\/posts\/3088\/revisions\/3089"}],"wp:attachment":[{"href":"https:\/\/www.chnk.pl\/index.php?rest_route=%2Fwp%2Fv2%2Fmedia&parent=3088"}],"wp:term":[{"taxonomy":"category","embeddable":true,"href":"https:\/\/www.chnk.pl\/index.php?rest_route=%2Fwp%2Fv2%2Fcategories&post=3088"},{"taxonomy":"post_tag","embeddable":true,"href":"https:\/\/www.chnk.pl\/index.php?rest_route=%2Fwp%2Fv2%2Ftags&post=3088"}],"curies":[{"name":"wp","href":"https:\/\/api.w.org\/{rel}","templated":true}]}}