{"id":3081,"date":"2021-02-13T16:34:40","date_gmt":"2021-02-13T16:34:40","guid":{"rendered":"http:\/\/www.chnk.pl\/?p=3081"},"modified":"2021-02-14T14:54:28","modified_gmt":"2021-02-14T14:54:28","slug":"5-niedziela-zwykla-5","status":"publish","type":"post","link":"https:\/\/www.chnk.pl\/?p=3081","title":{"rendered":"6 Niedziela Zwyk\u0142a"},"content":{"rendered":"\n<p>&nbsp;<\/p>\n<p>&nbsp;<\/p>\n<p><strong>&nbsp;<\/strong><\/p>\n<p><strong>&nbsp;<\/strong><\/p>\n<p><strong>OG\u0141OSZENIA DUSZPASTERSKIE<\/strong><\/p>\n<p>&nbsp;<\/p>\n<p><strong>&nbsp;<\/strong><strong>14 lutego 2021 r.<\/strong><\/p>\n<ol>\n<li>We wtorek ko\u0144czy si\u0119 czas hucznych wesel i zabaw. Od \u015brody rozpoczynamy Wielki Post. Rozpoczyna si\u0119 czas spowiedzi i Komunii \u015bw. wielkanocnej.<\/li>\n<li>W \u015arod\u0119 Popielcow\u0105 msza \u015bw. o godz. 7.00, 8.00, 16.30 i 18.00. W \u015arod\u0119 Popielcow\u0105 obowi\u0105zuje post zwyk\u0142y i post \u015bcis\u0142y od kt\u00f3rych nie ma dyspensy. Do zachowania postu \u015bcis\u0142ego zobowi\u0105zane s\u0105 osoby, kt\u00f3re uko\u0144czy\u0142y osiemnasty rok \u017cycia a nie rozpocz\u0119\u0142y jeszcze sze\u015b\u0107dziesi\u0105tego. Post zwyk\u0142y obowi\u0105zuje od 14 roku do ko\u0144ca \u017cycia. W \u015arod\u0119 Popielcow\u0105, przed ko\u015bcio\u0142em, mo\u017cliwo\u015b\u0107 z\u0142o\u017cenia ofiary na CARITAS. Od \u015arody Popielcowej do niedzieli odprawia si\u0119 Kwartalne dni modlitw o ducha pokuty po\u0142\u0105czone z modlitw\u0105 o trze\u017awo\u015b\u0107. Modlitw\u0105, postem i trze\u017awo\u015bci\u0105 pragniemy wynagrodzi\u0107 sprawiedliwo\u015bci Bo\u017cej nasze grzechy. Zach\u0119camy do podj\u0119cia indywidualnego postu o chlebie i wodzie w jeden dzie\u0144 Wielkiego Postu. Szukamy czterdziestu parafian, kt\u00f3rzy podj\u0119liby t\u0119 praktyk\u0119 pokutn\u0105 w intencji wynagrodzenia Panu Bogu za blu\u017anierstwa. Szczeg\u00f3\u0142y w kaplicy przy zakrystii.<\/li>\n<li>W \u015arod\u0119 Popielcow\u0105 rozpoczynamy rekolekcje wielkopostne w naszej parafii, kt\u00f3re potrwaj\u0105 do przysz\u0142ej niedzieli. Poprowadzi je O. Krzysztof Zi\u0119tkowski, Oblat Maryi Niepokalanej. Nauki rekolekcyjne o godz. 8.00 i 18.00. Od \u015brody do soboty, po wieczornej mszy \u015bw., adoracja Naj\u015bwi\u0119tszego Sakramentu do 20.30. Msza \u015bw. z udzielaniem sakramentu chorych w sobot\u0119 o godz. 10.00. W sobot\u0119 od 9.00 okazja do spowiedzi \u015bw. Ca\u0142o\u015bciowy program rekolekcji jest wywieszony na tablicy og\u0142osze\u0144, wy\u0142o\u017cony pod ch\u00f3rem i zamieszczony na stronie internetowej parafii. Transmisja mszy \u015bw. rekolekcyjnej od \u015brody do soboty o godz. 18.00 i w niedziel\u0119 o godz. 11.15<\/li>\n<li>W przysz\u0142\u0105 niedziel\u0119 liturgi\u0119 mszy \u015bw. o godz. 11.15 przygotowuje zesp\u00f3\u0142 dzieci\u0119cy. Zapraszamy ch\u0119tne do \u015bpiewu dzieci na pr\u00f3b\u0119 scholi, na ch\u00f3rze, o godz. 10.30. <strong>5<\/strong><strong>. <\/strong>Decyzj\u0105 Ojca \u015awi\u0119tego Franciszka Ksi\u0105dz Biskup Damian Bryl zosta\u0142 mianowany biskupem diecezjalnym kaliskim. W sobot\u0105, dnia 20 lutego br., o godzinie 11.00 w Katedrze Pozna\u0144skiej Ksi\u0105dz Biskup Damian Bryl odprawi dzi\u0119kczynn\u0105 Eucharysti\u0119, podczas kt\u00f3rej podzi\u0119kujemy Panu Bogu za dar jego kap\u0142a\u0144skiej i biskupiej pos\u0142ugi w Archidiecezji Pozna\u0144skiej. Do wzi\u0119cia udzia\u0142u w modlitwie \u2013 z zachowaniem norm sanitarnych \u2013 zapraszamy kap\u0142an\u00f3w i wiernych \u015bwieckich. Msza \u015awi\u0119ta b\u0119dzie transmitowana przez stron\u0119 internetow\u0105 parafii katedralnej w Poznaniu.&nbsp; &nbsp; &nbsp; &nbsp; &nbsp; &nbsp; &nbsp; &nbsp; &nbsp; &nbsp; &nbsp; &nbsp; &nbsp; &nbsp; &nbsp; &nbsp; &nbsp; &nbsp; &nbsp; &nbsp; &nbsp; &nbsp; &nbsp; &nbsp; &nbsp; &nbsp; &nbsp; &nbsp; &nbsp; &nbsp; &nbsp; &nbsp; &nbsp; &nbsp; &nbsp; &nbsp; &nbsp; &nbsp; &nbsp; &nbsp; &nbsp; &nbsp; &nbsp; &nbsp; &nbsp; &nbsp; &nbsp; &nbsp; &nbsp; &nbsp; 5.Pierwszy pi\u0105tek Wielkiego Postu zosta\u0142 przez Konferencj\u0119 Episkopatu Polski ustanowiony dniem pokuty i modlitwy za grzechy wykorzystywania seksualnego ma\u0142oletnich.&nbsp; &nbsp; &nbsp; &nbsp; &nbsp; &nbsp; &nbsp; &nbsp; &nbsp; &nbsp; &nbsp;<\/li>\n<li>DROGA KRZY\u017bOWA w pi\u0105tki Wielkiego Postu: <strong>dla dzieci<\/strong> godz. 16.30,<strong> dla doros\u0142ych<\/strong> w tym tygodniu godz. 7.30 i 17.30. <strong>GORZKIE \u017bALE<\/strong> w niedziel\u0119 o 15.30.<strong>&nbsp;&nbsp;&nbsp;&nbsp;&nbsp;&nbsp;&nbsp;&nbsp;&nbsp;&nbsp;&nbsp;&nbsp;&nbsp;&nbsp;&nbsp;&nbsp;&nbsp;&nbsp;&nbsp;&nbsp;&nbsp;&nbsp;&nbsp;&nbsp;&nbsp;&nbsp;&nbsp;&nbsp;&nbsp;&nbsp;&nbsp;&nbsp;&nbsp;&nbsp;&nbsp;&nbsp;&nbsp;&nbsp;&nbsp;&nbsp;&nbsp;&nbsp;&nbsp;&nbsp;&nbsp;&nbsp;&nbsp;&nbsp;&nbsp;&nbsp; <\/strong><\/li>\n<li>Zach\u0119camy do czytania prasy religijnej. Przy zakrystii Przewodnik Katolicki, Go\u015b\u0107 Niedzielny, Ziarno, Ma\u0142y Przewodnik Katolicki i ksi\u0105\u017ceczka na Wielki Post <em>\u201e40 Dni z Bogiem\u201d<\/em>.&nbsp; &nbsp; &nbsp; &nbsp; &nbsp; &nbsp; &nbsp; &nbsp; &nbsp; &nbsp; &nbsp; &nbsp; &nbsp; &nbsp; &nbsp; &nbsp;<\/li>\n<li>B\u00f3g zap\u0142a\u0107 za ofiary sk\u0142adane na utrzymanie naszego<\/li>\n<li>M\u00f3dlmy si\u0119 za zmar\u0142ych parafian.&nbsp;&nbsp;&nbsp;&nbsp;&nbsp;&nbsp;&nbsp;&nbsp;&nbsp;&nbsp;&nbsp;&nbsp;&nbsp;&nbsp;&nbsp;&nbsp;&nbsp;&nbsp;&nbsp;&nbsp;&nbsp;&nbsp;&nbsp;&nbsp;&nbsp;&nbsp;&nbsp;&nbsp;&nbsp;&nbsp;&nbsp;&nbsp;&nbsp;&nbsp;&nbsp;&nbsp;&nbsp;&nbsp;&nbsp;&nbsp;&nbsp;&nbsp;&nbsp;&nbsp;&nbsp;&nbsp;&nbsp;&nbsp;&nbsp;&nbsp;&nbsp;&nbsp;&nbsp;&nbsp;&nbsp;&nbsp;&nbsp;&nbsp;&nbsp;&nbsp;&nbsp;&nbsp;&nbsp;&nbsp;&nbsp;&nbsp;&nbsp;&nbsp;&nbsp;&nbsp;&nbsp;&nbsp;&nbsp;&nbsp;&nbsp;&nbsp;&nbsp;&nbsp;&nbsp;&nbsp;&nbsp;&nbsp;&nbsp;&nbsp;&nbsp;&nbsp;&nbsp;&nbsp;&nbsp;&nbsp;&nbsp;&nbsp;&nbsp;&nbsp;&nbsp;&nbsp;&nbsp;&nbsp;&nbsp;&nbsp;&nbsp;&nbsp;&nbsp; Za dusz\u0119 \u015bp. Janiny Nawrot, os. Lecha 49 (msza \u015bw. pogrzebowa we wtorek o godz. 11.30) Wieczny odpoczynek racz zmar\u0142ym da\u0107 Panie.<\/li>\n<\/ol>\n<p>&nbsp;<\/p>\n<p>&nbsp;<\/p>\n<p>&nbsp;<\/p>\n<p><strong>&nbsp;<\/strong><\/p>\n<p><strong>&nbsp;<\/strong><\/p>\n<p><strong>&nbsp;<\/strong><\/p>\n<p>&nbsp;<\/p>\n<p>&nbsp;<\/p>\n<p>&nbsp;<\/p>\n<p><strong>&nbsp;<\/strong><\/p>\n<p><strong>&nbsp;<\/strong><\/p>\n<p><strong>&nbsp;<\/strong><\/p>\n<p>&nbsp;<\/p>\n","protected":false},"excerpt":{"rendered":"<p>&nbsp; &nbsp; &nbsp; &nbsp; OG\u0141OSZENIA DUSZPASTERSKIE &nbsp; &nbsp;14 lutego 2021 r. We wtorek ko\u0144czy si\u0119 czas hucznych wesel i zabaw. Od \u015brody rozpoczynamy Wielki Post. Rozpoczyna si\u0119 czas spowiedzi i Komunii \u015bw. wielkanocnej. W \u015arod\u0119 Popielcow\u0105 msza \u015bw. o godz. 7.00, 8.00, 16.30 i 18.00. W \u015arod\u0119 Popielcow\u0105 obowi\u0105zuje post zwyk\u0142y i post \u015bcis\u0142y od &#8230; <span class=\"more\"><a class=\"more-link\" href=\"https:\/\/www.chnk.pl\/?p=3081\">czytaj wi\u0119cej<\/a><\/span><\/p>\n","protected":false},"author":3,"featured_media":0,"comment_status":"open","ping_status":"open","sticky":false,"template":"","format":"standard","meta":{"ngg_post_thumbnail":0,"footnotes":""},"categories":[1],"tags":[],"_links":{"self":[{"href":"https:\/\/www.chnk.pl\/index.php?rest_route=\/wp\/v2\/posts\/3081"}],"collection":[{"href":"https:\/\/www.chnk.pl\/index.php?rest_route=\/wp\/v2\/posts"}],"about":[{"href":"https:\/\/www.chnk.pl\/index.php?rest_route=\/wp\/v2\/types\/post"}],"author":[{"embeddable":true,"href":"https:\/\/www.chnk.pl\/index.php?rest_route=\/wp\/v2\/users\/3"}],"replies":[{"embeddable":true,"href":"https:\/\/www.chnk.pl\/index.php?rest_route=%2Fwp%2Fv2%2Fcomments&post=3081"}],"version-history":[{"count":4,"href":"https:\/\/www.chnk.pl\/index.php?rest_route=\/wp\/v2\/posts\/3081\/revisions"}],"predecessor-version":[{"id":3106,"href":"https:\/\/www.chnk.pl\/index.php?rest_route=\/wp\/v2\/posts\/3081\/revisions\/3106"}],"wp:attachment":[{"href":"https:\/\/www.chnk.pl\/index.php?rest_route=%2Fwp%2Fv2%2Fmedia&parent=3081"}],"wp:term":[{"taxonomy":"category","embeddable":true,"href":"https:\/\/www.chnk.pl\/index.php?rest_route=%2Fwp%2Fv2%2Fcategories&post=3081"},{"taxonomy":"post_tag","embeddable":true,"href":"https:\/\/www.chnk.pl\/index.php?rest_route=%2Fwp%2Fv2%2Ftags&post=3081"}],"curies":[{"name":"wp","href":"https:\/\/api.w.org\/{rel}","templated":true}]}}