{"id":3079,"date":"2021-02-12T08:06:40","date_gmt":"2021-02-12T08:06:40","guid":{"rendered":"http:\/\/www.chnk.pl\/?p=3079"},"modified":"2021-02-12T08:06:40","modified_gmt":"2021-02-12T08:06:40","slug":"post-w-intencji-parafii","status":"publish","type":"post","link":"https:\/\/www.chnk.pl\/?p=3079","title":{"rendered":"Post w intencji Parafii"},"content":{"rendered":"\n<p>&nbsp;<\/p>\n<p>Dzi\u0119kujemy Siostro, Bracie za Twoje zaanga\u017cowanie w Grup\u0119 Pokutn\u0105, kt\u00f3ra pragnie budowa\u0107 \u017cyw\u0105 wsp\u00f3lnot\u0119 naszej Parafii ofiaruj\u0105c w jej intencji uczynek pokutny: post po\u0142\u0105czony z ja\u0142mu\u017cn\u0105 i modlitw\u0105.<\/p>\n<p>&nbsp;<\/p>\n<p><strong>NA CZYM POLEGA TO DZIE\u0141O POKUTNE?<\/strong><\/p>\n<p>Zapraszamy Ci\u0119, by\u015b w liturgicznym okresie Wielkiego Postu, kt\u00f3ry rozpoczyna si\u0119 w \u015arod\u0119 Popielcow\u0105, ofiarowa\u0142 jeden dzie\u0144 postu. Kto w\u0142\u0105cza si\u0119 w t\u0119 inicjatyw\u0119, tworzy z innymi Grup\u0119 Pokutn\u0105 sk\u0142adaj\u0105c\u0105 si\u0119 z 40 Parafian. Ka\u017cda z tych os\u00f3b, w wyznaczonym dniu (z wyj\u0105tkiem niedziel) Wielkiego Postu, rezygnuje z posi\u0142k\u00f3w poszcz\u0105c o chlebie i wodzie. Z zaoszcz\u0119dzonych na tych posi\u0142kach pieni\u0119dzy sk\u0142ada ja\u0142mu\u017cn\u0119 na rzecz potrzebuj\u0105cych oraz uczestniczy w wyznaczony dzie\u0144 w Mszy \u015awi\u0119tej przyjmuj\u0105c Komuni\u0119 \u015awi\u0119t\u0105 we wskazanych ni\u017cej intencjach.<\/p>\n<p>&nbsp;<\/p>\n<ol>\n<li>Zgodnie z has\u0142em tego Roku \u201e<strong>Wielka Tajemnica Wiary<\/strong>\u201d o nasz \u015bwiadomy udzia\u0142 w tajemnicy Wieczernika, przyj\u0119cie daru Eucharystii z wiar\u0105 w realn\u0105 obecno\u015b\u0107 Jezusa&nbsp; Chrystusa podczas jej celebracji. Aby dla ka\u017cdego udzia\u0142 w Mszy \u015bw. by\u0142 autentycznym jej prze\u017cywaniem i Eucharystia sta\u0142a si\u0119 szczytem i \u017ar\u00f3d\u0142em chrze\u015bcija\u0144skiego \u017cycia.<\/li>\n<\/ol>\n<p>&nbsp; &nbsp;<\/p>\n<ol start=\"2\">\n<li>Prze\u017cywaj\u0105c 100 rocznic\u0119 urodzin \u015bw. Jana Paw\u0142a II i zbli\u017caj\u0105c\u0105 si\u0119 beatyfikacj\u0119 S\u0142ugi Bo\u017cego Stefana Wyszy\u0144skiego m\u00f3dlmy si\u0119, by ten rok by\u0142 dla m\u0142odych ma\u0142\u017ce\u0144stw i rodzin, czasem \u0142aski wypraszanej przez wstawiennictwo tych \u015awi\u0119tych,&nbsp; \u201eaby rodziny by\u0142y Bogiem silne\u201d.<\/li>\n<\/ol>\n<p>&nbsp;<\/p>\n<ol start=\"3\">\n<li>W intencji naszego Miasta oraz wszystkich sprawuj\u0105cych w\u0142adz\u0119, aby ich dzia\u0142ania uwzgl\u0119dnia\u0142y warto\u015bci moralne oparte na Bo\u017cych Prawach .<\/li>\n<\/ol>\n<p>&nbsp;<\/p>\n<p>W razie niemo\u017cno\u015bci uczestniczenia w Mszy \u015awi\u0119tej cz\u0142onek Grupy Pokutnej wybiera inn\u0105 form\u0119 modlitwy we wskazanych intencjach.<\/p>\n<p>Niech B\u00f3g nam wszystkim b\u0142ogos\u0142awi!<\/p>\n<p>&nbsp;<\/p>\n<p>&nbsp;<\/p>\n<p><strong>Modlitwa przed podj\u0119ciem postu<\/strong><\/p>\n<p>&nbsp;<\/p>\n<p>Ojcze, dzi\u0119kuj\u0119 Ci za moj\u0105 Parafi\u0119 p.w. Chrystusa Najwy\u017cszego Kap\u0142ana<\/p>\n<p>w Archidiecezji Pozna\u0144skiej &#8211; dar Twojej mi\u0142o\u015bci. Jestem Tobie bardzo wdzi\u0119czny za ten skrawek ziemi, na kt\u00f3rym dane jest mi \u017cy\u0107 wielbi\u0105c Ciebie we wsp\u00f3lnocie Ko\u015bcio\u0142a. Udziel mi przez Twojego Ducha \u015awi\u0119tego \u0142aski mi\u0142o\u015bci, bym sta\u0142 si\u0119 zdolny do z\u0142o\u017cenia ofiary postu, ja\u0142mu\u017cny i modlitwy w intencji mojej Parafii. Spraw, bym sam przebudzony Twoj\u0105 mi\u0142o\u015bci\u0105 m\u00f3g\u0142 si\u0119 dzieli\u0107 ni\u0105 z bli\u017animi.&nbsp; Amen.<\/p>\n<p>&nbsp;<\/p>\n<p>&nbsp;<\/p>\n<p><strong>Post<\/strong><\/p>\n<p>&nbsp;\u201cZ postem \u0142\u0105czy si\u0119 ja\u0142mu\u017cna&#8230;W staro\u017cytno\u015bci poszczono mi\u0119dzy innymi, aby zaoszcz\u0119dzone pieni\u0105dze obraca\u0107 na cele mi\u0142osierdzia. Ja\u0142mu\u017cna temperuje wybuja\u0142y egoizm i dopomaga rozwija\u0107 si\u0119 cnocie mi\u0142o\u015bci bli\u017aniego\u201d.&nbsp;<\/p>\n<p>&nbsp; \u201eNie samym chlebem \u017cyje cz\u0142owiek, lecz ka\u017cdym s\u0142owem, kt\u00f3re pochodzi z ust Bo\u017cych\u201d (Mt 4,4)<\/p>\n<p>\u201ePost jest g\u0142\u0119bokim aktem wiary w Pana, kt\u00f3ry \u017cywi nas Swoim S\u0142owem&#8230;dlatego zawsze zwi\u0105zany jest z modlitw\u0105, ze s\u0142uchaniem w obfito\u015bci S\u0142owa Bo\u017cego&#8230; Poprzez post nie d\u0105\u017cy si\u0119 do destrukcji cia\u0142a, lecz do poddania go panowaniu ducha, tak aby odzyska\u0142o swoje pierwotne powo\u0142anie, czyli by\u0142o \u015bwi\u0105tyni\u0105 Ducha \u015awi\u0119tego\u201d.<\/p>\n<p>&nbsp;<\/p>\n<p>2020<\/p>\n","protected":false},"excerpt":{"rendered":"<p>&nbsp; Dzi\u0119kujemy Siostro, Bracie za Twoje zaanga\u017cowanie w Grup\u0119 Pokutn\u0105, kt\u00f3ra pragnie budowa\u0107 \u017cyw\u0105 wsp\u00f3lnot\u0119 naszej Parafii ofiaruj\u0105c w jej intencji uczynek pokutny: post po\u0142\u0105czony z ja\u0142mu\u017cn\u0105 i modlitw\u0105. &nbsp; NA CZYM POLEGA TO DZIE\u0141O POKUTNE? Zapraszamy Ci\u0119, by\u015b w liturgicznym okresie Wielkiego Postu, kt\u00f3ry rozpoczyna si\u0119 w \u015arod\u0119 Popielcow\u0105, ofiarowa\u0142 jeden dzie\u0144 postu. Kto &#8230; <span class=\"more\"><a class=\"more-link\" href=\"https:\/\/www.chnk.pl\/?p=3079\">czytaj wi\u0119cej<\/a><\/span><\/p>\n","protected":false},"author":3,"featured_media":0,"comment_status":"open","ping_status":"open","sticky":false,"template":"","format":"standard","meta":{"ngg_post_thumbnail":0,"footnotes":""},"categories":[1],"tags":[],"_links":{"self":[{"href":"https:\/\/www.chnk.pl\/index.php?rest_route=\/wp\/v2\/posts\/3079"}],"collection":[{"href":"https:\/\/www.chnk.pl\/index.php?rest_route=\/wp\/v2\/posts"}],"about":[{"href":"https:\/\/www.chnk.pl\/index.php?rest_route=\/wp\/v2\/types\/post"}],"author":[{"embeddable":true,"href":"https:\/\/www.chnk.pl\/index.php?rest_route=\/wp\/v2\/users\/3"}],"replies":[{"embeddable":true,"href":"https:\/\/www.chnk.pl\/index.php?rest_route=%2Fwp%2Fv2%2Fcomments&post=3079"}],"version-history":[{"count":1,"href":"https:\/\/www.chnk.pl\/index.php?rest_route=\/wp\/v2\/posts\/3079\/revisions"}],"predecessor-version":[{"id":3080,"href":"https:\/\/www.chnk.pl\/index.php?rest_route=\/wp\/v2\/posts\/3079\/revisions\/3080"}],"wp:attachment":[{"href":"https:\/\/www.chnk.pl\/index.php?rest_route=%2Fwp%2Fv2%2Fmedia&parent=3079"}],"wp:term":[{"taxonomy":"category","embeddable":true,"href":"https:\/\/www.chnk.pl\/index.php?rest_route=%2Fwp%2Fv2%2Fcategories&post=3079"},{"taxonomy":"post_tag","embeddable":true,"href":"https:\/\/www.chnk.pl\/index.php?rest_route=%2Fwp%2Fv2%2Ftags&post=3079"}],"curies":[{"name":"wp","href":"https:\/\/api.w.org\/{rel}","templated":true}]}}