{"id":3073,"date":"2021-02-06T15:59:09","date_gmt":"2021-02-06T15:59:09","guid":{"rendered":"http:\/\/www.chnk.pl\/?p=3073"},"modified":"2021-02-06T16:10:52","modified_gmt":"2021-02-06T16:10:52","slug":"rekolekcji-oo-jezuitow","status":"publish","type":"post","link":"https:\/\/www.chnk.pl\/?p=3073","title":{"rendered":"Rekolekcji oo. Jezuit\u00f3w"},"content":{"rendered":"\n\n\n<p style=\"text-align: center;\">Wsp\u00f3lnota \u017bycia Chrze\u015bcija\u0144skiego we wsp\u00f3\u0142pracy z oo.<br \/>Jezuitami oraz Fundacj\u0105 VINEA zaprasza na Rekolekcje w<br \/>\u017byciu Codziennym \u201eBo\u017ce, gdzie jeste\u015b?\u201d<br \/>ormu\u0142a rekolekcji nawi\u0105zuje do \u0106wicze\u0144 Duchowych \u015bw. Ignacego Loyoli, czyli<br \/>rekolekcji ignacja\u0144skich. Rekolekcje adresowane s\u0105 do wszystkich, kt\u00f3rzy nosz\u0105 w<br \/>sercu pragnienie bli\u017cszego poznania Boga i nawi\u0105zania z Nim g\u0142\u0119bszej, bardziej<br \/>osobistej relacji. Szczeg\u00f3lnie zapraszamy tych, kt\u00f3rzy z r\u00f3\u017cnych wzgl\u0119d\u00f3w nie maj\u0105<br \/>mo\u017cliwo\u015bci odbycia rekolekcji ignacja\u0144skich w domach rekolekcyjnych.<br \/><br \/>Rekolekcje potrwaj\u0105 5 niedziel: od 28.02 do 28.03 br. W tym roku prowadzone s\u0105<br \/>w wersji on-line. W ramach rekolekcji w ka\u017cd\u0105 niedziel\u0119 o godz. 18.00<br \/>odprawiana b\u0119dzie Msza \u015awi\u0119ta w ko\u015bciele oo. Jezuit\u00f3w przy ul Szewskiej 18 w<br \/>Poznaniu. Dla tych, kt\u00f3rzy nie b\u0119d\u0105 mogli uczestniczy\u0107 we Mszy osobi\u015bcie, b\u0119dzie ona<br \/>transmitowana na \u017cywo na<br \/>Facebooku. Po Mszy<br \/>rekolektanci b\u0119d\u0105 uczestniczy\u0107<br \/>w konferencji na temat<br \/>wybranych zagadnie\u0144 z<br \/>duchowo\u015bci ignacja\u0144skiej.<br \/>R\u00f3wnie\u017c w niedziel\u0119 wieczorem<br \/>b\u0119d\u0105 udost\u0119pniane na stronie<br \/>internetowej Wsp\u00f3lnoty<br \/>materia\u0142y potrzebne do<br \/>odprawienia rekolekcji na<br \/>kolejny tydzie\u0144. <br \/><br \/>Z uwagi na charakter<br \/>rekolekcji obowi\u0105zuj\u0105<br \/>zapisy, kt\u00f3re prowadzone b\u0119d\u0105<br \/>od 1.02.br do 21.02. na<br \/>stronach www.wzch.poznan.pl<br \/>oraz www.vinea.org.pl. Mo\u017cna<br \/>tam znale\u017a\u0107 informacje<br \/>dotycz\u0105ce sposobu ich<br \/>odprawiania. Liczba miejsc do<br \/>os\u00f3b towarzysz\u0105cych jest<br \/>ograniczona. <br \/><br \/>Zapraszamy do wsp\u00f3lnej modlitwy!<\/p>\n","protected":false},"excerpt":{"rendered":"<p>Wsp\u00f3lnota \u017bycia Chrze\u015bcija\u0144skiego we wsp\u00f3\u0142pracy z oo.Jezuitami oraz Fundacj\u0105 VINEA zaprasza na Rekolekcje w\u017byciu Codziennym \u201eBo\u017ce, gdzie jeste\u015b?\u201dormu\u0142a rekolekcji nawi\u0105zuje do \u0106wicze\u0144 Duchowych \u015bw. Ignacego Loyoli, czylirekolekcji ignacja\u0144skich. Rekolekcje adresowane s\u0105 do wszystkich, kt\u00f3rzy nosz\u0105 wsercu pragnienie bli\u017cszego poznania Boga i nawi\u0105zania z Nim g\u0142\u0119bszej, bardziejosobistej relacji. Szczeg\u00f3lnie zapraszamy tych, kt\u00f3rzy z r\u00f3\u017cnych wzgl\u0119d\u00f3w nie &#8230; <span class=\"more\"><a class=\"more-link\" href=\"https:\/\/www.chnk.pl\/?p=3073\">czytaj wi\u0119cej<\/a><\/span><\/p>\n","protected":false},"author":3,"featured_media":0,"comment_status":"open","ping_status":"open","sticky":false,"template":"","format":"standard","meta":{"ngg_post_thumbnail":0,"footnotes":""},"categories":[1],"tags":[],"_links":{"self":[{"href":"https:\/\/www.chnk.pl\/index.php?rest_route=\/wp\/v2\/posts\/3073"}],"collection":[{"href":"https:\/\/www.chnk.pl\/index.php?rest_route=\/wp\/v2\/posts"}],"about":[{"href":"https:\/\/www.chnk.pl\/index.php?rest_route=\/wp\/v2\/types\/post"}],"author":[{"embeddable":true,"href":"https:\/\/www.chnk.pl\/index.php?rest_route=\/wp\/v2\/users\/3"}],"replies":[{"embeddable":true,"href":"https:\/\/www.chnk.pl\/index.php?rest_route=%2Fwp%2Fv2%2Fcomments&post=3073"}],"version-history":[{"count":5,"href":"https:\/\/www.chnk.pl\/index.php?rest_route=\/wp\/v2\/posts\/3073\/revisions"}],"predecessor-version":[{"id":3078,"href":"https:\/\/www.chnk.pl\/index.php?rest_route=\/wp\/v2\/posts\/3073\/revisions\/3078"}],"wp:attachment":[{"href":"https:\/\/www.chnk.pl\/index.php?rest_route=%2Fwp%2Fv2%2Fmedia&parent=3073"}],"wp:term":[{"taxonomy":"category","embeddable":true,"href":"https:\/\/www.chnk.pl\/index.php?rest_route=%2Fwp%2Fv2%2Fcategories&post=3073"},{"taxonomy":"post_tag","embeddable":true,"href":"https:\/\/www.chnk.pl\/index.php?rest_route=%2Fwp%2Fv2%2Ftags&post=3073"}],"curies":[{"name":"wp","href":"https:\/\/api.w.org\/{rel}","templated":true}]}}