{"id":3070,"date":"2021-02-06T15:34:07","date_gmt":"2021-02-06T15:34:07","guid":{"rendered":"http:\/\/www.chnk.pl\/?p=3070"},"modified":"2021-02-06T15:34:07","modified_gmt":"2021-02-06T15:34:07","slug":"5-niedziela-zwykla-4","status":"publish","type":"post","link":"https:\/\/www.chnk.pl\/?p=3070","title":{"rendered":"5 Niedziela Zwyk\u0142a"},"content":{"rendered":"\n<p><strong>&nbsp;<\/strong><\/p>\n<p><strong>&nbsp;<\/strong><\/p>\n<p><strong>&nbsp;<\/strong><\/p>\n<p><strong>&nbsp;<\/strong><\/p>\n<p><strong>OG\u0141OSZENIA DUSZPASTERSKIE<\/strong><\/p>\n<p><strong>NIEDZIELA V ZWYK\u0141A<\/strong><\/p>\n<p><strong>7 lutego 2021 r.<\/strong><\/p>\n<ol>\n<li>Kalendarz liturgiczny:<\/li>\n<\/ol>\n<p>poniedzia\u0142ek \u2013 \u015bw. J\u00f3zefiny Bakhity i \u015bw. Hieronima Emilianiego<\/p>\n<p>\u015broda &#8211; \u015bw. Scholastyki<\/p>\n<p>czwartek \u2013 Wspomnienie Matki Bo\u017cej z Lourdes,<\/p>\n<p>&nbsp;<\/p>\n<ol start=\"2\">\n<li>Licznej w tym roku grupie Parafian podzi\u0119kowanie za pomoc w rozbieraniu choinek i uporz\u0105dkowaniu ko\u015bcio\u0142a.<\/li>\n<\/ol>\n<p>&nbsp;<\/p>\n<ol start=\"3\">\n<li>W czwartek wspomnienie liturgiczne Matki Bo\u017cej z Lourdes \u2013 \u015awiatowy Dzie\u0144 Chorego. W sanktuarium Matki Bo\u017cej Uzdrowienia Chorych w Smolicach, 11 lutego 2021 roku, w \u015aWIATOWY DZIE\u0143 CHOREGO, o godz. 11.00, zostanie odprawiona Msza \u015bw. w intencji chorych i cierpi\u0105cych, przebywaj\u0105cych w izolacji i na kwarantannie oraz tych, kt\u00f3rzy nios\u0105 pomoc i ulg\u0119 w cierpieniu. Mszy \u015bw. przewodniczy\u0107 b\u0119dzie J.E.Ks. Biskup Grzegorz Balcerek. Ze wzgl\u0119du na stan pandemii, b\u0119dzie mo\u017cliwo\u015b\u0107 uczestniczenia w transmisji na \u017cywo: <a href=\"https:\/\/www.facebook.com\/sanktuarium.smolice\/\">https:\/\/www.facebook.com\/sanktuarium.smolice\/<\/a> Natomiast 14 lutego o godz. 11.00. &#8211; transmisja na \u017cywo w TVP 3 Pozna\u0144 w intencji Chorych, Cierpi\u0105cych, Wolontariuszy, Medyk\u00f3w.&nbsp; W naszej parafii msza \u015bw. w intencji chorych z udzielaniem Sakramentu Chorych zostanie odprawiona w czasie rekolekcji wielkopostnych. Rekolekcje wielkopostne rozpoczn\u0105 si\u0119 w \u015arod\u0119 Popielcow\u0105 17 lutego i potrwaj\u0105 do I Niedzieli Wielkiego Postu.<\/li>\n<\/ol>\n<p>&nbsp;<\/p>\n<ol start=\"4\">\n<li>Wsp\u00f3lnota \u017bycia Chrze\u015bcija\u0144skiego zaprasza na Rekolekcje <em>\u201eBo\u017ce gdzie jeste\u015b?\u201d. <\/em>Szczeg\u00f3\u0142y na tablicy og\u0142osze\u0144.<\/li>\n<\/ol>\n<p>&nbsp;<\/p>\n<ol start=\"5\">\n<li>Zach\u0119camy do si\u0119gania po pras\u0119 katolick\u0105. Przy zakrystii: <em>Przewodnik Katolicki,<\/em> Ma\u0142y Przewodnik Katolicki (dla dzieci), Go\u015b\u0107 Niedzielny, Ziarno, gazetka parafialna i przewodnik wielkopostny <em>\u201e40 Dni z Bogiem\u201d.<\/em><\/li>\n<\/ol>\n<p><strong>&nbsp;<\/strong><\/p>\n<ol start=\"6\">\n<li>M\u00f3dlmy si\u0119 za zmar\u0142ych parafian. Za dusz\u0119 \u015bp. Bernardyny Lipo\u0144skiej, os. Lecha 16, \u015bp. Krystyny Bodylskiej, os. Lecha 128 i sp. Heleny Jefremienko, os. Lecha 54 (pogrzeb na Junikowie w pi\u0105tek o godz. 8.10 i msza \u015bw. pogrzebowa o godz. 10.30). Wieczny odpoczynek racz zmar\u0142ym da\u0107 Panie.<\/li>\n<\/ol>\n<p>&nbsp;<\/p>\n<p><strong><em>&nbsp;<\/em><\/strong><\/p>\n<p><strong><em>&nbsp;<\/em><\/strong><\/p>\n<p><strong><em>&nbsp;<\/em><\/strong><\/p>\n<p><strong><em>&nbsp;<\/em><\/strong><\/p>\n<p><strong><em>&nbsp;<\/em><\/strong><\/p>\n<p><strong>&nbsp;<\/strong><\/p>\n<p><strong>&nbsp;<\/strong><\/p>\n<p>&nbsp;<\/p>\n<p><u>&nbsp;<\/u><\/p>\n<p><u>&nbsp;<\/u><\/p>\n<p>&nbsp;<\/p>\n","protected":false},"excerpt":{"rendered":"<p>&nbsp; &nbsp; &nbsp; &nbsp; OG\u0141OSZENIA DUSZPASTERSKIE NIEDZIELA V ZWYK\u0141A 7 lutego 2021 r. Kalendarz liturgiczny: poniedzia\u0142ek \u2013 \u015bw. J\u00f3zefiny Bakhity i \u015bw. Hieronima Emilianiego \u015broda &#8211; \u015bw. Scholastyki czwartek \u2013 Wspomnienie Matki Bo\u017cej z Lourdes, &nbsp; Licznej w tym roku grupie Parafian podzi\u0119kowanie za pomoc w rozbieraniu choinek i uporz\u0105dkowaniu ko\u015bcio\u0142a. &nbsp; W czwartek wspomnienie &#8230; <span class=\"more\"><a class=\"more-link\" href=\"https:\/\/www.chnk.pl\/?p=3070\">czytaj wi\u0119cej<\/a><\/span><\/p>\n","protected":false},"author":3,"featured_media":0,"comment_status":"open","ping_status":"open","sticky":false,"template":"","format":"standard","meta":{"ngg_post_thumbnail":0,"footnotes":""},"categories":[1],"tags":[],"_links":{"self":[{"href":"https:\/\/www.chnk.pl\/index.php?rest_route=\/wp\/v2\/posts\/3070"}],"collection":[{"href":"https:\/\/www.chnk.pl\/index.php?rest_route=\/wp\/v2\/posts"}],"about":[{"href":"https:\/\/www.chnk.pl\/index.php?rest_route=\/wp\/v2\/types\/post"}],"author":[{"embeddable":true,"href":"https:\/\/www.chnk.pl\/index.php?rest_route=\/wp\/v2\/users\/3"}],"replies":[{"embeddable":true,"href":"https:\/\/www.chnk.pl\/index.php?rest_route=%2Fwp%2Fv2%2Fcomments&post=3070"}],"version-history":[{"count":1,"href":"https:\/\/www.chnk.pl\/index.php?rest_route=\/wp\/v2\/posts\/3070\/revisions"}],"predecessor-version":[{"id":3071,"href":"https:\/\/www.chnk.pl\/index.php?rest_route=\/wp\/v2\/posts\/3070\/revisions\/3071"}],"wp:attachment":[{"href":"https:\/\/www.chnk.pl\/index.php?rest_route=%2Fwp%2Fv2%2Fmedia&parent=3070"}],"wp:term":[{"taxonomy":"category","embeddable":true,"href":"https:\/\/www.chnk.pl\/index.php?rest_route=%2Fwp%2Fv2%2Fcategories&post=3070"},{"taxonomy":"post_tag","embeddable":true,"href":"https:\/\/www.chnk.pl\/index.php?rest_route=%2Fwp%2Fv2%2Ftags&post=3070"}],"curies":[{"name":"wp","href":"https:\/\/api.w.org\/{rel}","templated":true}]}}