{"id":3062,"date":"2021-01-30T17:31:22","date_gmt":"2021-01-30T17:31:22","guid":{"rendered":"http:\/\/www.chnk.pl\/?p=3062"},"modified":"2021-01-30T17:31:22","modified_gmt":"2021-01-30T17:31:22","slug":"4-niedziela-zwykla-4","status":"publish","type":"post","link":"https:\/\/www.chnk.pl\/?p=3062","title":{"rendered":"4 Niedziela Zwyk\u0142a"},"content":{"rendered":"\n<p>&nbsp;<\/p>\n<p><strong>&nbsp;<\/strong><\/p>\n<p><strong>OG\u0141OSZENIA DUSZPASTERSKIE<\/strong><\/p>\n<p><strong>NIEDZIELA IV ZWYK\u0141A<\/strong><\/p>\n<p><strong>31<\/strong><strong> stycznia 2021r.<\/strong><\/p>\n<p>&nbsp;<\/p>\n<ol>\n<li>Kalendarz liturgiczny:<\/li>\n<\/ol>\n<p>wtorek &#8211; \u015bwi\u0119to Ofiarowania&nbsp; Pa\u0144skiego ( Matki Bo\u017cej Gromnicznej),<\/p>\n<p>\u015broda \u2013 \u015bw. B\u0142a\u017ceja i \u015bw. Oskara,<\/p>\n<p>pi\u0105tek &#8211; \u015bw. Agaty,<\/p>\n<p>sobota &#8211; \u015bw. Paw\u0142a Miki i Towarzyszy m\u0119czennik\u00f3w.<\/p>\n<ol start=\"2\">\n<li>We wtorek, 2 lutego, \u015bwi\u0119to Ofiarowania Pa\u0144skiego (Matki Bo\u017cej Gromnicznej) obchodzone jako Dzie\u0144 \u017bycia Konsekrowanego. Msza \u015bw. o godz. 8.00, 10.00 16.30 i 18.00, Po\u015bwi\u0119cenie gromnic na ka\u017cdej mszy \u015bw. Dzieci pierwszokomunijne zapraszamy na godz. 18.00. Przed ko\u015bcio\u0142em kwesta na zakony klauzurowe. Wdzi\u0119czni za modlitw\u0119 jak\u0105 podejmuj\u0105 zakony klauzurowe, czujemy obowi\u0105zek zapewnienia im pomocy.<\/li>\n<li>W tym tygodniu : I czwartek i I pi\u0105tek i I sobota miesi\u0105ca. Adoracja Naj\u015bwi\u0119tszego Sakramentu w czwartek od godz. 8.00 do 10.30 oraz od godz. 17.00 do 21.00. Miesi\u0119czna spowied\u017a \u015bw. dla dzieci i m\u0142odzie\u017cy w pi\u0105tek od godz. 15.00, msza \u015bw. pierwszopi\u0105tkowa o godz. 18.00. R\u00f3\u017caniec i nabo\u017ce\u0144stwo fatimskie w sobot\u0119 o godz. 7.15. Zapraszamy do podj\u0119cia nabo\u017ce\u0144stwa pierwszych sob\u00f3t miesi\u0105ca o kt\u00f3re prosi\u0142a Matka Bo\u017ca w Fatimie. Adoracja i spotkanie dla wsp\u00f3lnoty ma\u0142\u017ce\u0144stw w sobot\u0119 o godz. 19.15 w ko\u015bciele. W pi\u0105tek i sobot\u0119 odwiedziny chorych z sakramentami \u015bw. wed\u0142ug sta\u0142ego planu, nowe zg\u0142oszenia w zakrystii.<\/li>\n<li>W \u015brod\u0119 wspomnienie liturgiczne \u015bw. B\u0142a\u017ceja wzywanego przy chorobach gard\u0142a. B\u0142ogos\u0142awie\u0144stwo \u015bwi\u0119tob\u0142a\u017cejowe na mszy \u015bw. o godz. 8.00 i 18.00.<\/li>\n<li>Zebranie r\u00f3\u017ca\u0144cowe w \u015brod\u0119 po mszy \u015bw. wieczornej.<\/li>\n<li>Prosimy o pomoc w rozebraniu choinek. Prosimy pan\u00f3w i panie w \u015brod\u0119, 3 lutego, o godz. 18.45.<\/li>\n<li>\u201eR\u00f3\u017ca\u0144cowe Jerycho\u201d w ko\u015bciele Ojc\u00f3w Franciszkan\u00f3w na Wzg\u00f3rzu Przemys\u0142a rozpocznie si\u0119 2 lutego o godz. 12.00, a zako\u0144czy 9 lutego o godz. 12.00. Przed wizerunkiem Matki Bo\u017cej w Cudy Wielmo\u017cnej, Pani Poznania, przed wystawionym Naj\u015bwi\u0119tszym Sakramentem, podejmujemy ca\u0142odobow\u0105 (dzie\u0144 i noc) modlitw\u0119 r\u00f3\u017ca\u0144cow\u0105 w intencji rodzin, Ko\u015bcio\u0142a i&nbsp; Ojczyzny oraz ustania pandemii. Mo\u017cna si\u0119 w\u0142\u0105czy\u0107 o ka\u017cdej godzinie. Szczeg\u00f3\u0142y na tablicy og\u0142osze\u0144.<\/li>\n<li>Zach\u0119camy do czytania prasy religijnej. W najnowszym numerze \u201ePrzewodnika Katolickiego\u201d artyku\u0142y o \u017cyciu konsekrowanym. Go\u015b\u0107 Niedzielny, Egzorcysta, dla dzieci \u201eZiarno\u201d, Ma\u0142y Przewodnik Katolicki, gazetka parafialna. Prasa katolicka jest wiarygodnym \u017ar\u00f3d\u0142em wiedzy o \u017cyciu i nauczaniu Ko\u015bcio\u0142a.<\/li>\n<li>B\u00f3g zap\u0142a\u0107 za ofiary na utrzymanie naszego ko\u015bcio\u0142a, z\u0142o\u017cone w czasie mszy \u015bwi\u0119tych kol\u0119dowych.<\/li>\n<li>M\u00f3dlmy si\u0119 za zmar\u0142ych Parafian. Za dusz\u0119 \u015bp. Krystyny Gref os. Lecha 15 ( msza \u015bw. pogrzebowa we wtorek o godz. 11.30), za \u015bp. Sylwestra Krzyszkowiaka, os. Lecha 40 (msza \u015bw. pogrzebowa w \u015brod\u0119 o godz. 9.30), za dusz\u0119 \u015bp. Bogus\u0142awa Bali\u0144skiego, os. Lecha 94 ( msza \u015bw. pogrzebowa i pogrzeb na Nowinie o godz. 12.15). Wieczny odpoczynek racz zmar\u0142ym da\u0107 Panie.<\/li>\n<\/ol>\n<p><strong>&nbsp;<\/strong><\/p>\n<p>&nbsp;<\/p>\n","protected":false},"excerpt":{"rendered":"<p>&nbsp; &nbsp; OG\u0141OSZENIA DUSZPASTERSKIE NIEDZIELA IV ZWYK\u0141A 31 stycznia 2021r. &nbsp; Kalendarz liturgiczny: wtorek &#8211; \u015bwi\u0119to Ofiarowania&nbsp; Pa\u0144skiego ( Matki Bo\u017cej Gromnicznej), \u015broda \u2013 \u015bw. B\u0142a\u017ceja i \u015bw. Oskara, pi\u0105tek &#8211; \u015bw. Agaty, sobota &#8211; \u015bw. Paw\u0142a Miki i Towarzyszy m\u0119czennik\u00f3w. We wtorek, 2 lutego, \u015bwi\u0119to Ofiarowania Pa\u0144skiego (Matki Bo\u017cej Gromnicznej) obchodzone jako Dzie\u0144 \u017bycia &#8230; <span class=\"more\"><a class=\"more-link\" href=\"https:\/\/www.chnk.pl\/?p=3062\">czytaj wi\u0119cej<\/a><\/span><\/p>\n","protected":false},"author":3,"featured_media":0,"comment_status":"open","ping_status":"open","sticky":false,"template":"","format":"standard","meta":{"ngg_post_thumbnail":0,"footnotes":""},"categories":[1],"tags":[],"_links":{"self":[{"href":"https:\/\/www.chnk.pl\/index.php?rest_route=\/wp\/v2\/posts\/3062"}],"collection":[{"href":"https:\/\/www.chnk.pl\/index.php?rest_route=\/wp\/v2\/posts"}],"about":[{"href":"https:\/\/www.chnk.pl\/index.php?rest_route=\/wp\/v2\/types\/post"}],"author":[{"embeddable":true,"href":"https:\/\/www.chnk.pl\/index.php?rest_route=\/wp\/v2\/users\/3"}],"replies":[{"embeddable":true,"href":"https:\/\/www.chnk.pl\/index.php?rest_route=%2Fwp%2Fv2%2Fcomments&post=3062"}],"version-history":[{"count":1,"href":"https:\/\/www.chnk.pl\/index.php?rest_route=\/wp\/v2\/posts\/3062\/revisions"}],"predecessor-version":[{"id":3063,"href":"https:\/\/www.chnk.pl\/index.php?rest_route=\/wp\/v2\/posts\/3062\/revisions\/3063"}],"wp:attachment":[{"href":"https:\/\/www.chnk.pl\/index.php?rest_route=%2Fwp%2Fv2%2Fmedia&parent=3062"}],"wp:term":[{"taxonomy":"category","embeddable":true,"href":"https:\/\/www.chnk.pl\/index.php?rest_route=%2Fwp%2Fv2%2Fcategories&post=3062"},{"taxonomy":"post_tag","embeddable":true,"href":"https:\/\/www.chnk.pl\/index.php?rest_route=%2Fwp%2Fv2%2Ftags&post=3062"}],"curies":[{"name":"wp","href":"https:\/\/api.w.org\/{rel}","templated":true}]}}