{"id":3057,"date":"2021-01-23T14:28:54","date_gmt":"2021-01-23T14:28:54","guid":{"rendered":"http:\/\/www.chnk.pl\/?p=3057"},"modified":"2021-01-23T22:49:11","modified_gmt":"2021-01-23T22:49:11","slug":"3-niedziela-zwykla-4","status":"publish","type":"post","link":"https:\/\/www.chnk.pl\/?p=3057","title":{"rendered":"3 Niedziela Zwyk\u0142a"},"content":{"rendered":"\n<p><strong>&nbsp;<\/strong><\/p>\n<p><strong>&nbsp;<\/strong><\/p>\n<p><strong>OG\u0141OSZENIA DUSZPASTERSKIE<\/strong><\/p>\n<p><strong>NIEDZIELA<\/strong><strong> III ZWYK\u0141A<\/strong><\/p>\n<p><strong>24 stycznia 2021 r.<\/strong><\/p>\n<ol>\n<li>Zapraszamy na msz\u0119 \u015bw. kol\u0119dow\u0105 w intencji Parafian:<\/li>\n<\/ol>\n<p>Poniedzia\u0142ek, 25 stycznia, godz. 17.00, wej\u015bcie 88 do 98<\/p>\n<p>Wtorek, 26 stycznia, godz. 17.00, wej\u015bcia 99 do 119<\/p>\n<p>\u015aroda, 27 stycznia, godz. 17.00, wej\u015bcia 122 i 123<\/p>\n<p>Czwartek, 28 stycznia, godz. 17.00, wej\u015bcia 124 do 126<\/p>\n<p>Pi\u0105tek, 29 stycznia, godz. 17.00, wej\u015bcia 127 do 129<\/p>\n<p>Prosimy, zabra\u0107&nbsp; do ko\u015bcio\u0142a niewielkie naczynie z wod\u0105, kt\u00f3r\u0105 po\u015bwi\u0119cimy podczas Eucharystii. Zach\u0119camy, \u017ceby po powrocie do domu, przy stole przygotowanym jak na kol\u0119d\u0119 (bia\u0142y obrus, krzy\u017c, \u015bwiece, kropid\u0142o), odm\u00f3wi\u0107 modlitw\u0119 i pokropi\u0107 dom wod\u0105 \u015bwi\u0119con\u0105. Mo\u017ce zasi\u0105\u015b\u0107 do wsp\u00f3lnego posi\u0142ku i poby\u0107 razem. Je\u015bli stan zdrowia na to pozwala i b\u0119dzie to bezpieczne, mo\u017cna zaprosi\u0107 na tak\u0105 kolacj\u0119 samotnie mieszkaj\u0105cych s\u0105siad\u00f3w.&nbsp; W dni kol\u0119dowe okazja do spowiedzi \u015bw. o godz.16.30, w sobot\u0119 od godz. 16.00 w salce, wej\u015bcie z dziedzi\u0144ca.<\/p>\n<p><strong>&nbsp;<\/strong><\/p>\n<ol start=\"2\">\n<li>W zwi\u0105zku z tym zachodz\u0105 nast\u0119puj\u0105ce zmiany: Biuro Parafialne w poniedzia\u0142ek b\u0119dzie czynne po wieczornej mszy \u015bw. do godz. 19.30, r\u00f3\u017caniec w dni kol\u0119dowe po mszy \u015bw. wieczornej. Ca\u0142y plan spotka\u0144 wywieszony jest na tablicy og\u0142osze\u0144 i w internecie na stronie parafialnej.<\/li>\n<\/ol>\n<p><strong>&nbsp;<\/strong><\/p>\n<ol start=\"3\">\n<li>W przysz\u0142\u0105 niedziel\u0119 na mszy \u015bw. o godz. 11.15 b\u0119dzie \u015bpiewa\u0107 schola dzieci\u0119ca. Pr\u00f3ba w przysz\u0142\u0105 niedziel\u0119, o godz. 10.30, w ko\u015bciele, na ch\u00f3rze. Zapraszamy wszystkie ch\u0119tne dzieci do w\u0142\u0105czenia si\u0119 w ubogacenie liturgii \u015bw.<\/li>\n<\/ol>\n<p>&nbsp;<\/p>\n<ol start=\"4\">\n<li>B\u00f3g zap\u0142a\u0107 za ofiary na utrzymanie naszego ko\u015bcio\u0142a<\/li>\n<\/ol>\n<p><strong>&nbsp;<\/strong><\/p>\n<ol start=\"5\">\n<li>Zach\u0119camy do czytania prasy religijnej: Przewodnik Katolicki, Ma\u0142y Przewodnik Katolicki, Ziarno, Go\u015b\u0107 Niedzielny, gazetka parafialna. Zapraszamy dzieci do wype\u0142niania zada\u0144 z Ziarna.<\/li>\n<\/ol>\n<p><strong>&nbsp;<\/strong><\/p>\n<ol start=\"6\">\n<li>Dzisiaj przed ko\u015bcio\u0142em mo\u017cliwo\u015b\u0107 z\u0142o\u017cenia ofiary na poszkodowanych trz\u0119sieniem ziemi w Chorwacji.<\/li>\n<\/ol>\n<p><strong>&nbsp;<\/strong><\/p>\n<ol start=\"7\">\n<li>M\u00f3dlmy si\u0119 za zmar\u0142ych Parafian. Za dusz\u0119 sp. Andrzeja Mo\u017cd\u017cenia, os. Lecha 31 (msza \u015bw. pogrzebowa w czwartek o godz. 9.30) i \u015bp. Mariusza Ka\u017amierczaka, os. Lecha 122 (pogrzeb odby\u0142 si\u0119 w Rogo\u017anie). Wieczny odpoczynek racz zmar\u0142ym da\u0107 Panie.<\/li>\n<\/ol>\n<p><strong><br \/><br \/><\/strong><\/p>\n<p>&nbsp;<\/p>\n","protected":false},"excerpt":{"rendered":"<p>&nbsp; &nbsp; OG\u0141OSZENIA DUSZPASTERSKIE NIEDZIELA III ZWYK\u0141A 24 stycznia 2021 r. Zapraszamy na msz\u0119 \u015bw. kol\u0119dow\u0105 w intencji Parafian: Poniedzia\u0142ek, 25 stycznia, godz. 17.00, wej\u015bcie 88 do 98 Wtorek, 26 stycznia, godz. 17.00, wej\u015bcia 99 do 119 \u015aroda, 27 stycznia, godz. 17.00, wej\u015bcia 122 i 123 Czwartek, 28 stycznia, godz. 17.00, wej\u015bcia 124 do 126 &#8230; <span class=\"more\"><a class=\"more-link\" href=\"https:\/\/www.chnk.pl\/?p=3057\">czytaj wi\u0119cej<\/a><\/span><\/p>\n","protected":false},"author":3,"featured_media":0,"comment_status":"open","ping_status":"open","sticky":false,"template":"","format":"standard","meta":{"ngg_post_thumbnail":0,"footnotes":""},"categories":[1],"tags":[],"_links":{"self":[{"href":"https:\/\/www.chnk.pl\/index.php?rest_route=\/wp\/v2\/posts\/3057"}],"collection":[{"href":"https:\/\/www.chnk.pl\/index.php?rest_route=\/wp\/v2\/posts"}],"about":[{"href":"https:\/\/www.chnk.pl\/index.php?rest_route=\/wp\/v2\/types\/post"}],"author":[{"embeddable":true,"href":"https:\/\/www.chnk.pl\/index.php?rest_route=\/wp\/v2\/users\/3"}],"replies":[{"embeddable":true,"href":"https:\/\/www.chnk.pl\/index.php?rest_route=%2Fwp%2Fv2%2Fcomments&post=3057"}],"version-history":[{"count":2,"href":"https:\/\/www.chnk.pl\/index.php?rest_route=\/wp\/v2\/posts\/3057\/revisions"}],"predecessor-version":[{"id":3061,"href":"https:\/\/www.chnk.pl\/index.php?rest_route=\/wp\/v2\/posts\/3057\/revisions\/3061"}],"wp:attachment":[{"href":"https:\/\/www.chnk.pl\/index.php?rest_route=%2Fwp%2Fv2%2Fmedia&parent=3057"}],"wp:term":[{"taxonomy":"category","embeddable":true,"href":"https:\/\/www.chnk.pl\/index.php?rest_route=%2Fwp%2Fv2%2Fcategories&post=3057"},{"taxonomy":"post_tag","embeddable":true,"href":"https:\/\/www.chnk.pl\/index.php?rest_route=%2Fwp%2Fv2%2Ftags&post=3057"}],"curies":[{"name":"wp","href":"https:\/\/api.w.org\/{rel}","templated":true}]}}