{"id":3053,"date":"2021-01-16T16:15:35","date_gmt":"2021-01-16T16:15:35","guid":{"rendered":"http:\/\/www.chnk.pl\/?p=3053"},"modified":"2021-01-16T16:15:35","modified_gmt":"2021-01-16T16:15:35","slug":"2-niedziela-zwykla-5","status":"publish","type":"post","link":"https:\/\/www.chnk.pl\/?p=3053","title":{"rendered":"2 Niedziela Zwyk\u0142a"},"content":{"rendered":"\n<p>OG\u0141OSZENIA DUSZPASTERSKIE<br \/>NIEDZIELA II ZWYK\u0141A<br \/>17 stycznia 2021 r.<br \/>1. Kalendarz liturgiczny: wtorek \u2013 \u015bw. J\u00f3zefa Sebastiana Pelczara, \u015broda \u015bw.\u015bw. Fabiana i Sebastiana, czwartej \u2013 \u015bw. Agnieszki, pi\u0105tek \u2013 \u015bw. Wincentego Pallotiego.<br \/>2. Od 18 do 25 stycznia, trwa Tydzie\u0144 Ekumeniczny, Tydzie\u0144 Modlitwy o Jedno\u015b\u0107 Chrze\u015bcijan. W\u0142\u0105czamy t\u0119 intencj\u0119 do modlitwy r\u00f3\u017ca\u0144cowej. Centralne Nabo\u017ce\u0144stwo Ekumeniczne w \u015brod\u0119, 20 stycznia o godz. 19.00 w Katedrze. Transmisja w Radiu Emaus i TVP3 Pozna\u0144.<br \/>3. Procesja salety\u0144ska we wtorek po mszy \u015bw. o godz. 8.00. T\u0105 modlitw\u0105 wynagradzamy Panu Bogu grzechy niewiary, opuszczone msze \u015bw. niedzielne, wulgaryzmy i przekle\u0144stwa. <br \/>4. Zapraszamy na msz\u0119 \u015bw. kol\u0119dow\u0105 w intencji Parafian:<br \/>Poniedzia\u0142ek, 18 stycznia, godz. 17.00, blok 39<br \/>Wtorek, 19 stycznia, godz. 17.00, blok 40<br \/>\u015aroda, 20 stycznia, godz. 17.00, blok 42<br \/>Czwartek, 21 stycznia, godz. 17.00, wej\u015bcia 46 do 55<br \/>Pi\u0105tek, 22 stycznia, godz. 17.00, wej\u015bcia 56 do 66<br \/>Sobota, 23 stycznia, 16.30, wej\u015bcie 67 do 87<br \/>Poniedzia\u0142ek, 25 stycznia, godz. 17.00, wej\u015bcie 88 do 98<br \/>Prosimy, zabra\u0107 do ko\u015bcio\u0142a niewielkie naczynie z wod\u0105, kt\u00f3r\u0105 po\u015bwi\u0119cimy podczas Eucharystii. Zach\u0119camy, \u017ceby po powrocie do domu, przy stole przygotowanym jak na kol\u0119d\u0119 (bia\u0142y obrus, krzy\u017c, \u015bwiece, kropid\u0142o), odm\u00f3wi\u0107 modlitw\u0119 i pokropi\u0107 dom wod\u0105 \u015bwi\u0119con\u0105. Mo\u017ce zasi\u0105\u015b\u0107 do wsp\u00f3lnego posi\u0142ku i poby\u0107 razem. Je\u015bli stan zdrowia na to pozwala i b\u0119dzie to bezpieczne, mo\u017cna zaprosi\u0107 na tak\u0105 kolacj\u0119 samotnie mieszkaj\u0105cych s\u0105siad\u00f3w. W dni kol\u0119dowe okazja do spowiedzi \u015bw. o godz.16.30, w sobot\u0119 od godz. 16.00 w salce, wej\u015bcie z dziedzi\u0144ca. W zwi\u0105zku z tym zachodz\u0105 nast\u0119puj\u0105ce zmiany: Biuro Parafialne w poniedzia\u0142ek b\u0119dzie czynne po wieczornej mszy \u015bw. do godz. 19.30, r\u00f3\u017caniec w dni kol\u0119dowe po mszy \u015bw. wieczornej. Ca\u0142y plan spotka\u0144 wywieszony jest na tablicy og\u0142osze\u0144 i w internecie na stronie parafialnej.<br \/>5. Dnia 25 grudnia 2020 roku zosta\u0142a erygowana w ko\u015bciele parafialnym pw. \u015bw. Antoniego Padewskiego w Poznaniu (Staro\u0142\u0119ka) pierwsza w Archidiecezji Pozna\u0144skiej kaplica wieczystej adoracji Naj\u015bwi\u0119tszego Sakramentu otwarta 24 godziny na dob\u0119 przez siedem dni w tygodniu.<br \/>6. W czwartek, 21 stycznia, wspomnienie liturgiczne \u015bw. Agnieszki. W tym dniu przypada Dzie\u0144 Babci. Za przyczyn\u0105 \u015bw. Patronki modlimy si\u0119 o b\u0142ogos\u0142awie\u0144stwo dla Senior\u00f3w. <br \/>7. B\u00f3g zap\u0142a\u0107 za ofiary z\u0142o\u017cone na utrzymanie naszego ko\u015bcio\u0142a.<br \/>8. Dnia 29 grudnia 2020 roku Chorwacj\u0119 nawiedzi\u0142o najsilniejsze od 140 lat trz\u0119sienie ziemi. Kilka dni p\u00f3\u017aniej, 6 stycznia 2021 roku dosz\u0142o do kolejnych wstrz\u0105s\u00f3w. \u017bycie straci\u0142o wiele os\u00f3b, setki zosta\u0142o rannych, a tysi\u0105ce straci\u0142o dach nad g\u0142ow\u0105. W tej nadzwyczajnej sytuacji \u2013 wychodz\u0105c naprzeciw pro\u015bbie Caritas Chorwacji \u2013 w niedziel\u0119, dnia 24 stycznia 2021 w czasie ka\u017cdej Eucharystii modli\u0107 si\u0119 b\u0119dziemy w intencji narodu chorwackiego, a przed ko\u015bcio\u0142em mo\u017cliwo\u015b\u0107 z\u0142o\u017cenia ofiary na rzecz poszkodowanych.<br \/>9. M\u00f3dlmy si\u0119 za zmar\u0142ych parafian. Za dusz\u0119 \u015bp. Haliny Ignaszak, os. Lecha 2, (msza \u015bw. pogrzebowa w poniedzia\u0142ek o godz. 10.30.), za dusz\u0119 \u015bp. Tadeusza Adamczaka, os. Lecha 125 (msza \u015bw. pogrzebowa w \u015brod\u0119 o godz. 19.00), za dusz\u0119 \u015bp. Bo\u017ceny Andrzejewskiej, os. Lecha 40 (msza \u015bw. pogrzebowa w sobot\u0119 o godz. 9.00). Wieczny odpoczynek racz zmar\u0142ym da\u0107 Panie.<\/p>\n","protected":false},"excerpt":{"rendered":"<p>OG\u0141OSZENIA DUSZPASTERSKIENIEDZIELA II ZWYK\u0141A17 stycznia 2021 r.1. Kalendarz liturgiczny: wtorek \u2013 \u015bw. J\u00f3zefa Sebastiana Pelczara, \u015broda \u015bw.\u015bw. Fabiana i Sebastiana, czwartej \u2013 \u015bw. Agnieszki, pi\u0105tek \u2013 \u015bw. Wincentego Pallotiego.2. Od 18 do 25 stycznia, trwa Tydzie\u0144 Ekumeniczny, Tydzie\u0144 Modlitwy o Jedno\u015b\u0107 Chrze\u015bcijan. W\u0142\u0105czamy t\u0119 intencj\u0119 do modlitwy r\u00f3\u017ca\u0144cowej. Centralne Nabo\u017ce\u0144stwo Ekumeniczne w \u015brod\u0119, 20 stycznia &#8230; <span class=\"more\"><a class=\"more-link\" href=\"https:\/\/www.chnk.pl\/?p=3053\">czytaj wi\u0119cej<\/a><\/span><\/p>\n","protected":false},"author":3,"featured_media":0,"comment_status":"open","ping_status":"open","sticky":false,"template":"","format":"standard","meta":{"ngg_post_thumbnail":0,"footnotes":""},"categories":[1],"tags":[],"_links":{"self":[{"href":"https:\/\/www.chnk.pl\/index.php?rest_route=\/wp\/v2\/posts\/3053"}],"collection":[{"href":"https:\/\/www.chnk.pl\/index.php?rest_route=\/wp\/v2\/posts"}],"about":[{"href":"https:\/\/www.chnk.pl\/index.php?rest_route=\/wp\/v2\/types\/post"}],"author":[{"embeddable":true,"href":"https:\/\/www.chnk.pl\/index.php?rest_route=\/wp\/v2\/users\/3"}],"replies":[{"embeddable":true,"href":"https:\/\/www.chnk.pl\/index.php?rest_route=%2Fwp%2Fv2%2Fcomments&post=3053"}],"version-history":[{"count":1,"href":"https:\/\/www.chnk.pl\/index.php?rest_route=\/wp\/v2\/posts\/3053\/revisions"}],"predecessor-version":[{"id":3054,"href":"https:\/\/www.chnk.pl\/index.php?rest_route=\/wp\/v2\/posts\/3053\/revisions\/3054"}],"wp:attachment":[{"href":"https:\/\/www.chnk.pl\/index.php?rest_route=%2Fwp%2Fv2%2Fmedia&parent=3053"}],"wp:term":[{"taxonomy":"category","embeddable":true,"href":"https:\/\/www.chnk.pl\/index.php?rest_route=%2Fwp%2Fv2%2Fcategories&post=3053"},{"taxonomy":"post_tag","embeddable":true,"href":"https:\/\/www.chnk.pl\/index.php?rest_route=%2Fwp%2Fv2%2Ftags&post=3053"}],"curies":[{"name":"wp","href":"https:\/\/api.w.org\/{rel}","templated":true}]}}