{"id":3040,"date":"2021-01-02T22:31:10","date_gmt":"2021-01-02T22:31:10","guid":{"rendered":"http:\/\/www.chnk.pl\/?p=3040"},"modified":"2021-01-02T22:31:10","modified_gmt":"2021-01-02T22:31:10","slug":"2-niedziela-po-narodzeniu-panskim-2","status":"publish","type":"post","link":"https:\/\/www.chnk.pl\/?p=3040","title":{"rendered":"2 Niedziela po Narodzeniu Pa\u0144skim"},"content":{"rendered":"\n<p><strong>&nbsp;<\/strong><\/p>\n<p><strong>&nbsp;<\/strong><\/p>\n<p><strong>OG\u0141OSZENIA DUSZPASTERSKIE<\/strong><\/p>\n<p><strong>&nbsp;<\/strong><\/p>\n<p><strong>NIEDZIELA II PO NARODZENIU PA\u0143SKIM<\/strong><\/p>\n<p><strong>&nbsp;3 stycznia 2021 r.<\/strong>&nbsp;<\/p>\n<p>&nbsp;<\/p>\n<ol>\n<li><strong> W \u015brod\u0119 uroczysto\u015b\u0107 Objawienia Pa\u0144skiego. Prze\u017cywamy j\u0105 jako dzie\u0144 misyjny w Ko\u015bciele. Msza \u015bw. wed\u0142ug porz\u0105dku niedzielnego. Kreda, kadzid\u0142o i okoliczno\u015bciowa gazeta b\u0119d\u0105 wy\u0142o\u017cone pod ch\u00f3rem. Przed msz\u0105 \u015bw. b\u0119d\u0105 udost\u0119pnione dzieciom korony Trzech Kr\u00f3li. W \u015bwi\u0119to Trzech Kr\u00f3li zapraszamy na \u015bpiewanie kol\u0119d o godz. 16.00.<\/strong><\/li>\n<\/ol>\n<p><strong>&nbsp;<\/strong><\/p>\n<ol start=\"2\">\n<li>W tym tygodniu I czwartek miesi\u0105ca. Adoracja Naj\u015bwi\u0119tszego Sakramentu: od godz. 8.00 do 10.30 i od 17.00 do 18.00. R\u00f3\u017caniec o godz. 17.20 w intencji obrony \u017cycia ludzkiego, godno\u015bci jego przekazywania i tych, kt\u00f3rzy kszta\u0142tuj\u0105 opini\u0105 spo\u0142eczn\u0105 na ten temat. Po mszy \u015bw. wieczornej adoracja do godz. 21.00 w intencji zachowania oraz nowych powo\u0142a\u0144. Spowied\u017a \u015bw. w pi\u0105tek od godz. 17.00 do 18.00, w sobot\u0119 od godz. 16.00 do 18.00. Odwiedziny chorych z sakramentami \u015bw. w pi\u0105tek i sobot\u0119 wg sta\u0142ego planu. Nowe zg\u0142oszenia w zakrystii.<\/li>\n<\/ol>\n<p>&nbsp;<\/p>\n<ol start=\"3\">\n<li>Po przysz\u0142ej niedziel rozpoczn\u0105 si\u0119 spotkania kol\u0119dowe dla poszczeg\u00f3lnych cz\u0119\u015bci naszej Parafii. Terminy spotka\u0144 b\u0119d\u0105 wywieszone na tablicy og\u0142osze\u0144 w \u015bwi\u0119to Trzech Kr\u00f3li.<\/li>\n<\/ol>\n<p>&nbsp;<\/p>\n<ol start=\"4\">\n<li>B\u00f3g zap\u0142a\u0107 za ofiary na utrzymanie naszego ko\u015bcio\u0142a.<\/li>\n<\/ol>\n<p>&nbsp;<\/p>\n<ol start=\"5\">\n<li>M\u00f3dlmy si\u0119 za zmar\u0142ych Parafian. Za dusz\u0119 \u015bp. Sabiny Zagrodzkiej, os. Lecha 20 ( msza \u015bw. pogrzebowa we wtorek o godz. 9.00) i \u015bp. Wojciecha Borowicza, os. Lecha 12 (msza \u015bw. pogrzebowa w poniedzia\u0142ek o godz. 11.45) Wieczny odpoczynek racz zmar\u0142ym da\u0107 Panie.<\/li>\n<\/ol>\n<p>&nbsp;<\/p>\n<p>&nbsp;<\/p>\n<p>&nbsp;<\/p>\n<p>&nbsp;<\/p>\n<p>&nbsp;<\/p>\n<p>&nbsp;<\/p>\n<p>&nbsp;<\/p>\n<p><strong><u>&nbsp;<\/u><\/strong><\/p>\n<p><strong><u>&nbsp;<\/u><\/strong><\/p>\n","protected":false},"excerpt":{"rendered":"<p>&nbsp; &nbsp; OG\u0141OSZENIA DUSZPASTERSKIE &nbsp; NIEDZIELA II PO NARODZENIU PA\u0143SKIM &nbsp;3 stycznia 2021 r.&nbsp; &nbsp; W \u015brod\u0119 uroczysto\u015b\u0107 Objawienia Pa\u0144skiego. Prze\u017cywamy j\u0105 jako dzie\u0144 misyjny w Ko\u015bciele. Msza \u015bw. wed\u0142ug porz\u0105dku niedzielnego. Kreda, kadzid\u0142o i okoliczno\u015bciowa gazeta b\u0119d\u0105 wy\u0142o\u017cone pod ch\u00f3rem. Przed msz\u0105 \u015bw. b\u0119d\u0105 udost\u0119pnione dzieciom korony Trzech Kr\u00f3li. W \u015bwi\u0119to Trzech Kr\u00f3li zapraszamy &#8230; <span class=\"more\"><a class=\"more-link\" href=\"https:\/\/www.chnk.pl\/?p=3040\">czytaj wi\u0119cej<\/a><\/span><\/p>\n","protected":false},"author":3,"featured_media":0,"comment_status":"open","ping_status":"open","sticky":false,"template":"","format":"standard","meta":{"ngg_post_thumbnail":0,"footnotes":""},"categories":[1],"tags":[],"_links":{"self":[{"href":"https:\/\/www.chnk.pl\/index.php?rest_route=\/wp\/v2\/posts\/3040"}],"collection":[{"href":"https:\/\/www.chnk.pl\/index.php?rest_route=\/wp\/v2\/posts"}],"about":[{"href":"https:\/\/www.chnk.pl\/index.php?rest_route=\/wp\/v2\/types\/post"}],"author":[{"embeddable":true,"href":"https:\/\/www.chnk.pl\/index.php?rest_route=\/wp\/v2\/users\/3"}],"replies":[{"embeddable":true,"href":"https:\/\/www.chnk.pl\/index.php?rest_route=%2Fwp%2Fv2%2Fcomments&post=3040"}],"version-history":[{"count":1,"href":"https:\/\/www.chnk.pl\/index.php?rest_route=\/wp\/v2\/posts\/3040\/revisions"}],"predecessor-version":[{"id":3041,"href":"https:\/\/www.chnk.pl\/index.php?rest_route=\/wp\/v2\/posts\/3040\/revisions\/3041"}],"wp:attachment":[{"href":"https:\/\/www.chnk.pl\/index.php?rest_route=%2Fwp%2Fv2%2Fmedia&parent=3040"}],"wp:term":[{"taxonomy":"category","embeddable":true,"href":"https:\/\/www.chnk.pl\/index.php?rest_route=%2Fwp%2Fv2%2Fcategories&post=3040"},{"taxonomy":"post_tag","embeddable":true,"href":"https:\/\/www.chnk.pl\/index.php?rest_route=%2Fwp%2Fv2%2Ftags&post=3040"}],"curies":[{"name":"wp","href":"https:\/\/api.w.org\/{rel}","templated":true}]}}