{"id":3033,"date":"2020-12-27T02:45:31","date_gmt":"2020-12-27T02:45:31","guid":{"rendered":"http:\/\/www.chnk.pl\/?p=3033"},"modified":"2020-12-28T12:31:45","modified_gmt":"2020-12-28T12:31:45","slug":"1-niedziela-po-narodzeniu-panskim-3","status":"publish","type":"post","link":"https:\/\/www.chnk.pl\/?p=3033","title":{"rendered":"1 Niedziela po Narodzeniu Pa\u0144skim"},"content":{"rendered":"\n<p><strong>&nbsp;<\/strong><\/p>\n<p><strong>OG\u0141OSZENIA DUSZPASTERSKIE<\/strong><\/p>\n<p><strong>NIEDZIELA I PO NARODZENIU PA\u0143SKIM<\/strong><\/p>\n<p><strong>&nbsp;&nbsp;&nbsp;&nbsp;&nbsp;&nbsp;&nbsp;&nbsp;&nbsp;&nbsp;&nbsp;&nbsp;&nbsp;&nbsp;&nbsp;&nbsp;&nbsp;&nbsp;&nbsp;&nbsp;&nbsp;&nbsp;&nbsp;&nbsp;&nbsp;&nbsp;&nbsp;&nbsp;&nbsp;&nbsp;&nbsp;&nbsp;&nbsp;&nbsp;&nbsp;&nbsp;&nbsp;&nbsp;&nbsp;&nbsp;&nbsp;&nbsp;&nbsp;&nbsp;&nbsp;&nbsp;&nbsp;&nbsp;&nbsp;&nbsp;&nbsp;&nbsp;&nbsp;&nbsp;&nbsp;&nbsp;&nbsp;&nbsp;&nbsp;&nbsp;&nbsp;&nbsp;&nbsp;&nbsp;&nbsp;&nbsp;&nbsp;&nbsp;&nbsp; <u>\u015awi\u0119tej Rodziny Jezusa Maryi i J\u00f3zefa&nbsp;&nbsp; <\/u>&nbsp;&nbsp;&nbsp;&nbsp;&nbsp;&nbsp;&nbsp;&nbsp;&nbsp;&nbsp;&nbsp;&nbsp;&nbsp;&nbsp;&nbsp;&nbsp;&nbsp;&nbsp;&nbsp;&nbsp;&nbsp;&nbsp;&nbsp;&nbsp;&nbsp;&nbsp;&nbsp;&nbsp;&nbsp;&nbsp;&nbsp;&nbsp;&nbsp;&nbsp;&nbsp;&nbsp;&nbsp;&nbsp;&nbsp;&nbsp;&nbsp;&nbsp;&nbsp;&nbsp;&nbsp;&nbsp;&nbsp;&nbsp;&nbsp;&nbsp;&nbsp;&nbsp;&nbsp;&nbsp;&nbsp;&nbsp;&nbsp;&nbsp;&nbsp;&nbsp;&nbsp;&nbsp;&nbsp;&nbsp;&nbsp;&nbsp;&nbsp;&nbsp;&nbsp;&nbsp;&nbsp;&nbsp;&nbsp;&nbsp;&nbsp;&nbsp;&nbsp;&nbsp;&nbsp;&nbsp;&nbsp;&nbsp;&nbsp;&nbsp;&nbsp;&nbsp;&nbsp;&nbsp;&nbsp;&nbsp;27 grudnia 2020 r.&nbsp;&nbsp;&nbsp;&nbsp;&nbsp;&nbsp;&nbsp;&nbsp;&nbsp;&nbsp;&nbsp;&nbsp;&nbsp;&nbsp; <\/strong><\/p>\n<ol>\n<li>Kalendarz liturgiczny:<\/li>\n<\/ol>\n<p>poniedzia\u0142ek \u2013 \u015bw. M\u0142odziank\u00f3w,<\/p>\n<p>czwartek &#8211; \u015bw. Sylwestra-papie\u017ca,<\/p>\n<p>pi\u0105tek \u2013 Uroczysto\u015b\u0107&nbsp; Naj\u015bwi\u0119tszej Bo\u017cej Rodzicielki Maryi,<\/p>\n<p>sobota\u2013 \u015bw. Bazylego Wielkiego i Grzegorza z Nazjanzu.<\/p>\n<p>&nbsp;<\/p>\n<ol start=\"2\">\n<li>Rodzinne \u015bpiewanie kol\u0119d przy \u017c\u0142\u00f3bku dzisiaj o godz. 16.00.<\/li>\n<\/ol>\n<p>&nbsp;<\/p>\n<ol start=\"3\">\n<li><strong> W poniedzia\u0142ek, wtorek i \u015brod\u0119 msza \u015bw. tylko rano o godz. 8.00. W poniedzia\u0142ek biuro parafialne nieczynne.<\/strong><\/li>\n<\/ol>\n<p>&nbsp;<\/p>\n<ol start=\"4\">\n<li>W czwartek zako\u0144czenie Starego Roku. Msza \u015bw. wed\u0142ug zmienionego porz\u0105dku: o godz. <strong>8.00, 15.45 i&nbsp; 17.00<\/strong>.<\/li>\n<\/ol>\n<p>&nbsp;<\/p>\n<ol start=\"5\">\n<li>W pi\u0105tek Nowy Rok, Uroczysto\u015b\u0107 Bo\u017cej Rodzicielki Maryi. Pierwsza msza \u015bw. o godz. 8.00. Godzinki o godz. 7.30. Pozosta\u0142e godziny mszy \u015bw. bez zmian.<\/li>\n<\/ol>\n<p>&nbsp;<\/p>\n<ol start=\"6\">\n<li>W tym tygodniu: I pi\u0105tek i I sobota miesi\u0105ca. Spowied\u017a \u015bw. w czwartek od godz. 15.00 do 15.45 Odwiedziny chorych z sakramentami \u015bw. za tydzie\u0144: w pi\u0105tek 8.1. i w sobot\u0119 9.1. nowego roku, wed\u0142ug sta\u0142ego porz\u0105dku. Nowe zg\u0142oszenia w zakrystii.<\/li>\n<\/ol>\n<p>&nbsp;<\/p>\n<ol start=\"7\">\n<li>Nabo\u017ce\u0144stwo do Niepokalanego Serca Matki Bo\u017cej w pierwsz\u0105 sobot\u0119 miesi\u0105ca, 2 stycznia, o godz. 7.15.<\/li>\n<\/ol>\n<p>&nbsp;<\/p>\n<ol start=\"8\">\n<li>Spotkanie wsp\u00f3lnoty pierwszosobotniej o godz.19.15, adoracja Naj\u015bwi\u0119tszego Sakramentu, w ko\u015bciele.<\/li>\n<\/ol>\n<p>&nbsp;<\/p>\n<ol start=\"9\">\n<li>M\u0142odzie\u017c klas 7 i 8 Szko\u0142y Podstawowej prosimy o zg\u0142oszenie swojej ch\u0119ci rozpocz\u0119cia w 2021 r. przygotowania do przyj\u0119cia sakramentu bierzmowania. Na adres e-mail ks. wikariu\u00adsza (<a href=\"mailto:jarek.czyzewski@gmail.com\">jarek.czyzewski@gmail.com<\/a>) prosimy przes\u0142a\u0107 swoje imi\u0119 i nazwisko oraz klas\u0119, do kt\u00f3rej si\u0119 chodzi.e.<\/li>\n<\/ol>\n<p>&nbsp;<\/p>\n<ol start=\"10\">\n<li>Zach\u0119camy do czytania prasy katolickiej: Przy zakrystii:<\/li>\n<\/ol>\n<p><em>Przewodnik Katolicki, Go\u015b\u0107 Niedzielny, Mi\u0142ujcie si\u0119, <\/em>gazetka parafialna.<\/p>\n<p>&nbsp;<\/p>\n<ol start=\"11\">\n<li>M\u00f3dlmy si\u0119 za zmar\u0142ych Parafian. Za dusz\u0119 \u015bp. Klary Walczak os. Lecha 71 (msza \u015bw. pogrzebowa we wtorek o godz. 12.00, pogrzeb na Mi\u0142ostowie o godz. 14.00, od ul. Warszawskiej ), \u015bp. Kazimierza P\u0119kalskiego, os. Lecha 18 (pogrzeb we wtorek o godz. 10.30 na cmentarzu przy u. Bluszczowej, msza \u015bw. pogrzebowa 2 stycznia o godz. 16.45 ), \u015bp. Tadeusza Szyma\u0144skiego, os. Lech 123 ( msza \u015bw. pogrzebowa w \u015brod\u0119 o godz. 9.00, pogrzeb na cmentarzu przy ul Bluszczowej o godz. 11.00 ). Wieczny odpoczynek racz zmar\u0142ym da\u0107 Panie.<\/li>\n<\/ol>\n","protected":false},"excerpt":{"rendered":"<p>&nbsp; OG\u0141OSZENIA DUSZPASTERSKIE NIEDZIELA I PO NARODZENIU PA\u0143SKIM &nbsp;&nbsp;&nbsp;&nbsp;&nbsp;&nbsp;&nbsp;&nbsp;&nbsp;&nbsp;&nbsp;&nbsp;&nbsp;&nbsp;&nbsp;&nbsp;&nbsp;&nbsp;&nbsp;&nbsp;&nbsp;&nbsp;&nbsp;&nbsp;&nbsp;&nbsp;&nbsp;&nbsp;&nbsp;&nbsp;&nbsp;&nbsp;&nbsp;&nbsp;&nbsp;&nbsp;&nbsp;&nbsp;&nbsp;&nbsp;&nbsp;&nbsp;&nbsp;&nbsp;&nbsp;&nbsp;&nbsp;&nbsp;&nbsp;&nbsp;&nbsp;&nbsp;&nbsp;&nbsp;&nbsp;&nbsp;&nbsp;&nbsp;&nbsp;&nbsp;&nbsp;&nbsp;&nbsp;&nbsp;&nbsp;&nbsp;&nbsp;&nbsp;&nbsp; \u015awi\u0119tej Rodziny Jezusa Maryi i J\u00f3zefa&nbsp;&nbsp; &nbsp;&nbsp;&nbsp;&nbsp;&nbsp;&nbsp;&nbsp;&nbsp;&nbsp;&nbsp;&nbsp;&nbsp;&nbsp;&nbsp;&nbsp;&nbsp;&nbsp;&nbsp;&nbsp;&nbsp;&nbsp;&nbsp;&nbsp;&nbsp;&nbsp;&nbsp;&nbsp;&nbsp;&nbsp;&nbsp;&nbsp;&nbsp;&nbsp;&nbsp;&nbsp;&nbsp;&nbsp;&nbsp;&nbsp;&nbsp;&nbsp;&nbsp;&nbsp;&nbsp;&nbsp;&nbsp;&nbsp;&nbsp;&nbsp;&nbsp;&nbsp;&nbsp;&nbsp;&nbsp;&nbsp;&nbsp;&nbsp;&nbsp;&nbsp;&nbsp;&nbsp;&nbsp;&nbsp;&nbsp;&nbsp;&nbsp;&nbsp;&nbsp;&nbsp;&nbsp;&nbsp;&nbsp;&nbsp;&nbsp;&nbsp;&nbsp;&nbsp;&nbsp;&nbsp;&nbsp;&nbsp;&nbsp;&nbsp;&nbsp;&nbsp;&nbsp;&nbsp;&nbsp;&nbsp;&nbsp;27 grudnia 2020 r.&nbsp;&nbsp;&nbsp;&nbsp;&nbsp;&nbsp;&nbsp;&nbsp;&nbsp;&nbsp;&nbsp;&nbsp;&nbsp;&nbsp; Kalendarz liturgiczny: poniedzia\u0142ek \u2013 \u015bw. M\u0142odziank\u00f3w, czwartek &#8211; \u015bw. Sylwestra-papie\u017ca, pi\u0105tek \u2013 Uroczysto\u015b\u0107&nbsp; Naj\u015bwi\u0119tszej Bo\u017cej Rodzicielki Maryi, sobota\u2013 \u015bw. Bazylego Wielkiego i Grzegorza z Nazjanzu. &nbsp; Rodzinne \u015bpiewanie kol\u0119d przy \u017c\u0142\u00f3bku dzisiaj o godz. 16.00. &nbsp; &#8230; <span class=\"more\"><a class=\"more-link\" href=\"https:\/\/www.chnk.pl\/?p=3033\">czytaj wi\u0119cej<\/a><\/span><\/p>\n","protected":false},"author":3,"featured_media":0,"comment_status":"open","ping_status":"open","sticky":false,"template":"","format":"standard","meta":{"ngg_post_thumbnail":0,"footnotes":""},"categories":[1],"tags":[],"_links":{"self":[{"href":"https:\/\/www.chnk.pl\/index.php?rest_route=\/wp\/v2\/posts\/3033"}],"collection":[{"href":"https:\/\/www.chnk.pl\/index.php?rest_route=\/wp\/v2\/posts"}],"about":[{"href":"https:\/\/www.chnk.pl\/index.php?rest_route=\/wp\/v2\/types\/post"}],"author":[{"embeddable":true,"href":"https:\/\/www.chnk.pl\/index.php?rest_route=\/wp\/v2\/users\/3"}],"replies":[{"embeddable":true,"href":"https:\/\/www.chnk.pl\/index.php?rest_route=%2Fwp%2Fv2%2Fcomments&post=3033"}],"version-history":[{"count":2,"href":"https:\/\/www.chnk.pl\/index.php?rest_route=\/wp\/v2\/posts\/3033\/revisions"}],"predecessor-version":[{"id":3037,"href":"https:\/\/www.chnk.pl\/index.php?rest_route=\/wp\/v2\/posts\/3033\/revisions\/3037"}],"wp:attachment":[{"href":"https:\/\/www.chnk.pl\/index.php?rest_route=%2Fwp%2Fv2%2Fmedia&parent=3033"}],"wp:term":[{"taxonomy":"category","embeddable":true,"href":"https:\/\/www.chnk.pl\/index.php?rest_route=%2Fwp%2Fv2%2Fcategories&post=3033"},{"taxonomy":"post_tag","embeddable":true,"href":"https:\/\/www.chnk.pl\/index.php?rest_route=%2Fwp%2Fv2%2Ftags&post=3033"}],"curies":[{"name":"wp","href":"https:\/\/api.w.org\/{rel}","templated":true}]}}