{"id":3024,"date":"2020-12-19T23:15:11","date_gmt":"2020-12-19T23:15:11","guid":{"rendered":"http:\/\/www.chnk.pl\/?p=3024"},"modified":"2020-12-19T23:15:11","modified_gmt":"2020-12-19T23:15:11","slug":"4-niedziela-adwentu-3","status":"publish","type":"post","link":"https:\/\/www.chnk.pl\/?p=3024","title":{"rendered":"4 Niedziela Adwentu"},"content":{"rendered":"\n<p><strong>&nbsp;<\/strong><\/p>\n<p><strong>&nbsp;<\/strong><\/p>\n<p><strong>OG\u0141OSZENIA DUSZPASTERSKIE<\/strong><\/p>\n<p><strong>IV NIEDZIELA ADWENTU<\/strong><\/p>\n<p><strong>20 grudnia 2020 r. &nbsp;<\/strong><\/p>\n<ol>\n<li>Pasterka o godz. 22.00 i&nbsp; 00.00. W Wigili\u0119 zach\u0119ca si\u0119 do zachowania postu zwyk\u0142ego. Przypominamy o obowi\u0105zku zachowywania postu eucharystycznego, kt\u00f3ry polega na powstrzymaniu si\u0119 od posi\u0142ku i napoju godzin\u0119 przed przyj\u0119ciem Komunii \u015bw. W&nbsp; I i II \u015awi\u0119to Bo\u017cego Narodzenia porz\u0105dek mszy \u015bw. niedzielny. W I \u015awi\u0119to nie ma postu. Ofiary z II-ego \u015bwi\u0119ta przeznaczone na KUL i Wydzia\u0142 Teologiczny.&nbsp; Wydzia\u0142 Teologiczny w Poznaniu, zgodnie z umow\u0105 podpisan\u0105 z UAM, utrzymuje budynki Wydzia\u0142u, op\u0142aca ogrzewanie, rachunki za pr\u0105d, remonty&nbsp; z funduszy archidiecezji pozna\u0144skiej. Dlatego kilka razy w ci\u0105gu roku Wydzia\u0142 zwraca si\u0119 si\u0119 do Parafian o wsparcie materialne, za kt\u00f3re ks. Dziekan Wydzia\u0142u sk\u0142ada szczere B\u00f3g zap\u0142a\u0107. Na Wydziale kszta\u0142c\u0105 si\u0119 nie tylko klerycy, ale r\u00f3wnie\u017c wiele os\u00f3b \u015bwieckich, kt\u00f3re dzisiaj stanowi\u0105 zdecydowan\u0105 wi\u0119kszo\u015b\u0107 student\u00f3w. Przygotowuj\u0105 si\u0119 oni nie tylko do pracy katechety, ale tak\u017ce do roli mediatora w sprawach rodzinnych, pracownika o\u015brodk\u00f3w pomocy spo\u0142ecznej itp. Prowadzone s\u0105 r\u00f3wnie\u017c studia podyplomowe dla pragn\u0105cych pog\u0142\u0119bi\u0107 wiedz\u0119 teologiczn\u0105.<\/li>\n<li>Dzisiaj, w niedziel\u0119, okazja do spowiedzi \u015bw. od godz. 17.00 do 18.00 i w poniedzia\u0142ek wtorek i \u015brod\u0119 od 7.00 do 8.00 i od 16.00 do 18.00. W poniedzia\u0142ek Biuro nieczynne.<\/li>\n<li>W przysz\u0142\u0105 niedziel\u0119, 27 grudnia, obchodzimy \u015bwi\u0119to \u015awi\u0119tej Rodziny: Jezusa, Maryi i J\u00f3zefa. Jest to dzie\u0144 modlitwy o \u015bwi\u0119to\u015b\u0107 ma\u0142\u017ce\u0144stw i rodzin oraz dzie\u0144 odnowienie przyrzecze\u0144 ma\u0142\u017ce\u0144skich. Odnowienia przyrzecze\u0144 dokonamy na ka\u017cdej mszy \u015bw. Prosimy ma\u0142\u017conk\u00f3w, aby uczestnicz\u0105c w przysz\u0142\u0105 niedziel\u0119 we mszy \u015bw. zaj\u0119li miejsca obok siebie tak, aby mogli w czasie liturgii odnowi\u0107 \u015blubowania ma\u0142\u017ce\u0144skie.<\/li>\n<li>\u015apiewanie kol\u0119d przy \u017c\u0142\u00f3bku w drugie \u015bwi\u0119to o godz. 16.00.<\/li>\n<li>\u015awiat\u0142o Betlejemskie b\u0119dzie wystawione w ko\u015bciele we wtorek i w \u015brod\u0119 od 7.00 do 18.00 i w Wigili\u0119 Bo\u017cego Narodzenia do godz. 8.00 do 16.00.<\/li>\n<li>M\u0142odzie\u017c klas 7 i 8 Szko\u0142y Podstawowej prosimy o zg\u0142oszenie swojej ch\u0119ci rozpocz\u0119cia w 2021 r. przygotowania do przyj\u0119cia sakramentu bierzmowania. Na adres e-mail ks. wikariu\u00adsza (<a href=\"mailto:jarek.czyzewski@gmail.com\"><strong>jarek.czyzewski@gmail.com<\/strong><\/a>) prosimy przes\u0142a\u0107 swoje imi\u0119 i nazwisko oraz klas\u0119, do kt\u00f3rej si\u0119 chodzi.<\/li>\n<li>Dzi\u0119kczynienie za Duchow\u0105 Adopcj\u0119 Dziecka Pocz\u0119tego podj\u0119t\u0105 w naszej parafii, z\u0142o\u017cymy Panu Bogu w niedziel\u0119 27 grudnia na mszy \u015bw. o godz. 9.30. Istnieje mo\u017cliwo\u015b\u0107 w\u0142\u0105czenia si\u0119 w&nbsp;modlitw\u0119 dzi\u0119kczynn\u0105 z ko\u015bcio\u0142a Naj\u015bwi\u0119tszego Serca Pana Jezusa poprzez transmisj\u0119 internetow\u0105, w&nbsp;poniedzia\u0142ek&nbsp;28 grudnia 2020 roku o godz. 18<sup>00<\/sup>.<\/li>\n<\/ol>\n<p>Adres transmisji: <a href=\"https:\/\/nsjpoznan.click2stream.com\/\">https:\/\/nsjpoznan.click2stream.com<\/a><\/p>\n<ol start=\"8\">\n<li>B\u00f3g zap\u0142a\u0107 za ofiary na utrzymanie naszego ko\u015bcio\u0142a. B\u00f3g zap\u0142a\u0107 parafianom za pos\u0142ug\u0119 przy op\u0142atka i \u015bwiecach CARITAS, oraz panom za ustawienie \u017c\u0142\u00f3bka i choinek. Zapraszamy na doko\u0144czenie prac w poniedzia\u0142ek o godz. 19.00. Zach\u0119camy do czytania prasy katolickiej. W kaplicy przy zakrystii: Przewodnik Katolicki ( z modlitewnikiem na stycze\u0144), Go\u015b\u0107 Niedzielny, gazetka parafialna, Ziarno, Egzorcysta, kalendarzyki kieszonkowe Ksi\u0119garni \u015bw. Wojciecha. Op\u0142atki i siano na st\u00f3\u0142 wigilijny w salce parafialnej. Pod ch\u00f3rem propozycje modlitewne przed wieczerz\u0105 wigilijn\u0105.<\/li>\n<li>M\u00f3dlmy si\u0119 za zmar\u0142ych parafian. Za dusze \u015bp. Aliny Szymczak, os. Lecha 128 (msza \u015bw. pogrzebowa we wtorek o godz. 9.00), \u015bp. Jana \u0141ukaszewskiego, os. Lecha 33, \u015bp. Anny Paw\u0142oskiej, os. Lecha 5 (msza \u015bw. pogrzebowa w \u015brod\u0119 o godz. 11.00, na cmentarzu przy ul. Bluszczowej). Wieczny odpoczynek racz zmar\u0142ym da\u0107 Panie.<\/li>\n<\/ol>\n<p><strong>&nbsp;<\/strong><\/p>\n<p><strong>&nbsp;<\/strong><\/p>\n<p><strong>&nbsp;<\/strong><\/p>\n<p><strong>&nbsp;<\/strong><\/p>\n<p><strong>&nbsp;<\/strong><\/p>\n<p><strong>&nbsp;<\/strong><\/p>\n<p><strong>&nbsp;<\/strong><\/p>\n<p><strong>&nbsp;<\/strong><\/p>\n<p><strong>&nbsp;<\/strong><\/p>\n<p><strong>&nbsp;<\/strong><\/p>\n<p><strong>&nbsp;<\/strong><\/p>\n<p><strong>&nbsp;<\/strong><\/p>\n<p><strong>&nbsp;<\/strong><\/p>\n<p>&nbsp;<\/p>\n<p>&nbsp;<\/p>\n<p>&nbsp;<\/p>\n<p>&nbsp;<\/p>\n","protected":false},"excerpt":{"rendered":"<p>&nbsp; &nbsp; OG\u0141OSZENIA DUSZPASTERSKIE IV NIEDZIELA ADWENTU 20 grudnia 2020 r. &nbsp; Pasterka o godz. 22.00 i&nbsp; 00.00. W Wigili\u0119 zach\u0119ca si\u0119 do zachowania postu zwyk\u0142ego. Przypominamy o obowi\u0105zku zachowywania postu eucharystycznego, kt\u00f3ry polega na powstrzymaniu si\u0119 od posi\u0142ku i napoju godzin\u0119 przed przyj\u0119ciem Komunii \u015bw. W&nbsp; I i II \u015awi\u0119to Bo\u017cego Narodzenia porz\u0105dek mszy &#8230; <span class=\"more\"><a class=\"more-link\" href=\"https:\/\/www.chnk.pl\/?p=3024\">czytaj wi\u0119cej<\/a><\/span><\/p>\n","protected":false},"author":3,"featured_media":0,"comment_status":"open","ping_status":"open","sticky":false,"template":"","format":"standard","meta":{"ngg_post_thumbnail":0,"footnotes":""},"categories":[1],"tags":[],"_links":{"self":[{"href":"https:\/\/www.chnk.pl\/index.php?rest_route=\/wp\/v2\/posts\/3024"}],"collection":[{"href":"https:\/\/www.chnk.pl\/index.php?rest_route=\/wp\/v2\/posts"}],"about":[{"href":"https:\/\/www.chnk.pl\/index.php?rest_route=\/wp\/v2\/types\/post"}],"author":[{"embeddable":true,"href":"https:\/\/www.chnk.pl\/index.php?rest_route=\/wp\/v2\/users\/3"}],"replies":[{"embeddable":true,"href":"https:\/\/www.chnk.pl\/index.php?rest_route=%2Fwp%2Fv2%2Fcomments&post=3024"}],"version-history":[{"count":1,"href":"https:\/\/www.chnk.pl\/index.php?rest_route=\/wp\/v2\/posts\/3024\/revisions"}],"predecessor-version":[{"id":3025,"href":"https:\/\/www.chnk.pl\/index.php?rest_route=\/wp\/v2\/posts\/3024\/revisions\/3025"}],"wp:attachment":[{"href":"https:\/\/www.chnk.pl\/index.php?rest_route=%2Fwp%2Fv2%2Fmedia&parent=3024"}],"wp:term":[{"taxonomy":"category","embeddable":true,"href":"https:\/\/www.chnk.pl\/index.php?rest_route=%2Fwp%2Fv2%2Fcategories&post=3024"},{"taxonomy":"post_tag","embeddable":true,"href":"https:\/\/www.chnk.pl\/index.php?rest_route=%2Fwp%2Fv2%2Ftags&post=3024"}],"curies":[{"name":"wp","href":"https:\/\/api.w.org\/{rel}","templated":true}]}}