{"id":3014,"date":"2020-12-13T00:14:04","date_gmt":"2020-12-13T00:14:04","guid":{"rendered":"http:\/\/www.chnk.pl\/?p=3014"},"modified":"2020-12-13T11:37:41","modified_gmt":"2020-12-13T11:37:41","slug":"3-niedziela-adwentu-3","status":"publish","type":"post","link":"https:\/\/www.chnk.pl\/?p=3014","title":{"rendered":"3 Niedziela Adwentu"},"content":{"rendered":"\n<p><strong>OG\u0141OSZENIA DUSZPASTERSKIE<\/strong><\/p>\n<p><strong>III NIEDZIELA ADWENTU<\/strong><\/p>\n<p><strong>13 grudnia 2020 r.<\/strong><\/p>\n<ol>\n<li>Roraty do soboty o godz. 6.00. Dzieci do pi\u0105tku o godz. 18.00. W trzecim tygodniu Adwentu przypadaj\u0105 kwartalne dni modlitw o \u017cycie chrze\u015bcija\u0144skie rodzin i za przygotowuj\u0105cych si\u0119 do ma\u0142\u017ce\u0144stwa. W tej intencji b\u0119dziemy si\u0119 modli\u0107&nbsp; &nbsp; &nbsp; &nbsp; &nbsp; w czasie rorat i w r\u00f3\u017ca\u0144cu.<\/li>\n<li>We wtorek o godz. 6.00 roraty w intencji Stowarzyszenia Matki Bo\u017cej Patronki Dobrej \u015amierci. Po roratach r\u00f3\u017caniec do Siedmiu Bole\u015bci Matki Bo\u017cej i spotkanie op\u0142atkowe.<\/li>\n<li>W sobot\u0119 Dzie\u0144 Salety\u0144ski. Procesja do figury Matki Bo\u017cej rano po roratach.<\/li>\n<li>Spowied\u017a \u015bw. w pi\u0105tek i sobot\u0119 od godz. 7.00 do 8.00 i od 16.00 do 18.00.<\/li>\n<li>Prosimy pan\u00f3w o pomoc w przygotowaniu \u017c\u0142\u00f3bka: w pi\u0105tek, 18 grudnia, o godz. 19.00 przygotowanie konstrukcji i ustawianie choinek, a w poniedzia\u0142ek, 21 grudnia, godz. 19.00. \u017c\u0142\u00f3bka.<\/li>\n<li>W przysz\u0142\u0105 niedziel\u0119 na mszy \u015bw. o godz. 11.15 b\u0119dzie \u015bpiewa\u0107 schola dzieci\u0119ca. Pr\u00f3ba w przysz\u0142\u0105 niedziel\u0119, o godz. 10.30, w ko\u015bciele, na ch\u00f3rze. Zapraszamy wszystkie ch\u0119tne dzieci.<\/li>\n<li>Dzisiaj rocznica wprowadzenia stanu wojennego. Dla uczczenia pami\u0119ci ofiar stanu wojennego w Polsce, na\u015bladuj\u0105c historyczny gest \u015bw. Jana Paw\u0142a II z 1981 r., postawmy dzisiaj w oknie o godz. 19.30, \u015bwiec\u0119 pami\u0119ci.<\/li>\n<li>W tym roku nie mo\u017cna zorganizowa\u0107 Wigilii na Targach. Caritas prosi o ofiarowanie piernik\u00f3w, kt\u00f3rymi zostan\u0105 obdarowani ludzie pozostaj\u0105cy w trudnej sytuacji \u017cyciowej. Pierniki mo\u017cna przynie\u015b\u0107&nbsp; do parafii, do soboty w\u0142\u0105cznie.<\/li>\n<li>Za po\u015brednictwem Konferencji Episkopatu Polski, Prezes Naczelnej Rady Lekarskiej, zwraca si\u0119 z apelem do os\u00f3b, kt\u00f3re przesz\u0142y chorob\u0119 COVID-19 o&nbsp;oddawanie osocza. \u201eBadania naukowe potwierdzaj\u0105, \u017ce osocze ozdrowie\u0144c\u00f3w, podane we wczesnej fazie choroby, mo\u017ce zmniejszy\u0107 ryzyko zgonu [\u2026]. Dawc\u0105 mo\u017ce by\u0107 ka\u017cdy ozdrowieniec. Wystarczy zg\u0142osi\u0107 si\u0119 \u2013 nie wcze\u015bniej ni\u017c po miesi\u0105cu od wyzdrowienia \u2013 do regionalnego centrum Krwiodawstwa i Krwiolecznictwa [\u2026]\u201d.Wszystkim, kt\u00f3rzy pozytywnie odpowiedz\u0105 na Apel serdecznie dzi\u0119kujemy.<\/li>\n<li>M\u0142odzie\u017c, zamieszkuj\u0105ca nasz\u0105 parafi\u0119, z klas 7 i 8 Szko\u0142y Podstawowej prosimy o zg\u0142oszenie swojej ch\u0119ci rozpocz\u0119cia w 2021 r. przygotowania do przyj\u0119cia sakramentu bierzmowania. Na adres e-mail ks. wikariu\u00adsza (<a href=\"mailto:jarek.czyzewski@gmail.com\">jarek.czyzewski@gmail.com<\/a>) prosimy przes\u0142a\u0107 swoje imi\u0119 i nazwisko oraz klas\u0119, do kt\u00f3rej si\u0119 chodzi.<\/li>\n<li>B\u00f3g zap\u0142a\u0107 zespo\u0142om sprz\u0105taj\u0105cym w soboty ko\u015bci\u00f3\u0142. Zapraszamy do pomocy w tej pos\u0142udze. B\u00f3g zap\u0142a\u0107 za ofiary na utrzymanie ko\u015bcio\u0142a.<\/li>\n<li>Zach\u0119camy do czytania prasy katolickiej. W kaplicy przy zakrystii: <em>Przewodnik Kato\u00adlicki<\/em>,<em> Go\u015b\u0107 Niedzielny<\/em>, gazetka parafialna, <em>Mi\u0142ujcie si\u0119<\/em>, <em>Ziarno<\/em>, poczt\u00f3wki z religijnymi moty\u00adwami Bo\u017cego Narodzenia, <em>Egzorcysta<\/em>. Op\u0142atki wigilijne i siano w salce parafialnej, wej\u015bcie z dziedzi\u0144ca.<\/li>\n<li>M\u00f3dlmy si\u0119 za zmar\u0142ych parafian. Za dusz\u0119 \u015bp. Heleny Ratajczak, os. Lecha 19 ( msza sw. Pogrzebowa w czwartek o godz. 10.00), \u015bp. Jaros\u0142awa Szlandrowicza, os. Lecha 16 i \u015bp. Danuty Karolczak, os. Lecha 16 (pogrzeb w Rogalinie). Wieczny odpoczynek racz zmar\u0142ym da\u0107 Panie.<\/li>\n<\/ol>\n<p><strong>&nbsp;<\/strong><\/p>\n<p><strong>&nbsp;<\/strong><\/p>\n<p><strong>&nbsp;<\/strong><\/p>\n<p><strong>&nbsp;<\/strong><\/p>\n<p><strong>&nbsp;<\/strong><\/p>\n<p><strong>&nbsp;<\/strong><\/p>\n<p><strong>&nbsp;<\/strong><\/p>\n<p><strong>&nbsp;<\/strong><\/p>\n<p><strong>&nbsp;<\/strong><\/p>\n<p><strong>&nbsp;<\/strong><\/p>\n<p><strong>&nbsp;<\/strong><\/p>\n<p><strong>&nbsp;<\/strong><\/p>\n<p>&nbsp;<\/p>\n<p>&nbsp;<\/p>\n<p>&nbsp;<\/p>\n<p>&nbsp;<\/p>\n<p>&nbsp;<\/p>\n","protected":false},"excerpt":{"rendered":"<p>OG\u0141OSZENIA DUSZPASTERSKIE III NIEDZIELA ADWENTU 13 grudnia 2020 r. Roraty do soboty o godz. 6.00. Dzieci do pi\u0105tku o godz. 18.00. W trzecim tygodniu Adwentu przypadaj\u0105 kwartalne dni modlitw o \u017cycie chrze\u015bcija\u0144skie rodzin i za przygotowuj\u0105cych si\u0119 do ma\u0142\u017ce\u0144stwa. W tej intencji b\u0119dziemy si\u0119 modli\u0107&nbsp; &nbsp; &nbsp; &nbsp; &nbsp; w czasie rorat i w r\u00f3\u017ca\u0144cu. &#8230; <span class=\"more\"><a class=\"more-link\" href=\"https:\/\/www.chnk.pl\/?p=3014\">czytaj wi\u0119cej<\/a><\/span><\/p>\n","protected":false},"author":3,"featured_media":0,"comment_status":"open","ping_status":"open","sticky":false,"template":"","format":"standard","meta":{"ngg_post_thumbnail":0,"footnotes":""},"categories":[1],"tags":[],"_links":{"self":[{"href":"https:\/\/www.chnk.pl\/index.php?rest_route=\/wp\/v2\/posts\/3014"}],"collection":[{"href":"https:\/\/www.chnk.pl\/index.php?rest_route=\/wp\/v2\/posts"}],"about":[{"href":"https:\/\/www.chnk.pl\/index.php?rest_route=\/wp\/v2\/types\/post"}],"author":[{"embeddable":true,"href":"https:\/\/www.chnk.pl\/index.php?rest_route=\/wp\/v2\/users\/3"}],"replies":[{"embeddable":true,"href":"https:\/\/www.chnk.pl\/index.php?rest_route=%2Fwp%2Fv2%2Fcomments&post=3014"}],"version-history":[{"count":3,"href":"https:\/\/www.chnk.pl\/index.php?rest_route=\/wp\/v2\/posts\/3014\/revisions"}],"predecessor-version":[{"id":3020,"href":"https:\/\/www.chnk.pl\/index.php?rest_route=\/wp\/v2\/posts\/3014\/revisions\/3020"}],"wp:attachment":[{"href":"https:\/\/www.chnk.pl\/index.php?rest_route=%2Fwp%2Fv2%2Fmedia&parent=3014"}],"wp:term":[{"taxonomy":"category","embeddable":true,"href":"https:\/\/www.chnk.pl\/index.php?rest_route=%2Fwp%2Fv2%2Fcategories&post=3014"},{"taxonomy":"post_tag","embeddable":true,"href":"https:\/\/www.chnk.pl\/index.php?rest_route=%2Fwp%2Fv2%2Ftags&post=3014"}],"curies":[{"name":"wp","href":"https:\/\/api.w.org\/{rel}","templated":true}]}}