{"id":2999,"date":"2020-12-05T20:15:57","date_gmt":"2020-12-05T20:15:57","guid":{"rendered":"http:\/\/www.chnk.pl\/?p=2999"},"modified":"2020-12-05T20:15:57","modified_gmt":"2020-12-05T20:15:57","slug":"2-niedziela-adwentu-4","status":"publish","type":"post","link":"https:\/\/www.chnk.pl\/?p=2999","title":{"rendered":"2 Niedziela Adwentu"},"content":{"rendered":"\n<p><strong>&nbsp;<\/strong><\/p>\n<p><strong>OG\u0141OSZENIA DUSZPASTERSKIE<\/strong><\/p>\n<p><strong>NIEDZIELA II ADWENTU<\/strong><\/p>\n<p><strong>6 grudnia 2020 r.<\/strong><\/p>\n<ol>\n<li>Kalendarz liturgiczny:<\/li>\n<\/ol>\n<p>poniedzia\u0142ek \u2013 \u015bw. Ambro\u017cego,<\/p>\n<p><strong>wtorek &#8211; Uroczystos\u0107 Niepokalanego Pocz\u0119cia Naj\u015bwi\u0119tszej Maryi Panny,<\/strong><\/p>\n<p>\u015broda &#8211;&nbsp; \u015bw. Jana Diego,<\/p>\n<p>czwartek &#8211; Naj\u015bwi\u0119tszej Maryi Panny z Loreto<\/p>\n<p>pi\u0105tek \u2013 \u015bw. Damazego,<\/p>\n<p>sobota \u2013 Naj\u015bwi\u0119tszej Maryi Panny z Guadalupe.<\/p>\n<ol start=\"2\">\n<li>Roraty w tygodniu o godz. 6.00. Dla dzieci od poniedzia\u0142ku do pi\u0105tku o godz. 18.00. Dzieci przynosz\u0105 serduszko z wypisanym dobrym uczynkiem do \u017c\u0142\u00f3bka, w kt\u00f3rym narodzi si\u0119 Pan Jezus. Prosimy rodzic\u00f3w, aby do\u0142o\u017cyli stara\u0144, by dzieci, chocia\u017c kilka razy, uczest\u00adniczy\u0142y w roratach.<\/li>\n<li>We wtorek uroczysto\u015b\u0107 <strong>Niepokalanego Pocz\u0119cia Naj\u015bwi\u0119tszej Maryi Panny<\/strong>. Msza \u015bw. o godz. 6.00 i r\u00f3\u017caniec do Matki Bo\u017cej Patronki Dobrej \u015amierci. O godz. 7.30 Godzinki o Niepokalanym Pocz\u0119ciu i msza \u015bw. o godz. 8.00. O godz. 12.00&nbsp; wystawienie Naj\u015bwi\u0119tszego Sa\u00adkramentu i adoracja do godz. 13.00. Po po\u0142udniu msza \u015bw. o godz. 16.30 i 18.00. Wielo\u015b\u0107 odprawianych mszy \u015bw. niech o\u015bmieli Parafian do udzia\u0142u we mszy \u015bw. dla uczczenia Nie\u00adpokalanego Pocz\u0119cia Naj\u015bwi\u0119tszej Maryi Panny. Ofiary na biedne ko\u015bcio\u0142y&nbsp; &nbsp;w Polsce.<\/li>\n<li>Koronka do Mi\u0142osierdzia Bo\u017cego w intencji chrze\u015bcijan prze\u015bladowanych w pi\u0105tki o godz. 17.40.<\/li>\n<li>Prosimy o zg\u0142aszanie chorych i starszych parafian do spowiedzi \u015bw. adwentowej na sobo\u00adt\u0119, 19 grudnia, od godz. 9.00.<\/li>\n<li>\u015awiece CARITAS, op\u0142atki wigilijne i siano na st\u00f3\u0142 wigilijny w salce parafialnej &#8211; wej\u015bcie z dziedzi\u0144ca. Ofiary przeznaczone na doposa\u017cenie i ogrzewanie ko\u015bcio\u0142a. B\u00f3g zap\u0142a\u0107 za \u015brodki higieniczne i ofiary dla DPS-u SS. Serafitek.<\/li>\n<li>Dzisiaj, w drug\u0105 niedziel\u0119 Adwentu, obchodzimy Dzie\u0144 Modlitwy i Pomocy Ko\u015bcio\u0142owi na Wschodzie. W\u0142\u0105czamy si\u0119 w to dzie\u0142o, modlitw\u0105 oraz sk\u0142adaj\u0105c ofiary do puszek przed ko\u015bcio\u0142em. Nasza pomoc dotrze do ludzi \u017cyj\u0105cych w trudnych warunkach. Celem tego dnia jest duchowe i materialne wsparcie Ko\u015bcio\u0142a Katolickiego w krajach Europy Wschodniej, Rosji i Azji \u015arodkowej.<\/li>\n<li>M\u0142odzie klas 7 i 8 Szko\u0142y Podstawowej prosimy o zg\u0142oszenie swojej ch\u0119ci rozpocz\u0119cia w 2021 r. przygotowania do przyj\u0119cia sakramentu bierzmowania. Na adres e-mail ks. wikariu\u00adsza (<a href=\"mailto:jarek.czyzewski@gmail.com\">jarek.czyzewski@gmail.com<\/a>) prosimy przes\u0142a\u0107 swoje imi\u0119 i nazwisko oraz klas\u0119, do kt\u00f3rej si\u0119 chodzi.<\/li>\n<li>Zach\u0119camy do czytania prasy katolickiej. W kaplicy przy zakrystii: Przewodnik Katolic\u00adki, Go\u015b\u0107 Niedzielny, Egzorcysta (numer grudniowy), gazetka parafialna, poczt\u00f3wki bo\u017cona\u00adrodzeniowe, kalendarzyki kieszonkowe Ksi\u0119garni \u015aw. Wojciecha.<\/li>\n<li>M\u00f3dlmy si\u0119 w intencji rych\u0142ej odbudowy Pomnika Wdzi\u0119czno\u015bci w Poznaniu ze s\u0142owa\u00admi \u201dNaj\u015bwi\u0119tszemu Sercu Jezusa &#8211; Wskrzeszona Polska\u201d, kt\u00f3re to s\u0142owa przypomina\u0142y o przymierzu z Bogiem jako warunku niepodleg\u0142o\u015bci Ojczyzny. M\u00f3dlmy si\u0119: Naj\u015bwi\u0119tsze Serce Jezusa &#8211; zmi\u0142uj si\u0119 nad nami.<\/li>\n<\/ol>\n<p>&nbsp;<\/p>\n<p>&nbsp;<\/p>\n<p>&nbsp;<\/p>\n<p>&nbsp;<\/p>\n<p>&nbsp;<\/p>\n<p>&nbsp;<\/p>\n<p>&nbsp;<\/p>\n<p>&nbsp;<\/p>\n<p>&nbsp;<\/p>\n<p>&nbsp;<\/p>\n<p>&nbsp;<\/p>\n<p>&nbsp;<\/p>\n<p>&nbsp;<\/p>\n<p><strong>&nbsp;<\/strong><\/p>\n<p><strong>Modlitwa za rodziny &#8211; <\/strong><strong>z inicjatywy Konferencji Episkopatu Polski<\/strong><\/p>\n<p>&nbsp;<\/p>\n<p>Bo\u017ce, w Tr\u00f3jcy \u015awi\u0119tej Jedyny, \u017ar\u00f3d\u0142o \u017cycia i mi\u0142o\u015bci wszystkich ludzi! Dzi\u0119kujemy za to, \u017ce stworzy\u0142e\u015b nas \u2013 m\u0119\u017cczyznami i kobietami, aby\u015bmy si\u0119 nawzajem uzupe\u0142niali i byli dla siebie wzajemn\u0105 pomoc\u0105. Dzi\u0119kujemy, \u017ce przez Jezusa Chrystusa u\u015bwi\u0119ci\u0142e\u015b ma\u0142\u017ce\u0144stwo, ustanawiaj\u0105c je sakramentem. Spraw, aby ka\u017cda rodzina sta\u0142a si\u0119 sanktuarium \u017cycia i mi\u0142o\u00ad\u015bci. Pom\u00f3\u017c wszystkim ma\u0142\u017conkom trwa\u0107 w wierno\u015bci i jedno\u015bci. Wspieraj ma\u0142\u017ce\u0144stwa i ro\u00addziny zagro\u017cone oraz dotkni\u0119te rozmaitymi kryzysami. Oddajemy Ci, Bo\u017ce, wszystkie dzie\u00adci od momentu pocz\u0119cia. Niech ciesz\u0105 si\u0119 mi\u0142o\u015bci\u0105 matki i ojca. Spraw, by dzieci i m\u0142odzie\u017c znalaz\u0142y w rodzinach silne wsparcie dla wzrostu w prawdzie i mi\u0142o\u015bci. Umacniaj dziadk\u00f3w&nbsp;&nbsp;&nbsp;&nbsp;&nbsp;&nbsp;&nbsp;&nbsp;&nbsp;&nbsp;&nbsp;&nbsp;&nbsp;&nbsp;&nbsp; i babcie, aby umieli dzieli\u0107 si\u0119 m\u0105dro\u015bci\u0105 i wiar\u0105 z m\u0142odymi. Prosimy, by stanowi\u0105cy prawa&nbsp; i sprawuj\u0105cy w\u0142adz\u0119 s\u0142u\u017cyli pocz\u0119temu \u017cyciu, ma\u0142\u017ce\u0144stwu i rodzinie. \u015awi\u0119ta Rodzino z Na\u00adzaretu, wspomagaj, aby umacnia\u0142a si\u0119 \u015bwiadomo\u015b\u0107 \u015bwi\u0119tego i nierozerwalnego charakteru ma\u0142\u017ce\u0144stwa i rodziny. \u015awi\u0119ta Maryjo, Matko Bo\u017ca, Kr\u00f3lowo rodzin, m\u00f3dl si\u0119 za nami! \u015awi\u0119ty J\u00f3zefie, g\u0142owo \u015awi\u0119tej Rodziny, m\u00f3dl si\u0119 za nami!&nbsp;<\/p>\n<p>\u015awi\u0119ty Janie Pawle II, papie\u017cu rodziny, m\u00f3dl si\u0119 za nami!&nbsp;<\/p>\n<p>&nbsp;<\/p>\n<p>&nbsp;<\/p>\n<p>&nbsp;<\/p>\n<p>&nbsp;<\/p>\n<p>&nbsp;<\/p>\n<p>&nbsp;&nbsp;&nbsp;&nbsp;&nbsp;&nbsp;&nbsp;&nbsp;&nbsp;&nbsp;&nbsp;&nbsp;&nbsp;&nbsp;&nbsp;&nbsp;&nbsp;&nbsp;&nbsp;&nbsp;&nbsp;&nbsp;&nbsp;&nbsp;&nbsp;&nbsp;&nbsp;&nbsp;&nbsp;&nbsp;&nbsp;&nbsp;&nbsp;&nbsp;&nbsp;&nbsp;&nbsp;&nbsp;&nbsp;&nbsp;&nbsp;&nbsp;&nbsp;&nbsp;&nbsp;&nbsp;&nbsp;&nbsp;&nbsp;&nbsp;&nbsp;<\/p>\n<p>&nbsp;<\/p>\n<p>&nbsp;<\/p>\n<p>&nbsp;<\/p>\n<p>&nbsp;<\/p>\n<p>&nbsp;<\/p>\n<p>&nbsp;<\/p>\n<p>&nbsp;<\/p>\n<p>&nbsp;<\/p>\n<p>&nbsp;<\/p>\n<p>&nbsp;<\/p>\n<p>&nbsp;<\/p>\n<p>&nbsp;<\/p>\n<p>&nbsp;<\/p>\n<p>&nbsp;<\/p>\n<p>&nbsp;<\/p>\n<p>&nbsp;<\/p>\n<p>&nbsp;<\/p>\n<p>&nbsp;<\/p>\n<p>&nbsp;<\/p>\n<p>&nbsp;<\/p>\n<p>&nbsp;<\/p>\n<p>&nbsp;<\/p>\n<p>&nbsp;<\/p>\n<p>&nbsp;<\/p>\n<p>&nbsp;<\/p>\n<p>&nbsp;<\/p>\n<p>&nbsp;<\/p>\n<p>&nbsp;<\/p>\n<p>&nbsp;<\/p>\n<p>&nbsp;<\/p>\n<p>&nbsp;<\/p>\n<p>&nbsp;<\/p>\n<p>&nbsp;<\/p>\n<p>&nbsp;<\/p>\n<p>&nbsp;<\/p>\n<p>&nbsp;<\/p>\n","protected":false},"excerpt":{"rendered":"<p>&nbsp; OG\u0141OSZENIA DUSZPASTERSKIE NIEDZIELA II ADWENTU 6 grudnia 2020 r. Kalendarz liturgiczny: poniedzia\u0142ek \u2013 \u015bw. Ambro\u017cego, wtorek &#8211; Uroczystos\u0107 Niepokalanego Pocz\u0119cia Naj\u015bwi\u0119tszej Maryi Panny, \u015broda &#8211;&nbsp; \u015bw. Jana Diego, czwartek &#8211; Naj\u015bwi\u0119tszej Maryi Panny z Loreto pi\u0105tek \u2013 \u015bw. Damazego, sobota \u2013 Naj\u015bwi\u0119tszej Maryi Panny z Guadalupe. Roraty w tygodniu o godz. 6.00. Dla dzieci &#8230; <span class=\"more\"><a class=\"more-link\" href=\"https:\/\/www.chnk.pl\/?p=2999\">czytaj wi\u0119cej<\/a><\/span><\/p>\n","protected":false},"author":3,"featured_media":0,"comment_status":"open","ping_status":"open","sticky":false,"template":"","format":"standard","meta":{"ngg_post_thumbnail":0,"footnotes":""},"categories":[1],"tags":[],"_links":{"self":[{"href":"https:\/\/www.chnk.pl\/index.php?rest_route=\/wp\/v2\/posts\/2999"}],"collection":[{"href":"https:\/\/www.chnk.pl\/index.php?rest_route=\/wp\/v2\/posts"}],"about":[{"href":"https:\/\/www.chnk.pl\/index.php?rest_route=\/wp\/v2\/types\/post"}],"author":[{"embeddable":true,"href":"https:\/\/www.chnk.pl\/index.php?rest_route=\/wp\/v2\/users\/3"}],"replies":[{"embeddable":true,"href":"https:\/\/www.chnk.pl\/index.php?rest_route=%2Fwp%2Fv2%2Fcomments&post=2999"}],"version-history":[{"count":1,"href":"https:\/\/www.chnk.pl\/index.php?rest_route=\/wp\/v2\/posts\/2999\/revisions"}],"predecessor-version":[{"id":3000,"href":"https:\/\/www.chnk.pl\/index.php?rest_route=\/wp\/v2\/posts\/2999\/revisions\/3000"}],"wp:attachment":[{"href":"https:\/\/www.chnk.pl\/index.php?rest_route=%2Fwp%2Fv2%2Fmedia&parent=2999"}],"wp:term":[{"taxonomy":"category","embeddable":true,"href":"https:\/\/www.chnk.pl\/index.php?rest_route=%2Fwp%2Fv2%2Fcategories&post=2999"},{"taxonomy":"post_tag","embeddable":true,"href":"https:\/\/www.chnk.pl\/index.php?rest_route=%2Fwp%2Fv2%2Ftags&post=2999"}],"curies":[{"name":"wp","href":"https:\/\/api.w.org\/{rel}","templated":true}]}}