{"id":2975,"date":"2020-11-21T17:30:48","date_gmt":"2020-11-21T17:30:48","guid":{"rendered":"http:\/\/www.chnk.pl\/?p=2975"},"modified":"2020-11-21T17:30:48","modified_gmt":"2020-11-21T17:30:48","slug":"uroczystosc-jezusa-chrystusa-krola-wszechswiata-2","status":"publish","type":"post","link":"https:\/\/www.chnk.pl\/?p=2975","title":{"rendered":"Uroczysto\u015b\u0107 Jezusa Chrystusa Kr\u00f3la Wszech\u015bwiata"},"content":{"rendered":"\n<p><strong>&nbsp;<\/strong><\/p>\n<p><strong>&nbsp;<\/strong><\/p>\n<p><strong>OG\u0141OSZENIA DUSZPASTERSKIE<\/strong><\/p>\n<p><strong>Uroczysto\u015b\u0107 Jezusa Chrystusa Kr\u00f3la Wszech\u015bwiata<\/strong><\/p>\n<p><strong>22 listopada 2020 r.<\/strong><\/p>\n<ol>\n<li>Dzisiaj, po mszy \u015bw. wystawienie Naj\u015bwi\u0119tszego Sakramentu i akt po\u015bwi\u0119cenia Jezusowi Chrystusowi Kr\u00f3lowi. Msza \u015bw. ko\u0144czy si\u0119 b\u0142ogos\u0142awie\u0144stwem eucharystycznym. Za pobo\u017cne i publiczne zm\u00f3wienie ww. aktu po\u015bwi\u0119cenie mo\u017cna dost\u0105pi\u0107 odpustu zupe\u0142nego.<\/li>\n<li>W dniu 27 listopada, w pi\u0105tek, minie sze\u015b\u0107 lat od \u015bmierci S\u0142u\u017cebnicy Bo\u017cej Wandy B\u0142e\u0144skiej, lekarki i \u015bwieckiej misjonarki, nazywanej Matk\u0105 Tr\u0119dowatych, kt\u00f3rych leczy\u0142a ponad 40 lat w Ugandzie. Tego dnia o godz. 18:00 w parafii pw. Chrystusa Dobrego Pasterza na Nowinie odb\u0119dzie si\u0119 Msza \u015bw., i r\u00f3\u017caniec przy grobie Poznanianki Stulecia. Msza \u015bw. transmitowana b\u0119dzie na Facebooku: <a href=\"http:\/\/www.facebook.com\/wandablenska\">www.facebook.com\/wandablenska<\/a><\/li>\n<li>Dnia 29 listopada, w pierwsz\u0105 niedziel\u0119 Adwentu rozpoczynaj\u0105 si\u0119 \u201eOg\u00f3lnopolskie&nbsp;Rekolekcje Oddanie33\u201d. S\u0105 to 33 dniowe rekolekcje przygotowuj\u0105ce do aktu oddania si\u0119 Panu Jezusowi przez Maryj\u0119. Ks. Abp Stanis\u0142aw G\u0105decki b\u0119dzie przewodniczy\u0142 Mszy \u015bwi\u0119tej inauguracyjnej wydarzenie, kt\u00f3ra odb\u0119dzie si\u0119 29 listopada, o godz. 10:00 w katedrze pozna\u0144skiej. Rekolekcje b\u0119d\u0105 r\u00f3wnie\u017c emitowane w Radiu Emaus w terminie od 29.11 do 31.12 &#8211; od poniedzia\u0142ku do pi\u0105tku o godz. 5.40 oraz 18.40, a w sobot\u0119 i niedziel\u0119 o godz. 6.40 oraz 15.10. Rekolekcje s\u0105 propozycj\u0105 formacji duchowej na czas Adwentu. Wszystkie materia\u0142y znale\u017a\u0107 mo\u017cna na stronie: <a href=\"http:\/\/www.oddanie33.pl\/\">www.oddanie33.pl<\/a>. Zach\u0119camy do wzi\u0119cia udzia\u0142u w rekolekcjach, wszystkich pragn\u0105cych zawierzy\u0107 si\u0119 Panu Jezusowi przez Maryj\u0119, zw\u0142aszcza w trudnym czasie pandemii.<\/li>\n<li>W niedziel\u0119, dzisiaj, 22 listopada o 16:30 odb\u0119dzie si\u0119 premiera trzeciej edycji Verba Sacra w internecie. Fragmenty Ksi\u0105g Machabejskich zobaczymy w interpretacji znanego aktora Andrzeja Mastalerza. Premiera odb\u0119dzie si\u0119 na kanale YouTube <a href=\"https:\/\/l.facebook.com\/l.php?u=https%3A%2F%2Fwww.youtube.com%2Fverbasacraonline%3Ffbclid%3DIwAR3JwRWoR_h1wCM_93qZCXuzV15dC3qVBrhkgKxvqXVamB7Qksv9RMR9h-E&amp;h=AT33h0q2eqHEL90WT81ayhIbPMjFkTmFQRDskq6pmP4VsEUx7QASc5WMg65FbGLvZZY6O2SA7zGOiocQqlBMPQyASEB3fOKoqv8Vb9asMJsMbgFND3q1nu563MpSoTCV9TTc&amp;__tn__=-UK-R&amp;c%5B0%5D=AT00EOTyRMj3Q6jxY6VMEk6BIdP91vvL2rlRmi6HAD3eg-so17fYKNXxytFbAPMVeulemmTBdoWjTOealLnPE0Sh7ck8OcYi19MIAaUc6lzZ-KfmuSwtZb5FcK4b3l8Voo2BQFICqQ6KL74_AjVHMNLXkshVcrFHlLFaKTPfjl7svmypYVmJphF-W7JY\">https:\/\/www.youtube.com\/verbasacraonline <\/a><u>, <\/u><a href=\"http:\/\/www.verbasacra.pl\/\">www.verbasacra.pl<\/a><\/li>\n<li>Z inicjatywy m\u0142odzie\u017cy naszej parafii organizujemy zbi\u00f3rk\u0119 na rzecz Domu Pomocy Spo\u0142ecznej \u015bw. Rocha w Poznaniu. Siostry Serafitki&nbsp;zapewniaj\u0105 w nim ca\u0142odobow\u0105 opiek\u0119 60 podopiecznym z wielorak\u0105 niepe\u0142nosprawno\u015bci\u0105 intelektualn\u0105 i fizyczn\u0105. W przysz\u0142\u0105 niedziel\u0119, 29 listopada, po ka\u017cdej mszy \u015bw. m\u0142odzie\u017c b\u0119dzie zbiera\u0142a przed ko\u015bcio\u0142em ofiary do puszek; pieni\u0105dze mo\u017cna przelewa\u0107 tak\u017ce na konto parafii z dopiskiem&nbsp;\u201eDPS \u015bw. Roch\u201d. Mo\u017cna tak\u017ce tego dnia przynosi\u0107 do ko\u015bcio\u0142a chemi\u0119 gospodarcz\u0105, \u015brodki czysto\u015bci i artyku\u0142y higieniczne: szczeg\u00f3lnie pieluchy 3-5 kg oraz nawil\u017cone chusteczki dla dzieci.<\/li>\n<li>Za tydzie\u0144 rozpoczynamy Adwent Zach\u0119camy do przygotowania rodzinnego wie\u0144ca adwentowego z czterema \u015bwiecami we w\u0142asnym zakresie. Po\u015bwi\u0119cenie wie\u0144c\u00f3w adwentowych, w przysz\u0142\u0105 niedziel\u0119 na ka\u017cdej mszy \u015bw. Zach\u0119camy dzieci do przygotowania lampionu roratniego i rodzinnej stajenki betlejemskiej pod choink\u0119.<\/li>\n<li>Spotkanie wsp\u00f3lnoty r\u00f3\u017ca\u0144cowej w \u015brod\u0119 po wieczornej mszy w. w ko\u015bciele.<\/li>\n<li>Zach\u0119camy do czytania prasy katolickiej. Przy zakrystii:<em> Przewodnik Katolicki<\/em>, <em>Ma\u0142y Przewodni Katolicki<\/em>, <em>Go\u015b\u0107 Niedzielny, Mi\u0142ujcie si\u0119, Egzorcysta, <\/em>kalendarzyki kieszonkowe Ksi\u0119garni \u015bw. Wojciecha i gazetka parafialna.<\/li>\n<li>Op\u0142atki wigilijne i \u015bwiece Caritas od przysz\u0142ej niedzieli w salce parafialnej. Ofiary przeznaczone na CARITAS oraz doposa\u017canie i ogrzewanie ko\u015bcio\u0142a.<\/li>\n<li>M\u00f3dlmy si\u0119 za zmar\u0142ych Parafian. Za dusz\u0119 \u015bp. Marty Ratajczk, os. Lecha 124. Msza \u015bw. pogrzbowa w Par. Bo\u017cego Cia\u0142a w poniedzia\u0142ek o godz. 18.00&nbsp; Wieczny odpoczynek racz zmar\u0142ym da\u0107 Panie.<\/li>\n<\/ol>\n<p><strong>&nbsp;<\/strong>&nbsp;&nbsp;&nbsp;&nbsp;&nbsp;&nbsp;&nbsp;&nbsp;&nbsp;&nbsp;&nbsp;&nbsp;&nbsp;&nbsp;&nbsp;&nbsp;&nbsp;&nbsp;&nbsp;&nbsp;&nbsp;&nbsp;&nbsp;&nbsp;&nbsp;&nbsp;&nbsp;&nbsp;&nbsp;&nbsp;&nbsp;&nbsp;&nbsp;&nbsp;&nbsp;&nbsp;&nbsp;&nbsp;&nbsp;&nbsp;&nbsp;&nbsp;&nbsp;&nbsp;&nbsp;&nbsp;&nbsp;&nbsp;&nbsp;&nbsp;&nbsp;&nbsp;&nbsp;&nbsp;&nbsp;&nbsp;&nbsp;&nbsp;&nbsp;&nbsp;&nbsp;&nbsp;&nbsp;&nbsp;&nbsp;&nbsp;&nbsp;&nbsp;&nbsp;&nbsp;&nbsp;&nbsp;&nbsp;&nbsp;&nbsp;&nbsp;&nbsp;&nbsp;&nbsp;&nbsp;&nbsp;&nbsp;&nbsp;&nbsp;&nbsp;&nbsp;&nbsp;&nbsp;&nbsp;&nbsp;&nbsp;&nbsp;&nbsp;&nbsp;&nbsp;&nbsp;&nbsp;&nbsp;&nbsp;&nbsp;&nbsp;&nbsp;&nbsp;&nbsp;&nbsp;&nbsp;&nbsp;&nbsp;&nbsp;&nbsp;&nbsp;&nbsp;&nbsp;&nbsp;&nbsp;&nbsp;&nbsp;&nbsp;&nbsp;&nbsp;&nbsp;&nbsp;&nbsp;&nbsp;&nbsp;&nbsp;&nbsp;&nbsp;&nbsp;&nbsp; &nbsp;&nbsp;&nbsp;&nbsp;&nbsp;&nbsp;&nbsp;&nbsp;&nbsp;&nbsp;&nbsp;&nbsp;&nbsp;&nbsp;&nbsp;&nbsp;&nbsp;&nbsp;&nbsp;&nbsp;&nbsp;&nbsp;&nbsp;&nbsp;&nbsp;&nbsp;&nbsp;&nbsp;&nbsp;&nbsp;&nbsp;&nbsp;&nbsp;&nbsp;&nbsp;&nbsp;&nbsp;&nbsp;&nbsp;&nbsp;&nbsp;&nbsp;&nbsp;&nbsp;&nbsp;&nbsp;&nbsp;&nbsp;&nbsp;&nbsp;&nbsp;&nbsp;&nbsp;&nbsp;&nbsp;&nbsp;&nbsp;&nbsp;&nbsp;&nbsp;&nbsp;&nbsp;&nbsp;&nbsp;&nbsp;&nbsp;&nbsp;&nbsp;&nbsp;&nbsp;&nbsp;&nbsp;&nbsp;&nbsp;&nbsp;&nbsp;&nbsp;&nbsp;&nbsp;&nbsp;&nbsp;&nbsp;&nbsp;&nbsp;&nbsp;&nbsp;&nbsp;&nbsp;&nbsp;&nbsp;&nbsp;&nbsp;&nbsp;&nbsp;&nbsp;&nbsp;&nbsp;&nbsp;&nbsp;&nbsp;&nbsp;&nbsp;&nbsp;&nbsp;&nbsp;&nbsp;&nbsp;&nbsp;&nbsp;&nbsp;&nbsp;&nbsp;&nbsp;&nbsp;&nbsp;&nbsp;&nbsp;&nbsp;&nbsp;&nbsp;&nbsp;&nbsp;&nbsp;&nbsp;&nbsp;&nbsp;&nbsp;&nbsp;&nbsp;&nbsp;&nbsp;&nbsp;&nbsp;&nbsp;&nbsp;&nbsp;&nbsp;&nbsp;&nbsp;&nbsp;&nbsp;&nbsp;&nbsp;&nbsp;&nbsp;&nbsp;&nbsp;&nbsp;&nbsp;&nbsp;&nbsp;&nbsp;&nbsp;&nbsp;&nbsp;&nbsp;&nbsp;&nbsp;&nbsp;&nbsp;&nbsp;&nbsp;&nbsp;&nbsp;&nbsp;&nbsp;&nbsp;&nbsp;&nbsp;&nbsp;&nbsp;&nbsp;&nbsp;&nbsp;&nbsp;&nbsp;&nbsp;&nbsp;&nbsp;&nbsp;&nbsp;&nbsp;&nbsp;&nbsp;&nbsp;&nbsp;&nbsp;&nbsp;&nbsp;&nbsp;&nbsp;&nbsp;&nbsp;&nbsp;&nbsp;&nbsp;&nbsp;&nbsp;&nbsp;&nbsp;&nbsp;&nbsp;&nbsp;&nbsp;&nbsp;&nbsp;&nbsp;&nbsp;&nbsp;&nbsp;&nbsp;&nbsp;&nbsp;&nbsp;&nbsp;&nbsp;&nbsp;&nbsp;&nbsp;&nbsp;&nbsp;&nbsp;&nbsp;&nbsp;&nbsp;&nbsp;&nbsp;&nbsp;&nbsp;&nbsp;&nbsp;&nbsp;&nbsp;&nbsp;&nbsp;&nbsp;&nbsp;&nbsp;&nbsp;&nbsp;&nbsp;&nbsp;&nbsp;&nbsp;&nbsp;&nbsp;&nbsp;&nbsp;&nbsp;&nbsp;&nbsp;&nbsp;&nbsp;&nbsp;&nbsp;&nbsp;&nbsp;&nbsp;&nbsp;&nbsp;&nbsp;&nbsp;&nbsp;&nbsp;&nbsp;&nbsp;&nbsp;&nbsp;&nbsp;&nbsp;&nbsp;&nbsp;&nbsp;&nbsp;&nbsp;&nbsp;&nbsp;&nbsp;&nbsp;&nbsp;&nbsp;&nbsp;&nbsp;&nbsp;&nbsp;&nbsp;&nbsp;&nbsp;&nbsp;&nbsp;&nbsp;&nbsp;&nbsp;&nbsp;&nbsp;&nbsp;&nbsp;&nbsp;&nbsp;&nbsp;&nbsp;&nbsp;&nbsp;&nbsp;&nbsp;&nbsp;&nbsp;&nbsp;&nbsp;&nbsp;&nbsp;&nbsp;&nbsp;&nbsp;&nbsp;&nbsp;&nbsp;&nbsp;&nbsp;&nbsp;&nbsp;&nbsp;&nbsp;&nbsp;&nbsp;&nbsp;&nbsp;&nbsp;&nbsp;&nbsp;&nbsp;&nbsp;&nbsp;&nbsp;&nbsp;&nbsp;&nbsp;&nbsp;&nbsp;&nbsp;&nbsp;&nbsp;&nbsp;&nbsp;&nbsp;&nbsp;&nbsp;&nbsp;&nbsp;&nbsp;&nbsp;&nbsp;&nbsp;&nbsp;&nbsp;&nbsp;&nbsp;&nbsp;&nbsp;&nbsp;&nbsp;&nbsp;&nbsp;&nbsp;&nbsp;&nbsp;&nbsp;&nbsp;&nbsp;&nbsp;&nbsp;&nbsp;&nbsp;&nbsp;&nbsp;&nbsp;&nbsp;&nbsp;&nbsp;&nbsp;&nbsp;&nbsp;&nbsp;&nbsp;&nbsp;&nbsp;&nbsp;&nbsp;&nbsp;&nbsp;&nbsp;&nbsp;&nbsp;&nbsp;&nbsp;&nbsp;&nbsp;&nbsp;&nbsp;&nbsp;&nbsp;&nbsp;&nbsp;&nbsp;&nbsp;&nbsp;&nbsp;&nbsp;&nbsp;&nbsp;&nbsp;&nbsp;&nbsp;&nbsp;&nbsp;&nbsp;&nbsp;&nbsp;&nbsp;&nbsp;&nbsp;&nbsp;&nbsp;&nbsp;&nbsp;&nbsp;&nbsp;&nbsp;&nbsp;&nbsp;&nbsp;&nbsp;&nbsp;&nbsp;&nbsp;&nbsp;&nbsp;&nbsp;&nbsp;&nbsp;&nbsp;&nbsp;&nbsp;&nbsp;&nbsp;&nbsp;&nbsp;&nbsp;&nbsp;&nbsp;&nbsp;&nbsp;&nbsp;&nbsp;&nbsp;&nbsp;&nbsp;&nbsp;&nbsp;&nbsp;&nbsp;&nbsp;&nbsp;&nbsp;&nbsp;&nbsp;&nbsp;&nbsp;&nbsp;&nbsp;&nbsp;&nbsp;&nbsp;&nbsp;&nbsp;&nbsp;&nbsp;&nbsp;&nbsp;&nbsp;&nbsp;&nbsp;&nbsp;&nbsp;&nbsp;&nbsp;&nbsp;&nbsp;&nbsp;&nbsp;&nbsp;&nbsp;&nbsp;&nbsp;&nbsp;&nbsp;&nbsp;&nbsp;&nbsp;&nbsp;&nbsp;&nbsp;&nbsp;&nbsp;&nbsp;&nbsp;&nbsp;&nbsp;&nbsp;&nbsp;&nbsp;&nbsp;&nbsp;&nbsp;&nbsp;&nbsp;&nbsp;&nbsp;&nbsp;&nbsp;&nbsp;&nbsp;&nbsp;&nbsp;&nbsp;&nbsp;&nbsp;&nbsp;&nbsp;&nbsp;&nbsp;&nbsp;&nbsp;&nbsp;&nbsp;&nbsp;&nbsp;&nbsp;&nbsp;&nbsp;&nbsp;&nbsp;&nbsp;&nbsp;&nbsp;&nbsp;&nbsp;&nbsp;&nbsp;&nbsp;&nbsp;&nbsp;&nbsp;&nbsp;&nbsp;&nbsp;&nbsp;&nbsp;&nbsp;&nbsp;&nbsp;&nbsp;&nbsp;&nbsp;&nbsp;&nbsp;&nbsp;&nbsp;&nbsp;&nbsp;&nbsp;&nbsp;&nbsp;&nbsp;&nbsp;&nbsp;&nbsp;&nbsp;&nbsp;&nbsp;&nbsp;&nbsp;&nbsp;&nbsp;&nbsp;&nbsp;&nbsp;&nbsp;&nbsp;&nbsp;&nbsp;&nbsp;&nbsp;&nbsp;&nbsp;&nbsp;&nbsp;&nbsp;&nbsp;&nbsp;&nbsp;&nbsp;&nbsp;&nbsp;&nbsp;&nbsp;&nbsp;&nbsp;&nbsp;&nbsp;&nbsp;&nbsp;&nbsp;&nbsp;&nbsp;&nbsp;&nbsp;&nbsp;&nbsp;&nbsp;&nbsp;&nbsp;&nbsp;&nbsp;&nbsp;&nbsp;&nbsp;&nbsp;&nbsp;&nbsp;&nbsp;&nbsp;&nbsp;&nbsp;&nbsp;&nbsp;&nbsp;&nbsp;&nbsp;&nbsp;&nbsp;&nbsp;&nbsp;&nbsp;&nbsp;&nbsp;&nbsp;&nbsp;&nbsp;&nbsp;&nbsp;&nbsp;&nbsp;&nbsp;&nbsp;&nbsp;&nbsp;&nbsp;&nbsp;&nbsp;&nbsp;&nbsp;&nbsp;&nbsp;&nbsp;&nbsp;&nbsp;&nbsp;&nbsp;&nbsp;&nbsp;&nbsp;&nbsp;&nbsp;&nbsp;&nbsp;&nbsp;&nbsp;&nbsp;&nbsp;&nbsp;&nbsp;&nbsp;&nbsp;&nbsp;&nbsp;&nbsp;&nbsp;&nbsp;&nbsp;&nbsp;&nbsp;&nbsp;&nbsp;&nbsp;&nbsp;&nbsp;&nbsp;&nbsp;&nbsp;&nbsp;&nbsp;&nbsp;&nbsp;&nbsp;&nbsp;&nbsp;&nbsp;&nbsp;&nbsp;&nbsp;&nbsp;&nbsp;&nbsp;&nbsp;&nbsp;&nbsp;&nbsp;&nbsp;&nbsp;&nbsp;&nbsp;&nbsp;&nbsp;<\/p>\n","protected":false},"excerpt":{"rendered":"<p>&nbsp; &nbsp; OG\u0141OSZENIA DUSZPASTERSKIE Uroczysto\u015b\u0107 Jezusa Chrystusa Kr\u00f3la Wszech\u015bwiata 22 listopada 2020 r. Dzisiaj, po mszy \u015bw. wystawienie Naj\u015bwi\u0119tszego Sakramentu i akt po\u015bwi\u0119cenia Jezusowi Chrystusowi Kr\u00f3lowi. Msza \u015bw. ko\u0144czy si\u0119 b\u0142ogos\u0142awie\u0144stwem eucharystycznym. Za pobo\u017cne i publiczne zm\u00f3wienie ww. aktu po\u015bwi\u0119cenie mo\u017cna dost\u0105pi\u0107 odpustu zupe\u0142nego. W dniu 27 listopada, w pi\u0105tek, minie sze\u015b\u0107 lat od \u015bmierci &#8230; <span class=\"more\"><a class=\"more-link\" href=\"https:\/\/www.chnk.pl\/?p=2975\">czytaj wi\u0119cej<\/a><\/span><\/p>\n","protected":false},"author":3,"featured_media":0,"comment_status":"open","ping_status":"open","sticky":false,"template":"","format":"standard","meta":{"ngg_post_thumbnail":0,"footnotes":""},"categories":[1],"tags":[],"_links":{"self":[{"href":"https:\/\/www.chnk.pl\/index.php?rest_route=\/wp\/v2\/posts\/2975"}],"collection":[{"href":"https:\/\/www.chnk.pl\/index.php?rest_route=\/wp\/v2\/posts"}],"about":[{"href":"https:\/\/www.chnk.pl\/index.php?rest_route=\/wp\/v2\/types\/post"}],"author":[{"embeddable":true,"href":"https:\/\/www.chnk.pl\/index.php?rest_route=\/wp\/v2\/users\/3"}],"replies":[{"embeddable":true,"href":"https:\/\/www.chnk.pl\/index.php?rest_route=%2Fwp%2Fv2%2Fcomments&post=2975"}],"version-history":[{"count":1,"href":"https:\/\/www.chnk.pl\/index.php?rest_route=\/wp\/v2\/posts\/2975\/revisions"}],"predecessor-version":[{"id":2976,"href":"https:\/\/www.chnk.pl\/index.php?rest_route=\/wp\/v2\/posts\/2975\/revisions\/2976"}],"wp:attachment":[{"href":"https:\/\/www.chnk.pl\/index.php?rest_route=%2Fwp%2Fv2%2Fmedia&parent=2975"}],"wp:term":[{"taxonomy":"category","embeddable":true,"href":"https:\/\/www.chnk.pl\/index.php?rest_route=%2Fwp%2Fv2%2Fcategories&post=2975"},{"taxonomy":"post_tag","embeddable":true,"href":"https:\/\/www.chnk.pl\/index.php?rest_route=%2Fwp%2Fv2%2Ftags&post=2975"}],"curies":[{"name":"wp","href":"https:\/\/api.w.org\/{rel}","templated":true}]}}