{"id":2959,"date":"2020-11-07T18:03:26","date_gmt":"2020-11-07T18:03:26","guid":{"rendered":"http:\/\/www.chnk.pl\/?p=2959"},"modified":"2020-11-12T22:13:10","modified_gmt":"2020-11-12T22:13:10","slug":"32-niedziela-zwykla-4","status":"publish","type":"post","link":"https:\/\/www.chnk.pl\/?p=2959","title":{"rendered":"32 Niedziela Zwyk\u0142a"},"content":{"rendered":"\n<p>&nbsp;<\/p>\n<p>&nbsp;<\/p>\n<p><strong>OG\u0141OSZENIA DUSZPASTERSKIE<\/strong><\/p>\n<p><strong>NIEDZIELA&nbsp; XXXII ZWYK\u0141A<\/strong><\/p>\n<p>8<strong> listopada 2019 r<\/strong><\/p>\n<p>1<strong>. <\/strong>Kalendarz liturgiczny:<\/p>\n<p>poniedzia\u0142ek \u2013 Rocznica Po\u015bwi\u0119cenia Bazyliki Latera\u0144skiej,<\/p>\n<p>wtorek \u2013 \u015bw. Leona Wielkiego,<\/p>\n<p>\u015broda \u2013 \u015bw. Marcina,<\/p>\n<p>czwartek \u2013 \u015bw. Jozafata,<\/p>\n<p>pi\u0105tek \u2013 \u015bw. Benedykta Jana Mateusza Izaaka i Krystyna, pierwszych m\u0119czennik\u00f3w Polski<\/p>\n<p><strong>2<\/strong><strong>. <\/strong>R\u00f3\u017caniec z wymieniankami od poniedzia\u0142ku o godz. 17.30<\/p>\n<p>3. W \u015brod\u0119, Narodowe \u015awi\u0119to Niepodleg\u0142o\u015bci. Prosimy o flagowanie mieszka\u0144 na znak duchowej \u0142\u0105czno\u015bci z wszystkimi, kt\u00f3rzy oddali \u017cycie i pracowali dla niepodleg\u0142ej Polski. Msza \u015bw. w intencji Ojczyzny o godz. 9.00.<\/p>\n<p>4. W naszym ko\u015bciele mo\u017ce przebywa\u0107 do 45 os\u00f3b. Prosimy Parafian o:<\/p>\n<p>-pozostawanie w domu,<\/p>\n<p>-korzystanie z dyspensy od uczestnictwa w niedzielnej mszy \u015bw.,<\/p>\n<p>-korzystanie z transmisji mszy \u015bw. telewizyjnej lub radiowej,<strong>&nbsp; <\/strong><\/p>\n<p>-podj\u0119cie modlitwy r\u00f3\u017ca\u0144cowej w intencji chorych i us\u0142uguj\u0105cych chorym oraz wszystkich zabiegaj\u0105cych o dobro spo\u0142eczne<\/p>\n<p>-podj\u0119cie postu w intencji wyga\u015bni\u0119cia epidemii<\/p>\n<p>Na parafialnym Facebooku transmisja niedzielnej mszy \u015bw. z naszego ko\u015bcio\u0142a o godz. 11.15. Rekomendujemy przyjmowanie Komunii \u015bw. na r\u0119k\u0119. Przy wej\u015bciach do ko\u015bcio\u0142 preparat do dezynfekcji r\u0105k. Po powrocie do domu nale\u017cy my\u0107 r\u0119ce przez przynajmniej 30 sekund. W zwi\u0105zku z ograniczeniami wynikaj\u0105cymi z pandemii prosimy parafian o solidarno\u015b\u0107 i otwarto\u015b\u0107 na potrzeby starszych, samotnych&nbsp; i chorych mieszka\u0144c\u00f3w naszego osiedla. Jako parafia chcemy w\u0142\u0105czy\u0107 si\u0119 w t\u0119 pomoc. Prosimy o kontakt tych parafian, kt\u00f3rym mogliby\u015bmy pom\u00f3c np. w zrobieniu zakup\u00f3w czy wykupieniu lekarstw.<\/p>\n<p>5<strong>. <\/strong>Prosimy o pomoc w grabieniu li\u015bci przy ko\u015bciele, w pi\u0105tek od godz. 15.00.<\/p>\n<p>6<strong>. <\/strong>W przysz\u0142\u0105 niedziel\u0119 liturgi\u0119 mszy \u015bw. o godz. 11.15 przygotowuje wsp\u00f3lnota rodzin. Pr\u00f3ba scholi dzieci\u0119cej w niedziel\u0119, 15.11. br., o godz. 10.30 na ch\u00f3rze. Zapraszamy wszystkie ch\u0119tne dzieci<\/p>\n<p>7<strong>. <\/strong>Dzisiaj przed ko\u015bcio\u0142em mo\u017cliwo\u015b\u0107 z\u0142o\u017cenia ofiary na nasze seminarium<\/p>\n<p>8<strong>. <\/strong>B\u00f3g zap\u0142a\u0107 za ofiary sk\u0142adane na utrzymanie naszego ko\u015bcio\u0142a<\/p>\n<p>9<strong>. <\/strong>Zach\u0119camy do czytania prasy katolickiej. Przy zakrystii: Przewodnik Katolicki, Ma\u0142y Przewodni Katolicki, Go\u015b\u0107 Niedzielny, Egzorcysta ( numer listopadowy), Ziarno, gazetka parafialna<\/p>\n<p>10<strong>.<\/strong> M\u00f3dlmy si\u0119 za zmar\u0142ych parafian. Za dusz\u0119 \u015bp. W\u0142adys\u0142awa Skorupki os. Lecha 71, msza \u015bw. pogrzebowa w sobot\u0119 o godz. 12.00.<\/p>\n<p>\u015bp. Haliny Szlachetka,&nbsp; os. Lecha 20, (msza \u015bw. pogrzebowa we wtorek o godz. 10.00 w Lusowie, w ko\u015bciele \u015bw. Jadwigi),<\/p>\n<p>\u015bp. El\u017cbiety Matyja, os. Lecha 127 (msza \u015bw. pogrzebowa w czwartek o godz. 18.45).&nbsp; Wieczny odpoczynek racz zmar\u0142ym da\u0107 Panie.<\/p>\n<p>odpoczynek racz zmar\u0142ym da\u0107 Panie.<\/p>\n<p><strong><u>&nbsp;<\/u><\/strong><\/p>\n<p>&nbsp;<\/p>\n<p><strong><u>&nbsp;<\/u><\/strong><\/p>\n<p><strong><u>&nbsp;<\/u><\/strong><\/p>\n<p><strong><u>&nbsp;<\/u><\/strong><\/p>\n<p><strong><u>&nbsp;<\/u><\/strong><\/p>\n<p><strong><u>&nbsp;<\/u><\/strong><\/p>\n<p><strong><u>&nbsp;<\/u><\/strong><\/p>\n<p><strong><u>&nbsp;<\/u><\/strong><\/p>\n<ol>\n<li><strong><u> d. str.2<\/u><\/strong><\/li>\n<\/ol>\n<p>&nbsp;<\/p>\n<p>&nbsp;<strong>Msza \u015bw. za Ojczyzn\u0119<\/strong><\/p>\n<p><strong>&nbsp;\u015bpiew.<\/strong><\/p>\n<p><strong>Nie rzucim Chhryste<\/strong><\/p>\n<p><strong>Z dawna Polski Ty\u015b kr\u00f3low\u0105<\/strong><\/p>\n<p><strong>dzi\u0119kczyniennie Te Deum pozna\u0144skiej<\/strong><\/p>\n<p><strong>zak. Bo\u017ce co\u015b Polsk\u0119&nbsp; trzy zwrotki<\/strong><\/p>\n<p>&nbsp;<\/p>\n<p>&nbsp;<\/p>\n<p><strong>Czytania,&nbsp; procesja z darami, wystr\u00f3j ?<\/strong>&nbsp;&nbsp;&nbsp;&nbsp;&nbsp;&nbsp;&nbsp;&nbsp;&nbsp;&nbsp;&nbsp;&nbsp;&nbsp;&nbsp;&nbsp;&nbsp;&nbsp;&nbsp;&nbsp;&nbsp;&nbsp;&nbsp;&nbsp;&nbsp;&nbsp;&nbsp;&nbsp;&nbsp;&nbsp;&nbsp;&nbsp;&nbsp;&nbsp;&nbsp;&nbsp;&nbsp;&nbsp;&nbsp;&nbsp;&nbsp;&nbsp;&nbsp;&nbsp;&nbsp;&nbsp;&nbsp;&nbsp;&nbsp;&nbsp;&nbsp;&nbsp;&nbsp;&nbsp;&nbsp;&nbsp;&nbsp;&nbsp;&nbsp;&nbsp;&nbsp;&nbsp;&nbsp;&nbsp;&nbsp;&nbsp;&nbsp;&nbsp;&nbsp;&nbsp;&nbsp;&nbsp;&nbsp;&nbsp;&nbsp;&nbsp;&nbsp;&nbsp;&nbsp;&nbsp;&nbsp;&nbsp;&nbsp;&nbsp;&nbsp;&nbsp;&nbsp;&nbsp;&nbsp;&nbsp;&nbsp;&nbsp;&nbsp;&nbsp;&nbsp;&nbsp;&nbsp;&nbsp;&nbsp;&nbsp;&nbsp;&nbsp;&nbsp;&nbsp;&nbsp;&nbsp;&nbsp;&nbsp;&nbsp;&nbsp;&nbsp;&nbsp;&nbsp;&nbsp;&nbsp;&nbsp;&nbsp;&nbsp;&nbsp;&nbsp;&nbsp;&nbsp;&nbsp;&nbsp;&nbsp;&nbsp;&nbsp;&nbsp;&nbsp;&nbsp;&nbsp;&nbsp;&nbsp;&nbsp;&nbsp;&nbsp;&nbsp;&nbsp;&nbsp;&nbsp;&nbsp;&nbsp;&nbsp;&nbsp;&nbsp;&nbsp;&nbsp;&nbsp;&nbsp;&nbsp;&nbsp;&nbsp;&nbsp;&nbsp;&nbsp;&nbsp;&nbsp;&nbsp;&nbsp;&nbsp;&nbsp;&nbsp;&nbsp;&nbsp;&nbsp;&nbsp;&nbsp;&nbsp;&nbsp;&nbsp;&nbsp;&nbsp;&nbsp;&nbsp;&nbsp;&nbsp;&nbsp;&nbsp;&nbsp;&nbsp;&nbsp;&nbsp;&nbsp;&nbsp;&nbsp; &nbsp;&nbsp;&nbsp;&nbsp;&nbsp;&nbsp;&nbsp;&nbsp;&nbsp;&nbsp;&nbsp;&nbsp;&nbsp;&nbsp;&nbsp;&nbsp;&nbsp;&nbsp;&nbsp;&nbsp;&nbsp;&nbsp;&nbsp;&nbsp;&nbsp;&nbsp;&nbsp;&nbsp;&nbsp;&nbsp;&nbsp;&nbsp;&nbsp;&nbsp;&nbsp;&nbsp;&nbsp;&nbsp;&nbsp;&nbsp;&nbsp;&nbsp;&nbsp;&nbsp;&nbsp;&nbsp;&nbsp;&nbsp;&nbsp;&nbsp;&nbsp;&nbsp;&nbsp;&nbsp;&nbsp;&nbsp;&nbsp;&nbsp;&nbsp;&nbsp;&nbsp;&nbsp;&nbsp;&nbsp;&nbsp;&nbsp;&nbsp;&nbsp;&nbsp;&nbsp;&nbsp;&nbsp;&nbsp;&nbsp;&nbsp;&nbsp;&nbsp;&nbsp;&nbsp;&nbsp;&nbsp;&nbsp;&nbsp;&nbsp;&nbsp;&nbsp;&nbsp;&nbsp;&nbsp;&nbsp;&nbsp;&nbsp;&nbsp;&nbsp;&nbsp;&nbsp;&nbsp;&nbsp;, recytacje?<\/p>\n<p>wej\u015bcie procesjonalne<\/p>\n<p><strong><u>okadzenie<\/u><\/strong><\/p>\n<p>&nbsp;&nbsp;&nbsp;&nbsp;&nbsp;&nbsp;&nbsp;&nbsp;&nbsp;&nbsp;&nbsp;&nbsp;&nbsp;&nbsp;&nbsp;&nbsp;&nbsp;&nbsp;&nbsp;&nbsp;&nbsp;&nbsp;&nbsp;&nbsp;&nbsp;&nbsp;&nbsp;&nbsp;&nbsp;&nbsp;&nbsp;&nbsp;&nbsp;&nbsp;&nbsp;&nbsp;&nbsp;&nbsp;&nbsp;&nbsp;&nbsp;&nbsp;&nbsp;&nbsp;&nbsp;&nbsp;&nbsp;&nbsp;&nbsp;&nbsp;&nbsp;&nbsp;&nbsp;&nbsp;&nbsp;&nbsp;&nbsp;&nbsp;&nbsp;&nbsp;&nbsp;&nbsp;&nbsp;&nbsp;&nbsp;&nbsp;&nbsp;&nbsp;&nbsp;&nbsp;&nbsp;&nbsp;&nbsp;&nbsp;&nbsp;&nbsp;&nbsp;&nbsp;&nbsp;&nbsp;&nbsp;&nbsp;&nbsp;&nbsp;&nbsp;&nbsp;&nbsp;&nbsp;&nbsp;&nbsp;&nbsp;&nbsp;&nbsp;&nbsp;&nbsp;&nbsp;&nbsp;&nbsp;&nbsp;&nbsp;&nbsp;&nbsp;&nbsp;&nbsp;&nbsp;&nbsp;&nbsp;&nbsp;&nbsp;&nbsp;&nbsp;&nbsp; &nbsp;&nbsp;&nbsp;&nbsp;&nbsp;&nbsp;&nbsp;&nbsp;&nbsp;&nbsp;&nbsp;&nbsp;&nbsp;&nbsp;&nbsp;&nbsp;&nbsp;&nbsp;&nbsp;&nbsp;&nbsp;&nbsp;&nbsp;&nbsp;&nbsp;&nbsp;&nbsp;&nbsp;&nbsp;&nbsp;&nbsp;&nbsp;&nbsp;&nbsp;&nbsp;&nbsp;&nbsp;&nbsp;&nbsp;&nbsp;&nbsp;&nbsp;&nbsp;&nbsp;&nbsp;&nbsp;&nbsp;&nbsp;&nbsp;&nbsp;&nbsp;&nbsp;&nbsp;&nbsp;&nbsp;&nbsp;&nbsp;&nbsp;&nbsp;&nbsp;&nbsp;&nbsp;&nbsp;&nbsp;&nbsp;&nbsp;&nbsp;&nbsp;&nbsp;&nbsp;&nbsp;&nbsp;&nbsp;&nbsp;&nbsp;&nbsp;&nbsp;&nbsp;&nbsp;&nbsp;&nbsp;&nbsp;&nbsp;&nbsp;&nbsp;&nbsp;&nbsp;&nbsp;&nbsp;&nbsp;&nbsp;&nbsp;&nbsp;&nbsp;&nbsp;&nbsp;&nbsp;&nbsp;&nbsp;&nbsp;&nbsp;&nbsp;&nbsp;&nbsp;&nbsp;&nbsp;&nbsp;&nbsp;&nbsp;&nbsp;&nbsp;&nbsp;&nbsp;&nbsp;&nbsp;&nbsp;&nbsp;&nbsp;&nbsp;&nbsp;&nbsp;&nbsp;&nbsp;&nbsp;&nbsp;&nbsp;&nbsp;&nbsp;&nbsp;&nbsp;&nbsp;&nbsp;&nbsp;&nbsp;&nbsp;&nbsp;&nbsp;&nbsp;&nbsp;&nbsp;&nbsp;&nbsp;&nbsp;&nbsp;&nbsp;&nbsp;&nbsp;&nbsp;&nbsp;&nbsp;&nbsp;&nbsp;&nbsp;&nbsp;&nbsp;<\/p>\n","protected":false},"excerpt":{"rendered":"<p>&nbsp; &nbsp; OG\u0141OSZENIA DUSZPASTERSKIE NIEDZIELA&nbsp; XXXII ZWYK\u0141A 8 listopada 2019 r 1. Kalendarz liturgiczny: poniedzia\u0142ek \u2013 Rocznica Po\u015bwi\u0119cenia Bazyliki Latera\u0144skiej, wtorek \u2013 \u015bw. Leona Wielkiego, \u015broda \u2013 \u015bw. Marcina, czwartek \u2013 \u015bw. Jozafata, pi\u0105tek \u2013 \u015bw. Benedykta Jana Mateusza Izaaka i Krystyna, pierwszych m\u0119czennik\u00f3w Polski 2. R\u00f3\u017caniec z wymieniankami od poniedzia\u0142ku o godz. 17.30 3. &#8230; <span class=\"more\"><a class=\"more-link\" href=\"https:\/\/www.chnk.pl\/?p=2959\">czytaj wi\u0119cej<\/a><\/span><\/p>\n","protected":false},"author":3,"featured_media":0,"comment_status":"open","ping_status":"open","sticky":false,"template":"","format":"standard","meta":{"ngg_post_thumbnail":0,"footnotes":""},"categories":[1],"tags":[],"_links":{"self":[{"href":"https:\/\/www.chnk.pl\/index.php?rest_route=\/wp\/v2\/posts\/2959"}],"collection":[{"href":"https:\/\/www.chnk.pl\/index.php?rest_route=\/wp\/v2\/posts"}],"about":[{"href":"https:\/\/www.chnk.pl\/index.php?rest_route=\/wp\/v2\/types\/post"}],"author":[{"embeddable":true,"href":"https:\/\/www.chnk.pl\/index.php?rest_route=\/wp\/v2\/users\/3"}],"replies":[{"embeddable":true,"href":"https:\/\/www.chnk.pl\/index.php?rest_route=%2Fwp%2Fv2%2Fcomments&post=2959"}],"version-history":[{"count":5,"href":"https:\/\/www.chnk.pl\/index.php?rest_route=\/wp\/v2\/posts\/2959\/revisions"}],"predecessor-version":[{"id":2971,"href":"https:\/\/www.chnk.pl\/index.php?rest_route=\/wp\/v2\/posts\/2959\/revisions\/2971"}],"wp:attachment":[{"href":"https:\/\/www.chnk.pl\/index.php?rest_route=%2Fwp%2Fv2%2Fmedia&parent=2959"}],"wp:term":[{"taxonomy":"category","embeddable":true,"href":"https:\/\/www.chnk.pl\/index.php?rest_route=%2Fwp%2Fv2%2Fcategories&post=2959"},{"taxonomy":"post_tag","embeddable":true,"href":"https:\/\/www.chnk.pl\/index.php?rest_route=%2Fwp%2Fv2%2Ftags&post=2959"}],"curies":[{"name":"wp","href":"https:\/\/api.w.org\/{rel}","templated":true}]}}