{"id":2952,"date":"2020-11-02T00:57:04","date_gmt":"2020-11-02T00:57:04","guid":{"rendered":"http:\/\/www.chnk.pl\/?p=2952"},"modified":"2020-11-02T00:57:04","modified_gmt":"2020-11-02T00:57:04","slug":"odpusty-zupelne-dla-zmarlych-przez-caly-listopad","status":"publish","type":"post","link":"https:\/\/www.chnk.pl\/?p=2952","title":{"rendered":"Odpusty zupe\u0142ne dla zmar\u0142ych przez ca\u0142y listopad."},"content":{"rendered":"\n<p>&nbsp;<\/p>\n<p>DEKRET<\/p>\n<p>&nbsp;<\/p>\n<p><strong>W bie\u017c\u0105cym roku, w aktualnych okoliczno\u015bciach spowodowanych pandemi\u0105 COVID-19,<\/strong><\/p>\n<p><strong>odpusty zupe\u0142ne dla wiernych zmar\u0142ych b\u0119dzie mo\u017cna uzyska\u0107 przez ca\u0142y listopad,<\/strong><\/p>\n<p><strong>przy zmienionych warunkach i dostosowanych do sytuacji dzie\u0142ach pobo\u017cnych, aby zapewni\u0107 bezpiecze\u0144stwo wiernych.<\/strong><\/p>\n<p>&nbsp;<\/p>\n<p>&nbsp;<\/p>\n<p>Do niniejszej Penitencjarii Apostolskiej dotar\u0142o wiele pr\u00f3\u015bb \u015awi\u0119tych Pasterzy, aby w tym roku, z powodu epidemii COVID-19, zmieniono pobo\u017cne dzie\u0142a w celu uzyskania odpust\u00f3w zupe\u0142nych dla dusz czy\u015b\u0107cowych, kt\u00f3re mo\u017cna uzyskiwa\u0107 zgodnie z norm\u0105 \u201eWykazu odpust\u00f3w\u201d (nad. 29, \u00a7 1). Dlatego Penitencjaria Apostolska, na mocy specjalnego polecenia Jego \u015awi\u0105tobliwo\u015bci Papie\u017ca Franciszka, ch\u0119tnie ustanawia i okre\u015bla, \u017ce w tym roku, aby unikn\u0105\u0107 zgromadze\u0144, tam, gdzie s\u0105 one zakazane:<\/p>\n<p>&nbsp;<\/p>\n<p>a.- Odpust zupe\u0142ny dla os\u00f3b nawiedzaj\u0105cych cmentarz i modl\u0105cych si\u0119, cho\u0107by tylko w my\u015bli, za zmar\u0142ych przez poszczeg\u00f3lne osiem dni, zwykle ustanowiony jedynie na dni od 1 do 8 listopada, dla po\u017cytku wiernych mo\u017ce by\u0107 przeniesiony na inne osiem dni listopada. Dni te, dowolnie wybrane przez poszczeg\u00f3lnych wiernych, mog\u0105 by\u0107 od siebie oddzielone.<\/p>\n<p>&nbsp;<\/p>\n<p>b- Odpust zupe\u0142ny zwi\u0105zany z dniem 2 listopada, ustanowiony na Wspomnienie wszystkich wiernych zmar\u0142ych dla tych, kt\u00f3rzy pobo\u017cnie nawiedzaj\u0105 i odmawiaj\u0105 tam \u201eOjcze nasz\u201d i \u201eWierz\u0119 w Boga\u201d, mo\u017ce by\u0107 przeniesiony nie tylko na niedziel\u0119 poprzedzaj\u0105c\u0105 lub nast\u0119puj\u0105c\u0105, albo na sam dzie\u0144 Uroczysto\u015bci Wszystkich \u015awi\u0119tych, ale tak\u017ce na inny dzie\u0144 listopada, dowolnie wybrany przez poszczeg\u00f3lnych wiernych.<\/p>\n<p>&nbsp;<\/p>\n<p>Osoby starsze, chore i ci wszyscy, kt\u00f3rzy z powa\u017cnych powod\u00f3w nie mog\u0105 opu\u015bci\u0107 domu, na przyk\u0142ad ze wzgl\u0119du na zakazy gromadzenia si\u0119 licznych wiernych w miejscach \u015bwi\u0119tych, b\u0119d\u0105 mogli uzyska\u0107 odpust zupe\u0142ny, je\u015bli tylko \u0142\u0105cz\u0105c si\u0119 duchowo z tymi wiernymi, kt\u00f3rzy pobo\u017cnie nawiedzaj\u0105 miejsca \u015bwi\u0119te, oraz wykluczaj\u0105c wszelkie przywi\u0105zanie do jakiegokolwiek grzechu i maj\u0105c intencj\u0119 kiedy to tylko b\u0119dzie mo\u017cliwe spe\u0142ni\u0107 trzy zwyczajne warunki (spowied\u017a sakramentalna, Komunia eucharystyczna i modlitwa w intencjach Ojca \u015awi\u0119tego), odm\u00f3wi\u0105 pobo\u017cnie modlitwy za zmar\u0142ych przed obrazem Pana Jezusa lub Naj\u015bwi\u0119tszej Maryi Panny (na przyk\u0142ad jutrzni\u0119 i nieszpory z oficjum Liturgii godzin za zmar\u0142ych, R\u00f3\u017caniec, Koronk\u0119 do Bo\u017cego Mi\u0142osierdzia i inne modlitwy za zmar\u0142ych bliskich ich sercu), albo je\u015bli podejm\u0105 medytacyjn\u0105 lektur\u0119 jednego z fragment\u00f3w Ewangelii z liturgii za zmar\u0142ych, lub te\u017c je\u015bli wype\u0142ni\u0105 uczynki mi\u0142osierdzia poprzez ofiarowanie Bogu cierpie\u0144 i niedogodno\u015bci swego \u017cycia.<\/p>\n<p>&nbsp;<\/p>\n<p>Aby ten dost\u0119p do \u0142aski Bo\u017cej, udzielanej w\u0142adz\u0105 kluczy Ko\u015bcio\u0142a, stawa\u0142 si\u0119 \u0142atwiejszy ze wzgl\u0119du na mi\u0142osierdzie duszpasterskie, niniejsza Penitencjaria gor\u0105co prosi, aby wszyscy kap\u0142ani posiadaj\u0105cy odpowiednie uprawnienia, oddali si\u0119 z gorliwo\u015bci\u0105 i wielkoduszno\u015bci\u0105 celebracji Sakramentu Pokuty i udzielali Komunii \u015awi\u0119tej chorym.<\/p>\n<p>&nbsp;<\/p>\n<p>Niemniej, je\u015bli chodzi o warunki duchowe dla uzyskania odpustu zupe\u0142nego, nadal obowi\u0105zuj\u0105 wcze\u015bniej wydane wskazania zawarte w \u201eNocie odno\u015bnie sakramentu pojednania w obecnej sytuacji pandemii\u201d.<\/p>\n<p>&nbsp;<\/p>\n<p>Wreszcie, poniewa\u017c dusze czy\u015bcowe wspierane s\u0105 wstawiennictwem wiernych, szczeg\u00f3lnie za\u015b mi\u0142\u0105 Bogu ofiara\u0328 o\u0142tarza (por. Sob. Tryd. Sesja XXV, Dekret o czy\u015b\u0107cu), gor\u0105co zaleca si\u0119 wszystkim kap\u0142anom trzykrotne odprawianie Mszy \u015bw. w dniu Wspomnienia wszystkich wiernych zmar\u0142ych, zgodnie z Konstytucj\u0105 Apostolsk\u0105 \u201eIncruentum Altaris\u201d, wydan\u0105 przez czcigodnej pami\u0119ci papie\u017ca Benedykta XV w dn. 10 sierpnia 1915 roku.<\/p>\n<p>&nbsp;<\/p>\n<p>Niniejszy dekret jest wa\u017cny przez ca\u0142y listopad. Bez wzgl\u0119du na jakiekolwiek przeciwne zarz\u0105dzenia.<\/p>\n<p>&nbsp;<\/p>\n<p>&nbsp;<\/p>\n<p>W Rzymie, w siedzibie Penitencjarii Apostolskiej, 22 pa\u017adziernika 2020 roku, we wspomnienie \u015bw. Jana Paw\u0142a II.<\/p>\n<p>&nbsp;<\/p>\n<p>&nbsp;<\/p>\n<p>Mauro Kard. Piacenza<\/p>\n<p>Penitencjarz Wi\u0119kszy<\/p>\n<p>&nbsp;<\/p>\n<p>Ks. pra\u0142. Krzysztof Nykiel<\/p>\n<p>Regens<\/p>\n<p>&nbsp;<\/p>\n","protected":false},"excerpt":{"rendered":"<p>&nbsp; DEKRET &nbsp; W bie\u017c\u0105cym roku, w aktualnych okoliczno\u015bciach spowodowanych pandemi\u0105 COVID-19, odpusty zupe\u0142ne dla wiernych zmar\u0142ych b\u0119dzie mo\u017cna uzyska\u0107 przez ca\u0142y listopad, przy zmienionych warunkach i dostosowanych do sytuacji dzie\u0142ach pobo\u017cnych, aby zapewni\u0107 bezpiecze\u0144stwo wiernych. &nbsp; &nbsp; Do niniejszej Penitencjarii Apostolskiej dotar\u0142o wiele pr\u00f3\u015bb \u015awi\u0119tych Pasterzy, aby w tym roku, z powodu epidemii COVID-19, &#8230; <span class=\"more\"><a class=\"more-link\" href=\"https:\/\/www.chnk.pl\/?p=2952\">czytaj wi\u0119cej<\/a><\/span><\/p>\n","protected":false},"author":3,"featured_media":0,"comment_status":"open","ping_status":"open","sticky":false,"template":"","format":"standard","meta":{"ngg_post_thumbnail":0,"footnotes":""},"categories":[1],"tags":[],"_links":{"self":[{"href":"https:\/\/www.chnk.pl\/index.php?rest_route=\/wp\/v2\/posts\/2952"}],"collection":[{"href":"https:\/\/www.chnk.pl\/index.php?rest_route=\/wp\/v2\/posts"}],"about":[{"href":"https:\/\/www.chnk.pl\/index.php?rest_route=\/wp\/v2\/types\/post"}],"author":[{"embeddable":true,"href":"https:\/\/www.chnk.pl\/index.php?rest_route=\/wp\/v2\/users\/3"}],"replies":[{"embeddable":true,"href":"https:\/\/www.chnk.pl\/index.php?rest_route=%2Fwp%2Fv2%2Fcomments&post=2952"}],"version-history":[{"count":1,"href":"https:\/\/www.chnk.pl\/index.php?rest_route=\/wp\/v2\/posts\/2952\/revisions"}],"predecessor-version":[{"id":2953,"href":"https:\/\/www.chnk.pl\/index.php?rest_route=\/wp\/v2\/posts\/2952\/revisions\/2953"}],"wp:attachment":[{"href":"https:\/\/www.chnk.pl\/index.php?rest_route=%2Fwp%2Fv2%2Fmedia&parent=2952"}],"wp:term":[{"taxonomy":"category","embeddable":true,"href":"https:\/\/www.chnk.pl\/index.php?rest_route=%2Fwp%2Fv2%2Fcategories&post=2952"},{"taxonomy":"post_tag","embeddable":true,"href":"https:\/\/www.chnk.pl\/index.php?rest_route=%2Fwp%2Fv2%2Ftags&post=2952"}],"curies":[{"name":"wp","href":"https:\/\/api.w.org\/{rel}","templated":true}]}}