{"id":2941,"date":"2020-10-31T17:24:47","date_gmt":"2020-10-31T17:24:47","guid":{"rendered":"http:\/\/www.chnk.pl\/?p=2941"},"modified":"2020-10-31T17:24:47","modified_gmt":"2020-10-31T17:24:47","slug":"31-niedziela-zwykla-3","status":"publish","type":"post","link":"https:\/\/www.chnk.pl\/?p=2941","title":{"rendered":"31 Niedziela Zwyk\u0142a"},"content":{"rendered":"\n<p><strong>&nbsp;<\/strong><\/p>\n<p><strong>&nbsp;<\/strong><\/p>\n<p><strong>OG\u0141OSZENIA DUSZPASTERSKIE<\/strong><\/p>\n<p><strong>NIEDZIELA XXXI ZWYK\u0141A<\/strong><strong><br \/>1 listopada 2020 r.<\/strong><\/p>\n<ol>\n<li style=\"text-align: center;\">Msza \u015bw. w Dzie\u0144 Zaduszny<strong>, <\/strong>(w poniedzia\u0142ek) o godz. 7.00, 8.00, 10.00 i 18.00. R\u00f3\u017caniec za Parafian zmar\u0142ych od ubieg\u0142orocznej uroczysto\u015bci Wszystkich \u015awi\u0119tych, w Dzie\u0144 Zaduszny&nbsp; o godz. 17.30. R\u00f3\u017caniec z wymieniankami od wtorku, 3 listopada,&nbsp; &nbsp; &nbsp; &nbsp; &nbsp; &nbsp;o godz. 17.30. Wymienianki mo\u017cna sk\u0142ada\u0107 do skarbony przy zakrystii. We wtorek modlitwa za zmar\u0142ych cz\u0142onk\u00f3w Stowarzyszenia Matki Bo\u017cej Patronki Dobrej \u015amierci: w ich intencji r\u00f3\u017caniec z wymieniankami o 7.30 i msza \u015bw. o godz. 8.00. Przypominamy, \u017ce w dniach od 1 do 8 listopada mo\u017cna codziennie uzyska\u0107 odpust zupe\u0142ny dla tych, kt\u00f3rzy w czy\u015b\u0107cu oczekuj\u0105 pe\u0142ni zbawienia. Odpust zyskuje ten, kto nawiedzi cmentarz oraz wype\u0142ni zwyk\u0142e warunki, tj. przyst\u0105pi do Komunii \u015bw. w dniu nawiedzenia cmentarza i odm\u00f3wi na cmentarzu Ojcze nasz, Wierz\u0119 w Boga oraz jak\u0105kolwiek modlitw\u0119 w intencjach wyznaczonych na dany dzie\u0144 przez Ojca \u015awi\u0119tego. Tych 8 dni odpustowych mo\u017cna w tym roku roz\u0142o\u017cy\u0107 na ca\u0142y listopad. Ponadto w dniu&nbsp; 2 listopada \u2013 przy zachowaniu tych samych warunk\u00f3w \u2013 r\u00f3wnie\u017c mo\u017cna uzyska\u0107 odpust za zmar\u0142ych zwi\u0105zany z nawiedzeniem ko\u015bcio\u0142a lub publicznej kaplicy&nbsp;&nbsp; i odm\u00f3wieniem w nich wspomnianych modlitw. Wym\u00f3g nawiedzenia \u015bwi\u0105tyni spe\u0142nia tak\u017ce ten, kto przyb\u0119dzie do niej ju\u017c 1 listopada po godz. 12.00.<\/li>\n<li>Zebranie wsp\u00f3lnoty r\u00f3\u017ca\u0144cowej w \u015brod\u0119 po wieczornej mszy \u015bw. ko\u015bciele.<\/li>\n<li>Czwartkowe spotkanie dzieci pierwszokomunijnych i ich rodzic\u00f3w oraz po\u015bwi\u0119cenie ksi\u0105\u017ceczek odwo\u0142ane. Niech dzieci przygotowuj\u0105c si\u0119 do I spowiedzi \u015bw. ucz\u0105 si\u0119 czyta\u0107, z ksi\u0105\u017ceczki do nabo\u017ce\u0144stwa, pyta\u0144 do rachunku sumienia oraz czyta\u0107 modlitw przed i po spowiedzi \u015bw. Termin po\u015bwi\u0119cenie ksi\u0105\u017ceczek zostanie podany w terminie p\u00f3\u017aniejszym.<\/li>\n<li>W tym tygodniu przypada I czwartek, I pi\u0105tek i I sobota miesi\u0105ca. <u>I czwartek:<\/u> adoracja Naj\u015bwi\u0119tszego Sakramentu po mszy \u015bw. rannej do 10:30 oraz od godz. 17.00 do 18.00. Uczestnicz\u0105cych w duchowej adopcji zapraszamy na r\u00f3\u017caniec o godz. 17.15 w intencji obrony \u017cycia. Po mszy \u015bw. wieczornej adoracja do godz. 21.00 w intencji zachowania oraz o nowe powo\u0142ania kap\u0142a\u0144skie i zakonne. <u>I pi\u0105tek:<\/u> spowied\u017a \u015bw. od 15.00 do 18.00. Msza \u015bw. pierwszopi\u0105tkowa na 18.00. <u>I sobota:<\/u> r\u00f3\u017caniec do Niepokalanego Serca Matki Bo\u017cej o 7.15, msza \u015bw. i nabo\u017ce\u0144stwo. Spotkanie dla wsp\u00f3lnoty ma\u0142\u017ce\u0144stw w sobot\u0119: o godz. 19.15, adoracja Naj\u015bwi\u0119tszego Sakramentu tylko w ko\u015bciele. Odwiedziny chorych z sakramentami \u015bw. w pi\u0105tek i w sobot\u0119 wed\u0142ug sta\u0142ego planu.<\/li>\n<li>W przysz\u0142ym tygodniu b\u0119dziemy modli\u0107 si\u0119 o nowe powo\u0142ania dla naszej Archidiecezji. Przed ko\u015bcio\u0142em mo\u017cliwo\u015b\u0107 z\u0142o\u017cenia ofiary na Arcybiskupie Seminarium Duchowne. B\u00f3g zap\u0142a\u0107 z ofiary na doposa\u017canie ko\u015bcio\u0142a.<\/li>\n<li>Zach\u0119camy do czytania prasy katolickiej. Przy zakrystii: <em>Przewodnik Katolicki <\/em>(w <em>Przewodniku <\/em>artyku\u0142y o sprawach ostatecznych cz\u0142owieka), <em>Ma\u0142y Przewodnik<\/em> <em>Katolicki, Go\u015b\u0107 Niedzielny, Ziarno,<\/em> <em>Mi\u0142ujcie si\u0119, <\/em>gazetka parafialna.<\/li>\n<li>M\u00f3dlmy si\u0119 za zmar\u0142ych parafian. Za dusz\u0119 \u015bp. Andrzeja \u015amigielskiego, os. Lecha 80 i wszystkich zmar\u0142ych Parafian. Wieczny odpoczynek racz im da\u0107 Panie.<\/li>\n<\/ol>\n<p><strong><u>&nbsp;<\/u><\/strong><\/p>\n<p><strong><u>&nbsp;<\/u><\/strong><\/p>\n<p><strong><u>&nbsp;<\/u><\/strong><\/p>\n<p><strong><u>&nbsp;<\/u><\/strong><\/p>\n<p><strong><u>&nbsp;<\/u><\/strong><\/p>\n<p><strong><u>&nbsp;<\/u><\/strong><\/p>\n<p><strong><u>&nbsp;<\/u><\/strong><\/p>\n<p><strong><u>&nbsp;<\/u><\/strong><\/p>\n<p><strong><u>&nbsp;<\/u><\/strong><\/p>\n<p><strong><u>&nbsp;<\/u><\/strong><\/p>\n<p><strong><u>&nbsp;<\/u><\/strong><\/p>\n<p><strong><u>&nbsp;<\/u><\/strong><\/p>\n<p><strong><u>&nbsp;<\/u><\/strong><\/p>\n<p><strong><u>&nbsp;<\/u><\/strong><\/p>\n<p><strong><u>&nbsp;<\/u><\/strong><\/p>\n<p><strong><u>&nbsp;<\/u><\/strong><\/p>\n<p><strong><u>&nbsp;<\/u><\/strong><\/p>\n<p><strong><u>&nbsp;<\/u><\/strong><\/p>\n<p><strong><u>&nbsp;<\/u><\/strong><\/p>\n<p><strong><u>&nbsp;<\/u><\/strong><\/p>\n<p><strong><u>&nbsp;<\/u><\/strong><\/p>\n<p><strong><u>&nbsp;<\/u><\/strong><\/p>\n<p><strong><u>&nbsp;<\/u><\/strong><\/p>\n<p><strong><u>&nbsp;<\/u><\/strong><\/p>\n<p><strong><u>&nbsp;<\/u><\/strong><\/p>\n<p><strong><u>&nbsp;<\/u><\/strong><\/p>\n<p><strong><u>&nbsp;<\/u><\/strong><\/p>\n<p><strong><u>&nbsp;<\/u><\/strong><\/p>\n<p><strong><u>&nbsp;<\/u><\/strong><\/p>\n<p><strong><u>&nbsp;<\/u><\/strong><\/p>\n<p><strong><u>&nbsp;<\/u><\/strong><\/p>\n<p><strong><u>&nbsp;<\/u><\/strong><\/p>\n<p><strong><u>&nbsp;<\/u><\/strong><\/p>\n<p>&nbsp;<\/p>\n","protected":false},"excerpt":{"rendered":"<p>&nbsp; &nbsp; OG\u0141OSZENIA DUSZPASTERSKIE NIEDZIELA XXXI ZWYK\u0141A1 listopada 2020 r. Msza \u015bw. w Dzie\u0144 Zaduszny, (w poniedzia\u0142ek) o godz. 7.00, 8.00, 10.00 i 18.00. R\u00f3\u017caniec za Parafian zmar\u0142ych od ubieg\u0142orocznej uroczysto\u015bci Wszystkich \u015awi\u0119tych, w Dzie\u0144 Zaduszny&nbsp; o godz. 17.30. R\u00f3\u017caniec z wymieniankami od wtorku, 3 listopada,&nbsp; &nbsp; &nbsp; &nbsp; &nbsp; &nbsp;o godz. 17.30. Wymienianki mo\u017cna &#8230; <span class=\"more\"><a class=\"more-link\" href=\"https:\/\/www.chnk.pl\/?p=2941\">czytaj wi\u0119cej<\/a><\/span><\/p>\n","protected":false},"author":3,"featured_media":0,"comment_status":"open","ping_status":"open","sticky":false,"template":"","format":"standard","meta":{"ngg_post_thumbnail":0,"footnotes":""},"categories":[1],"tags":[],"_links":{"self":[{"href":"https:\/\/www.chnk.pl\/index.php?rest_route=\/wp\/v2\/posts\/2941"}],"collection":[{"href":"https:\/\/www.chnk.pl\/index.php?rest_route=\/wp\/v2\/posts"}],"about":[{"href":"https:\/\/www.chnk.pl\/index.php?rest_route=\/wp\/v2\/types\/post"}],"author":[{"embeddable":true,"href":"https:\/\/www.chnk.pl\/index.php?rest_route=\/wp\/v2\/users\/3"}],"replies":[{"embeddable":true,"href":"https:\/\/www.chnk.pl\/index.php?rest_route=%2Fwp%2Fv2%2Fcomments&post=2941"}],"version-history":[{"count":2,"href":"https:\/\/www.chnk.pl\/index.php?rest_route=\/wp\/v2\/posts\/2941\/revisions"}],"predecessor-version":[{"id":2943,"href":"https:\/\/www.chnk.pl\/index.php?rest_route=\/wp\/v2\/posts\/2941\/revisions\/2943"}],"wp:attachment":[{"href":"https:\/\/www.chnk.pl\/index.php?rest_route=%2Fwp%2Fv2%2Fmedia&parent=2941"}],"wp:term":[{"taxonomy":"category","embeddable":true,"href":"https:\/\/www.chnk.pl\/index.php?rest_route=%2Fwp%2Fv2%2Fcategories&post=2941"},{"taxonomy":"post_tag","embeddable":true,"href":"https:\/\/www.chnk.pl\/index.php?rest_route=%2Fwp%2Fv2%2Ftags&post=2941"}],"curies":[{"name":"wp","href":"https:\/\/api.w.org\/{rel}","templated":true}]}}