{"id":2937,"date":"2020-10-24T14:13:38","date_gmt":"2020-10-24T14:13:38","guid":{"rendered":"http:\/\/www.chnk.pl\/?p=2937"},"modified":"2020-10-24T14:13:38","modified_gmt":"2020-10-24T14:13:38","slug":"30-niedziela-zwykla-3","status":"publish","type":"post","link":"https:\/\/www.chnk.pl\/?p=2937","title":{"rendered":"30 Niedziela Zwyk\u0142a"},"content":{"rendered":"\n<p><strong>&nbsp;<\/strong><\/p>\n<p><strong>&nbsp;<\/strong><\/p>\n<p><strong>OG\u0141OSZENIA DUSZPASTERSKIE<\/strong><\/p>\n<p><strong>NIEDZIELA XXX ZWYK\u0141A<\/strong><strong><br \/>25 pa\u017adziernika 2020 r.<\/strong><\/p>\n<ol>\n<li>W najbli\u017cszych dniach obchodzi\u0107 b\u0119dziemy uroczysto\u015b\u0107 Wszystkich \u015awi\u0119tych i Dzie\u0144 Zaduszny. Z powodu epidemii na cmentarzach pozna\u0144skich nie odb\u0119d\u0105 si\u0119 tradycyjne nabo\u017ce\u0144stwa w uroczysto\u015b\u0107 Wszystkich \u015awi\u0119tych. Zach\u0119camy jednak do indywidualnego nawiedzania cmentarzy, tak\u017ce w kolejne dni listopada. Przypominamy, \u017ce w dniach od 1 do 8 listopada mo\u017cna codziennie uzyska\u0107 odpust zupe\u0142ny dla tych, kt\u00f3rzy w czy\u015b\u0107cu oczekuj\u0105 pe\u0142ni zbawienia. Odpust zyskuje ten, kto nawiedzi cmentarz oraz wype\u0142ni zwyk\u0142e warunki, tj. przyst\u0105pi do Komunii \u015bw. w dniu nawiedzenia cmentarza i odm\u00f3wi na cmentarzu Ojcze nasz i Wierz\u0119 w Boga oraz jak\u0105kolwiek modlitw\u0119 w intencjach wyznaczonych na dany dzie\u0144 przez Ojca \u015awi\u0119tego. Ponadto w dniu 2 listopada \u2013 przy zachowaniu tych samych warunk\u00f3w \u2013 r\u00f3wnie\u017c mo\u017cna uzyska\u0107 odpust za zmar\u0142ych zwi\u0105zany z nawiedzeniem ko\u015bcio\u0142a lub publicznej kaplicy i odm\u00f3wieniem w nich wspomnianych modlitw. Wym\u00f3g nawiedzenia \u015bwi\u0105tyni spe\u0142nia tak\u017ce ten, kto przyb\u0119dzie do niej ju\u017c 1 listopada po godz. 12.00. W zwi\u0105zku &nbsp;&nbsp;&nbsp;&nbsp;&nbsp;&nbsp;&nbsp;&nbsp;&nbsp;&nbsp;&nbsp;&nbsp;&nbsp;&nbsp;&nbsp;&nbsp;&nbsp;&nbsp;&nbsp;z tym okazja do spowiedzi \u015bw. w pi\u0105tek od godz. 17.00 do 18.00 i w sobot\u0119 od 16.00 do 18.00.<\/li>\n<li>Rodzic\u00f3w i kandydat\u00f3w do sakramentu bierzmowania powiadamiamy, ze udzielenie sakramentu odb\u0119dzie si\u0119 w innym terminie.<\/li>\n<li>W czwartek o 19:15 Msza \u015bw. z modlitw\u0105 o uzdrowienie. B\u0119dziemy modli\u0107 si\u0119 w intencji chorych i przebywaj\u0105cych na kwarantannie. Uczy\u0144my ten dzie\u0144 parafialnym dniem solidarno\u015bci z cierpi\u0105cymi z naszej parafii i naszych rodzin. Zapraszamy, by o 19:15 \u0142\u0105czy\u0107 si\u0119 duchowo z naszym ko\u015bcio\u0142em odmawiaj\u0105c r\u00f3\u017caniec i przyjmuj\u0105c Komuni\u0119 duchow\u0105. Msza \u015bw. transmitowana b\u0119dzie tak\u017ce na naszym parafialnym Facebooku.<\/li>\n<li>Zach\u0119camy Parafian do:<\/li>\n<\/ol>\n<p>-pozostawania w domu,<\/p>\n<p>-korzystania z dyspensy od uczestnictwa w niedzielnej mszy \u015bw.,<\/p>\n<p>-korzystania z transmisji mszy \u015bw. telewizyjnej lub radiowej,<strong>&nbsp; <\/strong><\/p>\n<p>-podj\u0119cia modlitwy r\u00f3\u017ca\u0144cowej w intencji chorych i us\u0142uguj\u0105cych chorym oraz wszystkich zabiegaj\u0105cych o dobro spo\u0142eczne<\/p>\n<p>-podj\u0119cia postu w intencji wyga\u015bni\u0119cia epidemii<\/p>\n<p>&nbsp;Na parafialnym Facebooku, przywracany transmisj\u0119 niedzielnej mszy \u015bw. o godz. 11.15.<\/p>\n<p>Rekomendujemy przyjmowanie Komunii \u015bw. na r\u0119k\u0119. Przy wej\u015bciach do ko\u015bcio\u0142 preparat do dezynfekcji r\u0105k. Po powrocie do domu nale\u017cy my\u0107 r\u0119ce przez przynajmniej 30 sekund.<\/p>\n<ol start=\"5\">\n<li>B\u00f3g zap\u0142a\u0107 z ofiary na doposa\u017canie naszego ko\u015bcio\u0142a i na misje.<\/li>\n<li>Zach\u0119camy do czytania <em>Przewodnika Katolickiego <\/em>(dzisiaj z modlitewnikiem na listopad). Jest <em>Go\u015b\u0107 Niedzielny<\/em>, <em>Ziarno<\/em>, <em>Egzorcysta<\/em>, <em>Mi\u0142ujcie si\u0119, <\/em>gazetka parafialna, kieszonkowy kalendarz Ksi\u0119garni \u015bw. Wojciecha.<\/li>\n<li>M\u00f3dlmy si\u0119 za zmar\u0142ych Parafian.<\/li>\n<\/ol>\n<p>Za dusz\u0119 \u015bp. Iwony Katarzy\u0144skiej, os. Lecha 87 (msza \u015bw. pogrzebowa we wtorek o godz. 19.00). Wieczny odpoczynek racz zmar\u0142ym da\u0107 Panie.<\/p>\n<p>&nbsp;<\/p>\n<p>&nbsp;<\/p>\n<p>&nbsp;<\/p>\n<p>&nbsp;<\/p>\n<p>&nbsp;<\/p>\n<p>&nbsp;<\/p>\n<p>&nbsp;<\/p>\n<p>&nbsp;<\/p>\n<p>&nbsp;<\/p>\n<p>&nbsp;<\/p>\n<p><strong><u>&nbsp;<\/u><\/strong><\/p>\n<p><strong><u>&nbsp;<\/u><\/strong><\/p>\n<p><strong><u>&nbsp;<\/u><\/strong><\/p>\n<p><strong><u>&nbsp;<\/u><\/strong><\/p>\n<p><strong><u>&nbsp;<\/u><\/strong><\/p>\n<p><strong><u>&nbsp;<\/u><\/strong><\/p>\n<p><strong><u>&nbsp;<\/u><\/strong><\/p>\n<p><strong><u>&nbsp;<\/u><\/strong><\/p>\n<p><strong><u>&nbsp;<\/u><\/strong><\/p>\n<p><strong><u>&nbsp;<\/u><\/strong><\/p>\n<p><strong><u>&nbsp;<\/u><\/strong><\/p>\n<p><strong><u>&nbsp;<\/u><\/strong><\/p>\n<p><strong><u>&nbsp;<\/u><\/strong><\/p>\n<p><strong><u>&nbsp;<\/u><\/strong><\/p>\n<p><strong><u>&nbsp;<\/u><\/strong><\/p>\n<p><strong><u>&nbsp;<\/u><\/strong><\/p>\n<p><strong><u>&nbsp;<\/u><\/strong><\/p>\n<p><strong><u>&nbsp;<\/u><\/strong><\/p>\n<p><strong><u>&nbsp;<\/u><\/strong><\/p>\n<p><strong><u>&nbsp;<\/u><\/strong><\/p>\n<p><strong><u>&nbsp;<\/u><\/strong><\/p>\n","protected":false},"excerpt":{"rendered":"<p>&nbsp; &nbsp; OG\u0141OSZENIA DUSZPASTERSKIE NIEDZIELA XXX ZWYK\u0141A25 pa\u017adziernika 2020 r. W najbli\u017cszych dniach obchodzi\u0107 b\u0119dziemy uroczysto\u015b\u0107 Wszystkich \u015awi\u0119tych i Dzie\u0144 Zaduszny. Z powodu epidemii na cmentarzach pozna\u0144skich nie odb\u0119d\u0105 si\u0119 tradycyjne nabo\u017ce\u0144stwa w uroczysto\u015b\u0107 Wszystkich \u015awi\u0119tych. Zach\u0119camy jednak do indywidualnego nawiedzania cmentarzy, tak\u017ce w kolejne dni listopada. Przypominamy, \u017ce w dniach od 1 do 8 &#8230; <span class=\"more\"><a class=\"more-link\" href=\"https:\/\/www.chnk.pl\/?p=2937\">czytaj wi\u0119cej<\/a><\/span><\/p>\n","protected":false},"author":3,"featured_media":0,"comment_status":"open","ping_status":"open","sticky":false,"template":"","format":"standard","meta":{"ngg_post_thumbnail":0,"footnotes":""},"categories":[1],"tags":[],"_links":{"self":[{"href":"https:\/\/www.chnk.pl\/index.php?rest_route=\/wp\/v2\/posts\/2937"}],"collection":[{"href":"https:\/\/www.chnk.pl\/index.php?rest_route=\/wp\/v2\/posts"}],"about":[{"href":"https:\/\/www.chnk.pl\/index.php?rest_route=\/wp\/v2\/types\/post"}],"author":[{"embeddable":true,"href":"https:\/\/www.chnk.pl\/index.php?rest_route=\/wp\/v2\/users\/3"}],"replies":[{"embeddable":true,"href":"https:\/\/www.chnk.pl\/index.php?rest_route=%2Fwp%2Fv2%2Fcomments&post=2937"}],"version-history":[{"count":1,"href":"https:\/\/www.chnk.pl\/index.php?rest_route=\/wp\/v2\/posts\/2937\/revisions"}],"predecessor-version":[{"id":2938,"href":"https:\/\/www.chnk.pl\/index.php?rest_route=\/wp\/v2\/posts\/2937\/revisions\/2938"}],"wp:attachment":[{"href":"https:\/\/www.chnk.pl\/index.php?rest_route=%2Fwp%2Fv2%2Fmedia&parent=2937"}],"wp:term":[{"taxonomy":"category","embeddable":true,"href":"https:\/\/www.chnk.pl\/index.php?rest_route=%2Fwp%2Fv2%2Fcategories&post=2937"},{"taxonomy":"post_tag","embeddable":true,"href":"https:\/\/www.chnk.pl\/index.php?rest_route=%2Fwp%2Fv2%2Ftags&post=2937"}],"curies":[{"name":"wp","href":"https:\/\/api.w.org\/{rel}","templated":true}]}}