{"id":2931,"date":"2020-10-17T20:19:05","date_gmt":"2020-10-17T20:19:05","guid":{"rendered":"http:\/\/www.chnk.pl\/?p=2931"},"modified":"2020-10-17T20:19:05","modified_gmt":"2020-10-17T20:19:05","slug":"29-niedziela-zwykla-3","status":"publish","type":"post","link":"https:\/\/www.chnk.pl\/?p=2931","title":{"rendered":"29 Niedziela Zwyk\u0142a"},"content":{"rendered":"\n<p>&nbsp;<\/p>\n<p><strong>&nbsp;<\/strong><\/p>\n<p><strong>OG\u0141OSZENIA DUSZPASTERSKIE<\/strong><\/p>\n<p><strong>&nbsp;&nbsp;&nbsp;&nbsp;&nbsp;&nbsp;&nbsp;&nbsp;&nbsp;&nbsp;&nbsp;&nbsp;&nbsp;&nbsp;&nbsp;&nbsp;&nbsp;&nbsp;&nbsp;&nbsp;&nbsp;&nbsp;&nbsp;&nbsp;&nbsp;&nbsp;&nbsp;&nbsp;&nbsp;&nbsp;&nbsp;&nbsp;&nbsp;&nbsp;&nbsp;&nbsp;&nbsp;&nbsp;&nbsp;&nbsp;&nbsp;&nbsp;&nbsp;&nbsp;&nbsp;&nbsp;&nbsp;&nbsp;&nbsp;&nbsp;&nbsp;&nbsp;&nbsp;&nbsp;&nbsp;&nbsp;&nbsp;&nbsp;&nbsp;&nbsp;&nbsp;&nbsp;&nbsp;&nbsp;&nbsp;&nbsp;&nbsp; <\/strong><strong>NIEDZIELA XXIX ZWYK\u0141A<\/strong><\/p>\n<p><strong>&nbsp;&nbsp;&nbsp;&nbsp;&nbsp;&nbsp;&nbsp;&nbsp;&nbsp;&nbsp;&nbsp;&nbsp;&nbsp;&nbsp;&nbsp;&nbsp;&nbsp;&nbsp;&nbsp;&nbsp;&nbsp;&nbsp;&nbsp;&nbsp;&nbsp;&nbsp;&nbsp;&nbsp;&nbsp;&nbsp;&nbsp;&nbsp;&nbsp;&nbsp;&nbsp;&nbsp;&nbsp;&nbsp;&nbsp;&nbsp;&nbsp;&nbsp;&nbsp;&nbsp;&nbsp;&nbsp;&nbsp;&nbsp;&nbsp;&nbsp;&nbsp;&nbsp;&nbsp;&nbsp;&nbsp;&nbsp;&nbsp;&nbsp;&nbsp;&nbsp;&nbsp;&nbsp;&nbsp;&nbsp;&nbsp;&nbsp;&nbsp;&nbsp;&nbsp;&nbsp;&nbsp;&nbsp;&nbsp;&nbsp;&nbsp;&nbsp;&nbsp;&nbsp;&nbsp; 18<\/strong><strong> pa\u017adziernika 2020 r.<\/strong><\/p>\n<p><strong>DEKRET<\/strong><\/p>\n<p><strong>o dyspensie w zwi\u0105zku z obostrzeniami sanitarnymi<\/strong><\/p>\n<p>W zwi\u0105zku z nowymi obostrzeniami sanitarnymi podczas zgromadze\u0144 religijnych <br \/>(1 osoba na 4mkw w strefie \u017c\u00f3\u0142tej i 1 osoba na 7 mkw w strefie czerwonej), udzielam&nbsp; &nbsp; &nbsp; dys\u00adpensy od obowi\u0105zku uczestnictwa we Mszy \u015awi\u0119tej w niedziel\u0119 i \u015bwi\u0119ta nakazane wszyst\u00adkim wiernym Archidiecezji Pozna\u0144skiej oraz wiernym przebywaj\u0105cym na terenie Archi\u00addiecezji Pozna\u0144skiej do czasu zniesienia ogranicze\u0144.<\/p>\n<p>Skorzystanie z dyspensy oznacza, \u017ce nieobecno\u015b\u0107 na Mszy \u015awi\u0119tej we wskazanym czasie nie jest grzechem.<\/p>\n<p>Zach\u0119cam tak\u017ce, aby korzystaj\u0105cy z dyspensy byli wierni osobistej i rodzinnej&nbsp; &nbsp; &nbsp;mo\u00addlitwie oraz w miar\u0119 mo\u017cliwo\u015bci \u0142\u0105czyli si\u0119 duchowo z liturgiczn\u0105 wsp\u00f3lnot\u0105 Ko\u015bcio\u0142a po\u00adprzez transmisje radiowe, telewizyjne lub internetowe.<\/p>\n<p>&nbsp;&nbsp;&nbsp;&nbsp;&nbsp; \u2020 Stanis\u0142aw G\u0105decki<\/p>\n<p><strong>&nbsp;&nbsp;&nbsp;&nbsp;&nbsp;&nbsp;&nbsp;&nbsp;&nbsp;&nbsp;&nbsp;&nbsp;&nbsp;&nbsp;&nbsp;&nbsp;&nbsp;&nbsp;&nbsp;&nbsp;&nbsp;&nbsp;&nbsp;&nbsp;&nbsp;&nbsp;&nbsp;&nbsp;&nbsp;&nbsp;&nbsp;&nbsp;&nbsp;&nbsp;&nbsp;&nbsp;&nbsp;&nbsp;&nbsp;&nbsp;&nbsp;&nbsp;&nbsp;&nbsp;&nbsp;&nbsp;&nbsp;&nbsp;&nbsp;&nbsp;&nbsp;&nbsp;&nbsp;&nbsp;&nbsp;&nbsp;&nbsp;&nbsp;&nbsp;&nbsp;&nbsp;&nbsp;&nbsp;&nbsp;&nbsp;&nbsp; <\/strong>Arcybiskup Metropolita Pozna\u0144ski<\/p>\n<ol>\n<li>Kalendarz liturgiczny: poniedzia\u0142ek \u2013 \u015bw. Paw\u0142a od Krzy\u017ca, wtorek \u2013 \u015bw. Jana Kantego czwartek \u2013 \u015bw. Jana Paw\u0142a II, pi\u0105tek &#8211; J\u00f3zefa Bilczewskiego i \u015bw. Jana Kapistra sobota \u2013 \u015bw. Antoniego Marii Clareta.<\/li>\n<\/ol>\n<ol start=\"2\">\n<li>Od przysz\u0142ej niedzieli, na parafialnym Facebooku, przywracany transmisj\u0119 niedzielnej mszy \u015bw. o godz. 11.15.<\/li>\n<li>Nabo\u017ce\u0144stwa r\u00f3\u017ca\u0144cowe codziennie o godz. 17.30. Ponadto w ka\u017cdy wtorek, przed porann\u0105 Msz\u0105 \u015bw., o godz. 7.30, r\u00f3\u017caniec do Matki Bo\u017cej, Patronki Dobrej \u015amierci. Mo\u017cna zapisa\u0107 si\u0119 do tego Stowarzyszenia, kt\u00f3rego celem jest wypraszanie \u0142aski: wytrwania w dobrym dla sprawiedliwych, nawr\u00f3cenia dla grzesznik\u00f3w i dobrej \u015bmierci dla wszystkich. R\u00f3\u017caniec dla dla dzieci we wtorki, \u015brody i czwartki o godz. 16.30. Trwa konkurs dla dzieci na w\u0142asnor\u0119czne zrobienie r\u00f3\u017ca\u0144ca i przyniesienie go do ko\u015bcio\u0142a na nabo\u017ce\u0144stwo r\u00f3\u017ca\u0144cowe dla dzieci.<\/li>\n<li>Procesja salety\u0144ska w poniedzia\u0142ek po mszy \u015bw. odprawianej o godz. 8.00.<\/li>\n<li>Odwo\u0142ujemy spotkania dla m\u0142odzie\u017cy przygotowuj\u0105cej si\u0119 do bierzmowania&nbsp; &nbsp; &nbsp;i pi\u0105tkowe spotkania og\u00f3lne.&nbsp;&nbsp;&nbsp;&nbsp;&nbsp;&nbsp;&nbsp;&nbsp;&nbsp;&nbsp;&nbsp;&nbsp;&nbsp;&nbsp;&nbsp;&nbsp;&nbsp;&nbsp;<\/li>\n<li>B\u00f3g zap\u0142a\u0107 Parafianom za cotygodniowe sprz\u0105tanie ko\u015bcio\u0142a. B\u00f3g zap\u0142a\u0107 za ofiary sk\u0142adane na doposa\u017cenia Ko\u015bcio\u0142a i na fundusz \u201eDzie\u0142o Nowego Tysi\u0105clecia. Dzisiaj przed ko\u015bcio\u0142em mo\u017cliwo\u015b\u0107 z\u0142o\u017cenia ofiary na misje.<\/li>\n<li>Zach\u0119camy do czytania <em>Przewodnika Katolickiego<\/em>. A w nim artyku\u0142 o Wandzie B\u0142e\u0144skiej- \u015bwieckiej misjonarce i lekarce. Jest <em>Go\u015b\u0107 Niedzielny<\/em>, <em>Ma\u0142y Przewodnik&nbsp; &nbsp; &nbsp; &nbsp; &nbsp; &nbsp; &nbsp;Katolicki<\/em>, <em>Ziarno<\/em>, <em>Egzorcysta<\/em>, gazetka parafialna.<\/li>\n<li>M\u00f3dlmy si\u0119 za zmar\u0142ych parafian. Za dusz\u0119 \u015bp. Janiny Piechockiej, os. Lecha 39, \u015bp. Marii Gintrowskiej , os. Lecha 88 (msza \u015bw. pogrzebowa we wtorek o godz. 9.00)&nbsp; &nbsp;\u015bp. Ludwika Banasia, os. Lecha 49 (msza \u015bw. pogrzebowa w pi\u0105tek o godz. 10.00). Wieczny odpoczynek racz zmar\u0142ym da\u0107 Panie.<\/li>\n<\/ol>\n<p>&nbsp;<\/p>\n<p>&nbsp;<\/p>\n<p>&nbsp;<\/p>\n<p>&nbsp;<\/p>\n","protected":false},"excerpt":{"rendered":"<p>&nbsp; &nbsp; OG\u0141OSZENIA DUSZPASTERSKIE &nbsp;&nbsp;&nbsp;&nbsp;&nbsp;&nbsp;&nbsp;&nbsp;&nbsp;&nbsp;&nbsp;&nbsp;&nbsp;&nbsp;&nbsp;&nbsp;&nbsp;&nbsp;&nbsp;&nbsp;&nbsp;&nbsp;&nbsp;&nbsp;&nbsp;&nbsp;&nbsp;&nbsp;&nbsp;&nbsp;&nbsp;&nbsp;&nbsp;&nbsp;&nbsp;&nbsp;&nbsp;&nbsp;&nbsp;&nbsp;&nbsp;&nbsp;&nbsp;&nbsp;&nbsp;&nbsp;&nbsp;&nbsp;&nbsp;&nbsp;&nbsp;&nbsp;&nbsp;&nbsp;&nbsp;&nbsp;&nbsp;&nbsp;&nbsp;&nbsp;&nbsp;&nbsp;&nbsp;&nbsp;&nbsp;&nbsp;&nbsp; NIEDZIELA XXIX ZWYK\u0141A &nbsp;&nbsp;&nbsp;&nbsp;&nbsp;&nbsp;&nbsp;&nbsp;&nbsp;&nbsp;&nbsp;&nbsp;&nbsp;&nbsp;&nbsp;&nbsp;&nbsp;&nbsp;&nbsp;&nbsp;&nbsp;&nbsp;&nbsp;&nbsp;&nbsp;&nbsp;&nbsp;&nbsp;&nbsp;&nbsp;&nbsp;&nbsp;&nbsp;&nbsp;&nbsp;&nbsp;&nbsp;&nbsp;&nbsp;&nbsp;&nbsp;&nbsp;&nbsp;&nbsp;&nbsp;&nbsp;&nbsp;&nbsp;&nbsp;&nbsp;&nbsp;&nbsp;&nbsp;&nbsp;&nbsp;&nbsp;&nbsp;&nbsp;&nbsp;&nbsp;&nbsp;&nbsp;&nbsp;&nbsp;&nbsp;&nbsp;&nbsp;&nbsp;&nbsp;&nbsp;&nbsp;&nbsp;&nbsp;&nbsp;&nbsp;&nbsp;&nbsp;&nbsp;&nbsp; 18 pa\u017adziernika 2020 r. DEKRET o dyspensie w zwi\u0105zku z obostrzeniami sanitarnymi W zwi\u0105zku z nowymi obostrzeniami sanitarnymi podczas zgromadze\u0144 religijnych (1 osoba na 4mkw w strefie \u017c\u00f3\u0142tej i 1 osoba na 7 mkw w strefie czerwonej), udzielam&nbsp; &nbsp; &nbsp; dys\u00adpensy od obowi\u0105zku uczestnictwa we Mszy &#8230; <span class=\"more\"><a class=\"more-link\" href=\"https:\/\/www.chnk.pl\/?p=2931\">czytaj wi\u0119cej<\/a><\/span><\/p>\n","protected":false},"author":3,"featured_media":0,"comment_status":"open","ping_status":"open","sticky":false,"template":"","format":"standard","meta":{"ngg_post_thumbnail":0,"footnotes":""},"categories":[1],"tags":[],"_links":{"self":[{"href":"https:\/\/www.chnk.pl\/index.php?rest_route=\/wp\/v2\/posts\/2931"}],"collection":[{"href":"https:\/\/www.chnk.pl\/index.php?rest_route=\/wp\/v2\/posts"}],"about":[{"href":"https:\/\/www.chnk.pl\/index.php?rest_route=\/wp\/v2\/types\/post"}],"author":[{"embeddable":true,"href":"https:\/\/www.chnk.pl\/index.php?rest_route=\/wp\/v2\/users\/3"}],"replies":[{"embeddable":true,"href":"https:\/\/www.chnk.pl\/index.php?rest_route=%2Fwp%2Fv2%2Fcomments&post=2931"}],"version-history":[{"count":1,"href":"https:\/\/www.chnk.pl\/index.php?rest_route=\/wp\/v2\/posts\/2931\/revisions"}],"predecessor-version":[{"id":2932,"href":"https:\/\/www.chnk.pl\/index.php?rest_route=\/wp\/v2\/posts\/2931\/revisions\/2932"}],"wp:attachment":[{"href":"https:\/\/www.chnk.pl\/index.php?rest_route=%2Fwp%2Fv2%2Fmedia&parent=2931"}],"wp:term":[{"taxonomy":"category","embeddable":true,"href":"https:\/\/www.chnk.pl\/index.php?rest_route=%2Fwp%2Fv2%2Fcategories&post=2931"},{"taxonomy":"post_tag","embeddable":true,"href":"https:\/\/www.chnk.pl\/index.php?rest_route=%2Fwp%2Fv2%2Ftags&post=2931"}],"curies":[{"name":"wp","href":"https:\/\/api.w.org\/{rel}","templated":true}]}}