{"id":2925,"date":"2020-10-10T17:37:51","date_gmt":"2020-10-10T17:37:51","guid":{"rendered":"http:\/\/www.chnk.pl\/?p=2925"},"modified":"2020-10-10T17:37:51","modified_gmt":"2020-10-10T17:37:51","slug":"28-niedziela-zwykla-3","status":"publish","type":"post","link":"https:\/\/www.chnk.pl\/?p=2925","title":{"rendered":"28 Niedziela Zwyk\u0142a"},"content":{"rendered":"\n<p><strong>&nbsp;<\/strong><\/p>\n<p><strong>OG\u0141OSZENIA DUSZPASTERSKIE<\/strong><\/p>\n<p><strong>NIEDZIELA&nbsp; XXVIII ZWYK\u0141A<\/strong><\/p>\n<p><strong>11 pa\u017adziernika 2020 r.<\/strong><\/p>\n<ol>\n<li>W poniedzia\u0142ek, 12 pa\u017adziernika br., w Rocznic\u0119 Po\u015bwi\u0119cenia Katedry Pozna\u0144skiej o godzinie 18.00 b\u0119dzie sprawowana uroczysta Eucharystia podczas, kt\u00f3rej b\u0119dziemy dzi\u0119kowali Panu Bogu za dar \u017cycia, powo\u0142ania i biskupiej pos\u0142ugi Ksi\u0119dza Biskupa Stanis\u0142awa Napiera\u0142y, kt\u00f3ry w tym roku obchodzi 40. rocznic\u0119 przyj\u0119cia sakry biskupiej. Do Katedry zapraszamy wszystkich, kt\u00f3rzy pragn\u0105 w\u0142\u0105czy\u0107 si\u0119 w modlitw\u0119 w intencji Dostojnego Jubilata.<\/li>\n<li>W niedziel\u0119 18 pa\u017adziernika, w \u015awiatow\u0105 Niedziel\u0119 Misyjn\u0105 i \u015bwi\u0119to \u015bw. \u0141ukasza, patrona lekarzy, Archidiecezja Pozna\u0144ska rozpoczyna proces beatyfikacyjny Wandy B\u0142e\u0144skiej, pozna\u0144skiej lekarki i \u015bwieckiej misjonarki, lecz\u0105cej przez ponad 40 lat chorych na tr\u0105d w Ugandzie. Uroczysto\u015b\u0107 w Katedrze: o godz. 9.30 otwarcie procesu; o godz. 10.00 Msza \u015awi\u0119ta pod przewodnictwem abp. Stanis\u0142awa G\u0105deckiego. Transmisje online (facebook.com\/wandablenska) i w Radiu Emaus.<\/li>\n<li>Nabo\u017ce\u0144stwa r\u00f3\u017ca\u0144cowe codziennie o godz. 17.30. Dla dzieci we wtorki, \u015brody i czwartki o godz. 16.30. Prosimy o liczniejszy udzia\u0142 dzieci przygotowuj\u0105ce si\u0119 do I komunii \u015bw. Zapraszamy do konkursu r\u00f3\u017ca\u0144cowego. Zr\u00f3b r\u00f3\u017caniec i przynie\u015b do ko\u015bcio\u0142a.<\/li>\n<li>W dni powszednie przyjmujemy rezerwacje intencji mszalnych na 2021 r.<\/li>\n<li>Kr\u0105g Biblijny w \u015brod\u0119, po mszy \u015bw. wieczornej, w salce parafialnej.<\/li>\n<li>W czwartek przypada Dzie\u0144 Dziecka Utraconego. Na mszy \u015bw. o godz. 8.00 ogarniemy modlitw\u0105 rodzic\u00f3w i rodziny, kt\u00f3re przedwcze\u015bnie po\u017cegna\u0142y cz\u0142onka swojej rodziny. B\u0119dziemy modli\u0107 si\u0119 tak\u017ce o dzietno\u015b\u0107 rodzin. Zapraszamy do modlitwy w tej intencji.<\/li>\n<li>Spotkanie kandydat\u00f3w do bierzmowanych z grupy, kt\u00f3rej animatork\u0105 jest pani Anna Sprutta, w czwartek o godz. 19.00 w salce<\/li>\n<li>Spotkanie dla m\u0142odzie\u017cy w pi\u0105tek o godz. 19.15 w salce parafialnej.<\/li>\n<li>W przysz\u0142\u0105 niedziel\u0119 rozpoczniemy Tydzie\u0144 Misyjny. We mszy \u015bw. modlitwa za misje, a przed ko\u015bcio\u0142em mo\u017cliwo\u015b\u0107 z\u0142o\u017cenia ofiary na Papieskie Dzie\u0142a Misyjne.<\/li>\n<li>W najbli\u017csz\u0105 niedziel\u0119, msz\u0119 \u015bw. o godz. 11.15 przygotowuj\u0105 ma\u0142\u017ce\u0144stwa z dzie\u0107mi. Dzieci zapraszamy na pr\u00f3b\u0119 scholi w niedziel\u0119 o godz. 10.20, do salki.<\/li>\n<li>B\u00f3g zap\u0142a\u0107 za ofiary na doposa\u017cenie ko\u015bcio\u0142a. B\u00f3g zap\u0142a\u0107 za ofiary, sk\u0142adane dzisiaj przed ko\u015bcio\u0142em, na fundusz stypendialny &#8222;Dzie\u0142o Nowego Tysi\u0105clecia&#8221;.<\/li>\n<li>W przysz\u0142\u0105 niedziel\u0119 czcimy \u015bw. \u0141ukasza Ewangelist\u0119, jest to dzie\u0144 modlitw za Pracownik\u00f3w S\u0142u\u017cby Zdrowia i odpust w Parafii \u015bw. \u0141ukasza na os. Rusa. Suma odpustowa w niedziel\u0119, 18.10. o godz. 12.30. Zapraszamy szczeg\u00f3lnie s\u0142u\u017cb\u0119 zdrowia.<\/li>\n<li>Spotkanie modlitewne przy Krzy\u017cu Papieskim, w Parku Jana Paw\u0142a II, 16 pa\u017adziernika o godz. 21.00, w 42 rocznic\u0119 wyboru. Zachowujemy warunki sanitarne.<\/li>\n<li>W przysz\u0142\u0105 niedziel\u0119, 18 pa\u017adziernika br. POKUTNY MARSZ R\u00d3\u017bA\u0143COWY. Modlimy si\u0119 zawsze w tej samej intencji: &#8222;Z Maryj\u0105, nasz\u0105 Kr\u00f3low\u0105 o Polsk\u0119 wiern\u0105 Bogu, Krzy\u017cowi i Ewangelii i wype\u0142nienie \u015alub\u00f3w Jasnog\u00f3rskich Narodu&#8221; Pocz\u0105tek o godz. 12.30 msz\u0105 \u015bw. w ko\u015bciele Bo\u017cego Cia\u0142a.<\/li>\n<li>Odpust we Farze. Program na tablicy og\u0142osze\u0144.<\/li>\n<li>Zach\u0119camy do czytania prasy katolickiej. Przy zakrystii <em>Przewodnik Katolicki,<\/em> <em>Go\u015b\u0107 Niedzielny<\/em> z p\u0142yt\u0105, <em>Ma\u0142y Przewodnik Katolicki, Mi\u0142ujcie si\u0119, Egzorcysta<\/em> i gazetka parafia.<\/li>\n<\/ol>\n<p>&nbsp;<\/p>\n<p>&nbsp;<\/p>\n<p>&nbsp;<\/p>\n","protected":false},"excerpt":{"rendered":"<p>&nbsp; OG\u0141OSZENIA DUSZPASTERSKIE NIEDZIELA&nbsp; XXVIII ZWYK\u0141A 11 pa\u017adziernika 2020 r. W poniedzia\u0142ek, 12 pa\u017adziernika br., w Rocznic\u0119 Po\u015bwi\u0119cenia Katedry Pozna\u0144skiej o godzinie 18.00 b\u0119dzie sprawowana uroczysta Eucharystia podczas, kt\u00f3rej b\u0119dziemy dzi\u0119kowali Panu Bogu za dar \u017cycia, powo\u0142ania i biskupiej pos\u0142ugi Ksi\u0119dza Biskupa Stanis\u0142awa Napiera\u0142y, kt\u00f3ry w tym roku obchodzi 40. rocznic\u0119 przyj\u0119cia sakry biskupiej. Do &#8230; <span class=\"more\"><a class=\"more-link\" href=\"https:\/\/www.chnk.pl\/?p=2925\">czytaj wi\u0119cej<\/a><\/span><\/p>\n","protected":false},"author":3,"featured_media":0,"comment_status":"open","ping_status":"open","sticky":false,"template":"","format":"standard","meta":{"ngg_post_thumbnail":0,"footnotes":""},"categories":[1],"tags":[],"_links":{"self":[{"href":"https:\/\/www.chnk.pl\/index.php?rest_route=\/wp\/v2\/posts\/2925"}],"collection":[{"href":"https:\/\/www.chnk.pl\/index.php?rest_route=\/wp\/v2\/posts"}],"about":[{"href":"https:\/\/www.chnk.pl\/index.php?rest_route=\/wp\/v2\/types\/post"}],"author":[{"embeddable":true,"href":"https:\/\/www.chnk.pl\/index.php?rest_route=\/wp\/v2\/users\/3"}],"replies":[{"embeddable":true,"href":"https:\/\/www.chnk.pl\/index.php?rest_route=%2Fwp%2Fv2%2Fcomments&post=2925"}],"version-history":[{"count":1,"href":"https:\/\/www.chnk.pl\/index.php?rest_route=\/wp\/v2\/posts\/2925\/revisions"}],"predecessor-version":[{"id":2926,"href":"https:\/\/www.chnk.pl\/index.php?rest_route=\/wp\/v2\/posts\/2925\/revisions\/2926"}],"wp:attachment":[{"href":"https:\/\/www.chnk.pl\/index.php?rest_route=%2Fwp%2Fv2%2Fmedia&parent=2925"}],"wp:term":[{"taxonomy":"category","embeddable":true,"href":"https:\/\/www.chnk.pl\/index.php?rest_route=%2Fwp%2Fv2%2Fcategories&post=2925"},{"taxonomy":"post_tag","embeddable":true,"href":"https:\/\/www.chnk.pl\/index.php?rest_route=%2Fwp%2Fv2%2Ftags&post=2925"}],"curies":[{"name":"wp","href":"https:\/\/api.w.org\/{rel}","templated":true}]}}