{"id":2918,"date":"2020-10-03T17:11:36","date_gmt":"2020-10-03T17:11:36","guid":{"rendered":"http:\/\/www.chnk.pl\/?p=2918"},"modified":"2020-10-04T21:21:34","modified_gmt":"2020-10-04T21:21:34","slug":"27-niedziela-zwykla-3","status":"publish","type":"post","link":"https:\/\/www.chnk.pl\/?p=2918","title":{"rendered":"27 Niedziela Zwyk\u0142a"},"content":{"rendered":"\n<p><br \/>OG\u0141OSZENIA DUSZPASTERSKIE<br \/>NIEDZIELA XXVII ZWYK\u0141A<br \/>4 pa\u017adziernika 2020 r.<br \/>1. Kalendarz liturgiczny: poniedzia\u0142ek \u2013 \u015bw. Faustyny Kowalskiej, wtorek \u2013 \u015bw.Brunona, \u015broda &#8211; Matki Bo\u017cej R\u00f3\u017ca\u0144cowej, pi\u0105tek \u2013 \u015bw. Dionizego i \u015bw. Jana Leonardiego.<br \/>2. Nabo\u017ce\u0144stwa r\u00f3\u017ca\u0144cowe codziennie o godz. 17.30. Dla dzieci: we wtorki, \u015brody i czwartki o godz. 16.30. Dzieci zapraszamy do udzia\u0142u w konkursie r\u00f3\u017ca\u0144cowym polegaj\u0105cym na w\u0142asnor\u0119cznym wykonaniu r\u00f3\u017ca\u0144ca. Przynie\u015b\u0107 je mo\u017cna do ko\u015bcio\u0142a przez ca\u0142y pa\u017adziernik podczas nabo\u017ce\u0144stw r\u00f3\u017ca\u0144cowych lub mszy \u015bw. Prosimy rodzic\u00f3w, aby do\u0142o\u017cyli stara\u0144, by dzieci uczestniczy\u0142y w nabo\u017ce\u0144stwie r\u00f3\u017ca\u0144cowym.<br \/>3. Zapraszamy na msze \u015bw. w intencji wsp\u00f3lnot r\u00f3\u017ca\u0144cowych: we wtorek o godz. 7.30 msza \u015bw. Apostolstwa Dobrej \u015amierci, a w \u015brod\u0119, 7 pa\u017adziernika o godz. 18.00 msza \u015bw. \u017bywego R\u00f3\u017ca\u0144ca.<br \/>4. Spotkanie Kr\u0119gu Biblijnego w \u015brod\u0119 w salce parafialnej po wieczornej mszy \u015bw. <br \/>5. W czwartek Adoracja Naj\u015bwi\u0119tszego Sakramentu po rannej mszy \u015bw. do 10:30 i p\u00f3\u0142 godziny po wieczornej. <br \/>6. W czwartek o 19:00 w salce spotkanie kandydat\u00f3w do bierzmowania z grupy, kt\u00f3rej animatorem jest p. Aleksandra Bro\u017cek.<br \/>7. M\u0142odzie\u017c od 7 klasy SP zapraszamy na spotkanie duszpasterstwa m\u0142odzie\u017cy w pi\u0105tek o 19:15 do salki.<br \/>8. Spowied\u017a w pa\u017adzierniku: w poniedzia\u0142ki i wtorki p\u00f3\u0142 godziny przed rann\u0105 msz\u0105 \u015bw.; od \u015brody do pi\u0105tku p\u00f3\u0142 godziny przed rann\u0105 i wieczorn\u0105 msz\u0105 \u015bw.; w soboty p\u00f3\u0142 godziny przed rann\u0105 msz\u0105 \u015bw. oraz 16:00-18:00; w niedziele przed mszami \u015bw. z wyj\u0105tkiem wieczornej.<br \/>9. B\u00f3g zap\u0142a\u0107 za owoce tegorocznego lata ( zostan\u0105 przekazane SS. Albertynkom do jad\u0142odajni Caritas) i B\u00f3g zap\u0142a\u0107 za ofiary na doposa\u017canie ko\u015bcio\u0142a.<br \/>10. W przysz\u0142\u0105 niedziel\u0119 w naszej parafii Dzie\u0144 Papieski. Przed ko\u015bcio\u0142em mo\u017cliwo\u015b\u0107 z\u0142o\u017cenia ofiary na fundusz stypendialny dla niezamo\u017cnej m\u0142odzie\u017cy &#8211; \u017cywy pomnik wdzi\u0119czno\u015bci za \u017cycie i pontyfikat \u015bw. Jana Paw\u0142a II.<br \/>11. W poniedzia\u0142ek, 12 pa\u017adziernika br., w Rocznic\u0119 Po\u015bwi\u0119cenia Katedry Pozna\u0144skiej w Bazylice Archikatedralnej o godzinie 18.00 b\u0119dzie sprawowana Eucharystia podczas, kt\u00f3rej b\u0119dziemy dzi\u0119kowali Panu Bogu za dar \u017cycia, powo\u0142ania i biskupiej pos\u0142ugi Ksi\u0119dza Biskupa Stanis\u0142awa Napiera\u0142y, kt\u00f3ry w tym roku obchodzi 40. rocznic\u0119 przyj\u0119cia sakry biskupiej. Na uroczyst\u0105 Msz\u0119 \u015awi\u0119t\u0105 zapraszamy wszystkich, kt\u00f3rzy pragn\u0105 w\u0142\u0105czy\u0107 si\u0119 we wsp\u00f3ln\u0105 modlitw\u0119 w intencji Dostojnego Jubilata, kt\u00f3rzy na r\u00f3\u017cnych etapach \u017cycia spotkali Ksi\u0119dza Biskupa Stanis\u0142awa Napiera\u0142\u0119 jako wyk\u0142adowc\u0119, rektora i biskupa pomocniczego.<br \/>12. Salezja\u0144skie Centrum M\u0142odzie\u017cowe informuje, \u017ce prowadzi Katolick\u0105 Poradni\u0119 Psychologiczn\u0105, przy ul. Wy\u017cyny 7. Szczeg\u00f3\u0142y na tablicy og\u0142osze\u0144. <br \/>13. Koncert z Okazji 100-lecia Zgromadzenia Si\u00f3str Urszulanek Serca Jezusa Konaj\u0105cego we Farze 11 pa\u017adziernika br. o godz. 16.30. Szczeg\u00f3\u0142y na tablicy og\u0142osze\u0144. <br \/>14. Zach\u0119camy do czytania prasy katolickiej. Przy zakrystii: Przewodnik Katolicki (ciekawy artyku\u0142 o R\u00f3\u017ca\u0144cu), Go\u015b\u0107 Niedzielny, Egzorcysta, Ma\u0142y Przewodnik Katolicki i gazetka parafialna, modlitewnik na pa\u017adziernik i ksi\u0105\u017cka Ojcze nasz kardyna\u0142a Stefana Wyszy\u0144skiego.<\/p>\n","protected":false},"excerpt":{"rendered":"<p>OG\u0141OSZENIA DUSZPASTERSKIENIEDZIELA XXVII ZWYK\u0141A4 pa\u017adziernika 2020 r.1. Kalendarz liturgiczny: poniedzia\u0142ek \u2013 \u015bw. Faustyny Kowalskiej, wtorek \u2013 \u015bw.Brunona, \u015broda &#8211; Matki Bo\u017cej R\u00f3\u017ca\u0144cowej, pi\u0105tek \u2013 \u015bw. Dionizego i \u015bw. Jana Leonardiego.2. Nabo\u017ce\u0144stwa r\u00f3\u017ca\u0144cowe codziennie o godz. 17.30. Dla dzieci: we wtorki, \u015brody i czwartki o godz. 16.30. Dzieci zapraszamy do udzia\u0142u w konkursie r\u00f3\u017ca\u0144cowym polegaj\u0105cym na &#8230; <span class=\"more\"><a class=\"more-link\" href=\"https:\/\/www.chnk.pl\/?p=2918\">czytaj wi\u0119cej<\/a><\/span><\/p>\n","protected":false},"author":3,"featured_media":0,"comment_status":"open","ping_status":"open","sticky":false,"template":"","format":"standard","meta":{"ngg_post_thumbnail":0,"footnotes":""},"categories":[1],"tags":[],"_links":{"self":[{"href":"https:\/\/www.chnk.pl\/index.php?rest_route=\/wp\/v2\/posts\/2918"}],"collection":[{"href":"https:\/\/www.chnk.pl\/index.php?rest_route=\/wp\/v2\/posts"}],"about":[{"href":"https:\/\/www.chnk.pl\/index.php?rest_route=\/wp\/v2\/types\/post"}],"author":[{"embeddable":true,"href":"https:\/\/www.chnk.pl\/index.php?rest_route=\/wp\/v2\/users\/3"}],"replies":[{"embeddable":true,"href":"https:\/\/www.chnk.pl\/index.php?rest_route=%2Fwp%2Fv2%2Fcomments&post=2918"}],"version-history":[{"count":2,"href":"https:\/\/www.chnk.pl\/index.php?rest_route=\/wp\/v2\/posts\/2918\/revisions"}],"predecessor-version":[{"id":2924,"href":"https:\/\/www.chnk.pl\/index.php?rest_route=\/wp\/v2\/posts\/2918\/revisions\/2924"}],"wp:attachment":[{"href":"https:\/\/www.chnk.pl\/index.php?rest_route=%2Fwp%2Fv2%2Fmedia&parent=2918"}],"wp:term":[{"taxonomy":"category","embeddable":true,"href":"https:\/\/www.chnk.pl\/index.php?rest_route=%2Fwp%2Fv2%2Fcategories&post=2918"},{"taxonomy":"post_tag","embeddable":true,"href":"https:\/\/www.chnk.pl\/index.php?rest_route=%2Fwp%2Fv2%2Ftags&post=2918"}],"curies":[{"name":"wp","href":"https:\/\/api.w.org\/{rel}","templated":true}]}}