{"id":2907,"date":"2020-09-19T14:36:45","date_gmt":"2020-09-19T14:36:45","guid":{"rendered":"http:\/\/www.chnk.pl\/?p=2907"},"modified":"2020-09-19T14:36:45","modified_gmt":"2020-09-19T14:36:45","slug":"25-niedziela-zwykla-3","status":"publish","type":"post","link":"https:\/\/www.chnk.pl\/?p=2907","title":{"rendered":"25 Niedziela Zwyk\u0142a"},"content":{"rendered":"\n<p>OG\u0141OSZENIA DUSZPASTERSKIE<br \/>NIEDZIELA XXV ZWYK\u0141A<br \/>20 wrze\u015bnia 2020 r. <br \/>1.Kalendarz liturgiczny: poniedzia\u0142ek \u2013 \u015bw. Mateusza, \u015broda \u2013 \u015bw. Ojca Pio.<br \/>2. Szczere podzi\u0119kowanie Parafianom, kt\u00f3rzy wzi\u0119li udzia\u0142 w \u015bwi\u0119towaniu 5 rocznicy po\u015bwiecenia naszego ko\u015bcio\u0142a parafialnego i \u015bwi\u0119cie ku czci Matki Bo\u017cej z La Salette. B\u00f3g zap\u0142a\u0107 za zaanga\u017cowanie s\u0142u\u017cby liturgicznej i wszystkich wsp\u00f3\u0142pracownik\u00f3w.<br \/>3. Kr\u0105g biblijny w \u015brod\u0119 o godz. 19.00 w salce parafialnej.<br \/>4. Msza \u015bw. z modlitw\u0105 o uzdrowienie duszy i cia\u0142a w czwartek o godz. 19.15. Prosimy przynie\u015b\u0107 zapisane intencje, kt\u00f3re b\u0119d\u0105 w\u0142\u0105czone w modlitw\u0119 mszy \u015bw.<br \/>5. Spotkanie duszpasterstwa m\u0142odzie\u017cy w pi\u0105tek o 19:15 w salce parafialnej.<br \/>6. Rodzic\u00f3w m\u0142odzie\u017cy, kt\u00f3ra 4 listopada ma przyst\u0105pi\u0107 do sakramentu bierzmowania zapraszamy na spotkanie we wtorek 29 wrze\u015bnia na 19:00 do ko\u015bcio\u0142a. Z kolei m\u0142odzie\u017c bierzmowan\u0105 zapraszamy na spotkania w nast\u0119puj\u0105cych terminach (uwaga \u2013 ka\u017cdy przychodzi na spotkanie tylko swojej grupy): 8 pa\u017adziernika (grupa, kt\u00f3rej animatorem jest p. Aleksandra Bro\u017cek); 15 pa\u017adziernika (grupa, kt\u00f3rej animatorem jest p. Anna Sprutta); 19 pa\u017adziernika (grupa p. Mateusza Marsza\u0142a); 22 pa\u017adziernika (grupa p. Agnieszki Dreger). Spotkania odbywa\u0107 si\u0119 b\u0119d\u0105 w salce parafialnej o 19:00. Do 9 pa\u017adziernika nale\u017cy przes\u0142a\u0107 na adres e-mail ks. wikariusza (jarek.czyzewski@gmail.com) imi\u0119 \u015bwi\u0119tego patrona na bierzmowanie oraz imi\u0119 i nazwisko \u015bwiadka. Wi\u0119cej informacji m\u0142odzie\u017c otrzyma\u0142a za po\u015brednictwem Internetu. Bli\u017cej terminu bierzmowania odb\u0119d\u0105 si\u0119 jeszcze pr\u00f3by liturgiczne. M\u0142odzie\u017c z klas 7 i 8 SP rozpocznie sw\u00f3j dwuletni cykl przygotowania do bierzmowania w po\u0142owie listopada.<br \/>7. W poniedzia\u0142ek, 21 wrze\u015bnia, odpust w Parafii \u015bw. Mateusza na os. Or\u0142a Bia\u0142ego. Suma odpustowa godz. 18.00. Zapraszamy celnik\u00f3w i urz\u0119dnik\u00f3w skarbowych, w dniu Patrona.<br \/>8. Instytut Duchowo\u015bci przy klasztorze karmelit\u00f3w zaprasza pragn\u0105cych pog\u0142\u0119bi\u0107 formacj\u0119 duchow\u0105 na 3-letnie studium duchowo\u015bci. Ulotki pod ch\u00f3rem i www.carmelitanum.pl.<br \/>9. Ko\u015bci\u00f3\u0142 w Polsce podejmuje kolejne inicjatywy, by przyj\u015b\u0107 z pomoc\u0105 osobom dotkni\u0119tym przemoc\u0105 seksualn\u0105. Jedn\u0105 z nich jest powstanie w Poznaniu Punktu Konsultacyjnego dla os\u00f3b zranionych w \u015brodowisku ko\u015bcielnym. O\u015brodek zosta\u0142 powo\u0142any do istnienia przez Archidiecezj\u0119 Pozna\u0144sk\u0105 przy wsp\u00f3\u0142udziale Archidiecezji Gnie\u017anie\u0144skiej. Punkt jest do dyspozycji os\u00f3b pe\u0142noletnich. Odpowiednio przeszkoleni konsultanci, g\u0142\u00f3wnie \u015bwieccy, b\u0119d\u0105 gotowi wys\u0142ucha\u0107 ka\u017cd\u0105 osob\u0119, udzieli\u0107 odpowiedniej informacji i wsparcia w podj\u0119ciu adekwatnych dla danej sytuacji dzia\u0142a\u0144. B\u0119d\u0105 udzielali pomocy w nawi\u0105zaniu kontaktu z prawnikiem, psychologiem lub duszpasterzem. Udzielenie pomocy b\u0119dzie podejmowane z zachowaniem dyskrecji. Do punktu konsultacyjnego mo\u017cna zg\u0142osi\u0107 si\u0119 na rozmow\u0119 osobi\u015bcie telefonicznie. Tworzenie punktu konsultacyjnego poprzedzone zosta\u0142o profesjonalnym przygotowaniem. Punkt konsultacyjny ma siedzib\u0119 w Poznaniu przy ul. Wie\u017cowej 5. Dy\u017cury w ka\u017cd\u0105 \u015brod\u0119 od godz. 17.00 do 19.00. Telefon: 693 700 645 Adres mailowy: punkt.konsultacyjny@archpoznan.pl. Wi\u0119cej informacji: www.archpoznan.pl\/pl\/punkt-konsultacyjny. Osoby, kt\u00f3re potrzebuj\u0105 wsparcia w tej materii, zapraszamy do Regionalnego Punktu Konsultacyjnego w Poznaniu.<br \/>10. Zach\u0119camy do czytania prasy katolickiej. W kaplicy przy zakrystii: Przewodnik Katolicki, Go\u015b\u0107 Niedzielny, Ma\u0142y Przewodnik Katolicki, Ola i Ja\u015b, Ziarno, gazetka parafialna.<\/p>\n<p><br \/>MODLITWA DO \u015aW. RODZINY<\/p>\n<p>Jezu, Maryjo i J\u00f3zefie<br \/>w Was kontemplujemy<br \/>blask prawdziwej mi\u0142o\u015bci,<br \/>do Was zwracamy si\u0119 z ufno\u015bci\u0105.<\/p>\n<p>\u015awi\u0119ta Rodzino z Nazaretu,<br \/>uczy\u0144 tak\u017ce nasze rodziny<br \/>\u015brodowiskami komunii i wieczernikami modlitwy,<br \/>autentycznymi szko\u0142ami Ewangelii<br \/>i ma\u0142ymi Ko\u015bcio\u0142ami domowymi.<br \/>\u015awi\u0119ta Rodzino z Nazaretu<br \/>niech nigdy wi\u0119cej w naszych rodzinach nikt nie do\u015bwiadcza<br \/>przemocy, zamkni\u0119cia i podzia\u0142\u00f3w:<br \/>ktokolwiek zosta\u0142 zraniony albo zgorszony<br \/>niech szybko zazna pocieszenia i uleczenia.<br \/>\u015awi\u0119ta Rodzino z Nazaretu,<br \/>oby przysz\u0142y Synod Biskup\u00f3w<br \/>m\u00f3g\u0142 przywr\u00f3ci\u0107 wszystkim \u015bwiadomo\u015b\u0107<br \/>sakralnego i nienaruszalnego charakteru rodziny,<br \/>jej pi\u0119kna w Bo\u017cym zamy\u015ble.<br \/>Jezu, Maryjo i J\u00f3zefie<br \/>Us\u0142yszcie, wys\u0142uchajcie naszego b\u0142agania.<\/p>\n","protected":false},"excerpt":{"rendered":"<p>OG\u0141OSZENIA DUSZPASTERSKIENIEDZIELA XXV ZWYK\u0141A20 wrze\u015bnia 2020 r. 1.Kalendarz liturgiczny: poniedzia\u0142ek \u2013 \u015bw. Mateusza, \u015broda \u2013 \u015bw. Ojca Pio.2. Szczere podzi\u0119kowanie Parafianom, kt\u00f3rzy wzi\u0119li udzia\u0142 w \u015bwi\u0119towaniu 5 rocznicy po\u015bwiecenia naszego ko\u015bcio\u0142a parafialnego i \u015bwi\u0119cie ku czci Matki Bo\u017cej z La Salette. B\u00f3g zap\u0142a\u0107 za zaanga\u017cowanie s\u0142u\u017cby liturgicznej i wszystkich wsp\u00f3\u0142pracownik\u00f3w.3. Kr\u0105g biblijny w \u015brod\u0119 o &#8230; <span class=\"more\"><a class=\"more-link\" href=\"https:\/\/www.chnk.pl\/?p=2907\">czytaj wi\u0119cej<\/a><\/span><\/p>\n","protected":false},"author":3,"featured_media":0,"comment_status":"open","ping_status":"open","sticky":false,"template":"","format":"standard","meta":{"ngg_post_thumbnail":0,"footnotes":""},"categories":[1],"tags":[],"_links":{"self":[{"href":"https:\/\/www.chnk.pl\/index.php?rest_route=\/wp\/v2\/posts\/2907"}],"collection":[{"href":"https:\/\/www.chnk.pl\/index.php?rest_route=\/wp\/v2\/posts"}],"about":[{"href":"https:\/\/www.chnk.pl\/index.php?rest_route=\/wp\/v2\/types\/post"}],"author":[{"embeddable":true,"href":"https:\/\/www.chnk.pl\/index.php?rest_route=\/wp\/v2\/users\/3"}],"replies":[{"embeddable":true,"href":"https:\/\/www.chnk.pl\/index.php?rest_route=%2Fwp%2Fv2%2Fcomments&post=2907"}],"version-history":[{"count":1,"href":"https:\/\/www.chnk.pl\/index.php?rest_route=\/wp\/v2\/posts\/2907\/revisions"}],"predecessor-version":[{"id":2908,"href":"https:\/\/www.chnk.pl\/index.php?rest_route=\/wp\/v2\/posts\/2907\/revisions\/2908"}],"wp:attachment":[{"href":"https:\/\/www.chnk.pl\/index.php?rest_route=%2Fwp%2Fv2%2Fmedia&parent=2907"}],"wp:term":[{"taxonomy":"category","embeddable":true,"href":"https:\/\/www.chnk.pl\/index.php?rest_route=%2Fwp%2Fv2%2Fcategories&post=2907"},{"taxonomy":"post_tag","embeddable":true,"href":"https:\/\/www.chnk.pl\/index.php?rest_route=%2Fwp%2Fv2%2Ftags&post=2907"}],"curies":[{"name":"wp","href":"https:\/\/api.w.org\/{rel}","templated":true}]}}