{"id":2895,"date":"2020-09-12T14:42:39","date_gmt":"2020-09-12T14:42:39","guid":{"rendered":"http:\/\/www.chnk.pl\/?p=2895"},"modified":"2020-09-13T00:25:49","modified_gmt":"2020-09-13T00:25:49","slug":"24-niedziela-zwykla-3","status":"publish","type":"post","link":"https:\/\/www.chnk.pl\/?p=2895","title":{"rendered":"24 Niedziela Zwyk\u0142a"},"content":{"rendered":"\n<p>OG\u0141OSZENIA DUSZPASTERSKIE<br \/>NIEDZIELA XXIV ZWYK\u0141A<br \/>13 wrze\u015bnia 2020 r.<br \/>1.Kalendarz liturgiczny: poniedzia\u0142ek \u2013 \u015bwi\u0119to Podwy\u017cszenie Krzy\u017ca \u015awi\u0119tego, wtorek \u2013 NMP Bolesnej, \u015broda \u2013 \u015bw. mm. Korneliusza i Cypriana, czwartek \u2013 \u015bw. Zygmunta Szcz\u0119snego Feli\u0144skiego, pi\u0105tek &#8211; \u015bw. Stanis\u0142awa Kostki, sobota \u2013 Rocznica po\u015bwi\u0119cenia ko\u015bcio\u0142a<br \/>2. W pi\u0105tek, dnia 18 wrze\u015bnia br. Ksi\u0105dz Arcybiskup Metropolita Stanis\u0142aw G\u0105decki b\u0119dzie \u015bwi\u0119towa\u0142 swoje Imieniny. Tego dnia Czcigodny Solenizant w Katedrze o godz. 10.00 przewodniczy\u0142 b\u0119dzie uroczystej Mszy \u015bwi\u0119tej. W zwi\u0105zku z pandemi\u0105 prosimy o przybycie do katedry w maseczce zas\u0142aniaj\u0105cej nos i usta . Nie b\u0119dzie mo\u017cliwo\u015bci indywidualnego sk\u0142adania \u017cycze\u0144. Dzie\u0144 Imienin naszego Arcypasterza niech b\u0119dzie naznaczony modlitw\u0105 o \u0142aski niezb\u0119dne w prowadzeniu Ko\u015bcio\u0142a w Polsce.<br \/>3. W poniedzia\u0142ek, 14 wrze\u015bnai, \u015bwi\u0119to Podwy\u017cszenia Krzy\u017ca \u015awi\u0119tego. Prosimy, aby na Msz\u0119 \u015bw. przynie\u015b\u0107 do ko\u015bcio\u0142a domowe krzy\u017ce. Prosimy o to zw\u0142aszcza tych wszystkich, kt\u00f3rzy w swoim \u017cyciu do\u015bwiadczaj\u0105 krzy\u017ca. Ci, kt\u00f3rzy nie mog\u0105 dotrze\u0107 do ko\u015bcio\u0142a, niech adoruj\u0105 krzy\u017c w domu.<br \/>4. Bia\u0142y Tydzie\u0144. Wszystkie dzieci, kt\u00f3re by\u0142y w tym roku u I Komunii \u015bw. rozpoczynaj\u0105 w poniedzia\u0142ek Bia\u0142y Tydzie\u0144. Bia\u0142y Tydzie\u0144 to dni dzi\u0119kczynienia za \u0142ask\u0119 I Komunii \u015bw. i dni umocnienia przyja\u017ani z Panem Jezusem. Msza \u015bw. o godz. 18.00; uczestnictwo w strojach komunijnych. Spowied\u017a \u015bw. dla dzieci z czerwca w poniedzia\u0142ek o godz. 17.15. <br \/>5. Kr\u0105g biblijny w \u015brod\u0119 po wieczormej Mszy sw. <br \/>6. Spotkanie dla rodzic\u00f3w dzieci pierwszokomunijnych, na rok 20\/21 odb\u0119dzie si\u0119 w czwartek 17 wrze\u015bnia o godz. 19.15 w ko\u015bciele. <br \/>7.Spotkanie wsp\u00f3lnoty m\u0142odzie\u017cowej w pi\u0105tek o godz. 19.15 w salce.<br \/>8. W najbli\u017csz\u0105 sobot\u0119, 19 wrze\u015bnia, przypada pi\u0105ta rocznica po\u015bwi\u0119cenia naszego ko\u015bcio\u0142a i odpust ku czci Matki Bo\u017cej Salety\u0144skiej. Adoracja Naj\u015bwi\u0119tszego Sakramentu od godz. 17.00 i r\u00f3\u017caniec salety\u0144ski, msza \u015bw. o godz. 18.00 i procesja. B\u0119dziemy dzi\u0119kowa\u0107 Panu Bogu za nasz\u0105 \u015bwi\u0105tyni\u0119, modli\u0107 si\u0119 za jej fundator\u00f3w \u017cyj\u0105cych i zmar\u0142ych. Ze wzgl\u0119du na pandemi\u0119 \u015bwi\u0119towa\u0107 b\u0119dziemy bez udzia\u0142u zaproszonych kap\u0142an\u00f3w. Msz\u0119 \u015bw. odprawi ks. Wojciech Pieczy\u0144ski, kapelan szpitala przy ul. Lutyckiej.<br \/>9. Zapraszamy na duchow\u0105 pielgrzymk\u0119 do Sanktuarium Matki Bo\u017cej na \u015awi\u0119tej G\u00f3rze w Gostyniu, sk\u0105d b\u0119dzie transmitowana msza \u015bw. we wtorek, w dzie\u0144 Matki Bo\u017cej Bolesnej, 15 wrze\u015bnia o godz. 11:00 na antenie TVP3. Parafian chorych i niepe\u0142nosprawnych zach\u0119camy do uczestnictwa.<br \/>10. Ma\u0142\u017ce\u0144stwa, kt\u00f3re prze\u017cywaj\u0105 25 i 50 rocznic\u0119 Sakramentu Ma\u0142\u017ce\u0144stwa zapraszamy do Katedry na msz\u0119 \u015bw. po\u0142\u0105czona z odnowieniem przyrzecze\u0144 ma\u0142\u017ce\u0144skich, w niedziel\u0119 20 wrze\u015bnia br. o godz. 16.00. Ze wzgl\u0119du na sytuacj\u0119 epidemiologiczn\u0105 i zwi\u0105zane z ni\u0105 obawy, nie b\u0119dzie spotkania towarzyskiego po mszy \u015bw.<br \/>11. Zapraszamy na pokutny marsz r\u00f3\u017ca\u0144cowy w niedziel\u0119 20 wrze\u015bnia 20 r. Rozpocznie si\u0119 w ko\u015bciele Bo\u017cego Cia\u0142a msz\u0105 \u015bw. o godzinie 12.30. Nast\u0119pnie modl\u0105c si\u0119 na r\u00f3\u017ca\u0144cu dojdziemy oko\u0142o godziny 15.45 przed obrazem Matki Bo\u017cej w Cudy Wielmo\u017cnej u Ojc\u00f3w Franciszkan\u00f3w.<br \/>12. Zach\u0119camy do czytania prasy katolickiej. Przy zakrystii: Przewodnik Katolicki, Ma\u0142y Przewodnik Katolicki, Go\u015b\u0107 Niedzielny, Egzorcysta, gazetka parafialna i dla dzieci Ziarno.<br \/>Przypominamy, o obowi\u0105zku zak\u0142adaniu maseczek w czasie nabo\u017ce\u0144stw.<br \/>13. M\u00f3dlmy si\u0119 za zmar\u0142ych parafian. Za dusze \u015bp. Stefana Lewandowicza, os. Lecha 97 (msza \u015bw. pogrzebowa w poniedzia\u0142ek o godz. 9.00). Wieczny odpoczynek racz zmar\u0142ym da\u0107 Panie.<\/p>\n","protected":false},"excerpt":{"rendered":"<p>OG\u0141OSZENIA DUSZPASTERSKIENIEDZIELA XXIV ZWYK\u0141A13 wrze\u015bnia 2020 r.1.Kalendarz liturgiczny: poniedzia\u0142ek \u2013 \u015bwi\u0119to Podwy\u017cszenie Krzy\u017ca \u015awi\u0119tego, wtorek \u2013 NMP Bolesnej, \u015broda \u2013 \u015bw. mm. Korneliusza i Cypriana, czwartek \u2013 \u015bw. Zygmunta Szcz\u0119snego Feli\u0144skiego, pi\u0105tek &#8211; \u015bw. Stanis\u0142awa Kostki, sobota \u2013 Rocznica po\u015bwi\u0119cenia ko\u015bcio\u0142a2. W pi\u0105tek, dnia 18 wrze\u015bnia br. Ksi\u0105dz Arcybiskup Metropolita Stanis\u0142aw G\u0105decki b\u0119dzie \u015bwi\u0119towa\u0142 swoje &#8230; <span class=\"more\"><a class=\"more-link\" href=\"https:\/\/www.chnk.pl\/?p=2895\">czytaj wi\u0119cej<\/a><\/span><\/p>\n","protected":false},"author":3,"featured_media":0,"comment_status":"open","ping_status":"open","sticky":false,"template":"","format":"standard","meta":{"ngg_post_thumbnail":0,"footnotes":""},"categories":[1],"tags":[],"_links":{"self":[{"href":"https:\/\/www.chnk.pl\/index.php?rest_route=\/wp\/v2\/posts\/2895"}],"collection":[{"href":"https:\/\/www.chnk.pl\/index.php?rest_route=\/wp\/v2\/posts"}],"about":[{"href":"https:\/\/www.chnk.pl\/index.php?rest_route=\/wp\/v2\/types\/post"}],"author":[{"embeddable":true,"href":"https:\/\/www.chnk.pl\/index.php?rest_route=\/wp\/v2\/users\/3"}],"replies":[{"embeddable":true,"href":"https:\/\/www.chnk.pl\/index.php?rest_route=%2Fwp%2Fv2%2Fcomments&post=2895"}],"version-history":[{"count":4,"href":"https:\/\/www.chnk.pl\/index.php?rest_route=\/wp\/v2\/posts\/2895\/revisions"}],"predecessor-version":[{"id":2901,"href":"https:\/\/www.chnk.pl\/index.php?rest_route=\/wp\/v2\/posts\/2895\/revisions\/2901"}],"wp:attachment":[{"href":"https:\/\/www.chnk.pl\/index.php?rest_route=%2Fwp%2Fv2%2Fmedia&parent=2895"}],"wp:term":[{"taxonomy":"category","embeddable":true,"href":"https:\/\/www.chnk.pl\/index.php?rest_route=%2Fwp%2Fv2%2Fcategories&post=2895"},{"taxonomy":"post_tag","embeddable":true,"href":"https:\/\/www.chnk.pl\/index.php?rest_route=%2Fwp%2Fv2%2Ftags&post=2895"}],"curies":[{"name":"wp","href":"https:\/\/api.w.org\/{rel}","templated":true}]}}