{"id":2892,"date":"2020-09-05T14:12:17","date_gmt":"2020-09-05T14:12:17","guid":{"rendered":"http:\/\/www.chnk.pl\/?p=2892"},"modified":"2020-09-05T14:12:17","modified_gmt":"2020-09-05T14:12:17","slug":"23-niedziela-zwykla-3","status":"publish","type":"post","link":"https:\/\/www.chnk.pl\/?p=2892","title":{"rendered":"23 Niedziela Zwyk\u0142a"},"content":{"rendered":"\n<p>OG\u0141OSZENIA DUSZPASTERSKIE<br \/>NIEDZIELA XXIII ZWYK\u0141A<br \/>6 wrze\u015bnia 2020 r.<\/p>\n<p>1. Kalendarz liturgiczny: poniedzia\u0142ek \u2013 \u015bw. Merlchiora Grodzickiego, wtorek \u2013 \u015bwi\u0119to Narodzenia NMP, sobota \u2013 wspomnienie Naj\u015bwi\u0119tszego Imienia Maryi<\/p>\n<p>2. Spotkanie \u017bywego R\u00f3\u017ca\u0144ca w \u015brod\u0119, w kaplicy po wieczornej mszy \u015bw.<\/p>\n<p>3. Kr\u0119g Biblijny w \u015brod\u0119 o godz. 18.50 (po mszy \u015bw.) w salce parafialnej<\/p>\n<p>4. I Komunia \u015bw. W sobot\u0119 i w niedziel\u0119 na mszy \u015bw. o godz. 14.00 dwie grupy dzieci przyst\u0105pi\u0105 do I Komunii \u015bw. Pr\u00f3ba liturgiczna w \u015brod\u0119 o godz. 15.00 (grupa sobotnia) i o godz. 16.00 (grupa niedzielna). Druga spowied\u017a \u015bw. w czwartek wg tej samej kolejno\u015bci o godz. 16.00 i i 17.00. Od poniedzia\u0142ku, 14 wrze\u015bnia, Bia\u0142y Tydzie\u0144 dla wszystkich dzieci, kt\u00f3re przyst\u0105pi\u0142y w tym roku do I Komunii \u015bw. w naszej parafii. Wtedy zapraszamy na msz\u0119 \u015bw. o godz. 18.00.<\/p>\n<p>5. Spotkanie duszpasterskie dla m\u0142odzie\u017cy w pi\u0105tek o godz. 19.15 w salce.<\/p>\n<p>6. W \u015bwi\u0119to podwy\u017cszenia Krzy\u017ca \u015bw., 14 wrze\u015bnia, ko\u0144czy si\u0119 wyd\u0142u\u017cony czas spowiedzi i komunii \u015bw. wielkanocnej. Przynaglamy Parafian, kt\u00f3rzy jeszcze nie pojednali si\u0119 z Panem Bogiem w tym czasie, aby z \u017cyw\u0105 wiar\u0105 przyst\u0105pili do sakrament\u00f3w \u015bwi\u0119tych.<\/p>\n<p>7.W przysz\u0142\u0105 niedziel\u0119, go\u015bci\u0107 b\u0119dziemy Misjonarzy Oblat\u00f3w Maryi Niepokalanej, kt\u00f3rzy b\u0119d\u0105 g\u0142osili kazania i rozprowadzali kalendarze misyjne na 2021 r. Ofiary z\u0142o\u017cone przy okazji ich nabywania przeznaczone s\u0105 na misyjn\u0105 dzia\u0142alno\u015b\u0107 Misjonarzy Oblat\u00f3w. B\u00f3g zap\u0142a\u0107 za ofiary z \u201e\u017c\u00f3\u0142tych kartek\u201d na doposa\u017canie naszego ko\u015bcio\u0142a.<\/p>\n<p>8. Zach\u0119camy do obejrzenia filmu \u201eZieja\u201d, kt\u00f3ry mia\u0142 by\u0107 emitowany w kinach w marcu br. Pandemia koronawirusa uniemo\u017cliwi\u0142a prezentacj\u0119 filmu. Informujemy, film wszed\u0142 do kin. \u201eZieja\u201d to film o niezwyk\u0142ym kap\u0142anie, kapelanie wojskowym podczas wojny polsko-rosyjskiej w 1920 roku oraz naczelnym kapelanie Szarych Szereg\u00f3w w czasie Powstania Warszawskiego i wsp\u00f3\u0142za\u0142o\u017cycielu KOR-u, inwigilowanym przez s\u0142u\u017cb\u0119 bezpiecze\u0144stwa PRL. Ks. Zieja swoje \u017cycie opar\u0142 na wierno\u015bci Ewangelii. Wyra\u017ca\u0142a to jego dewiza \u017cyciowa: \u201enie zbijaj nigdy nikogo\u201d.<\/p>\n<p>9 . Zach\u0119camy do czytania prasy katolickiej. Przy zakrystii: Przewodnik Katolicki, Go\u015b\u0107 Niedzielny, Egzorcysta,Ma\u0142y Przewodni Katolicki i Ziarno (dla dzieci)<\/p>\n<p>10. M\u00f3dlmy si\u0119 za zmar\u0142ych parafian. Za dusz\u0119 \u015bp. Haliny Golik, os. Lecha 15. (msza \u015bw. pogrzebowa w poniedzia\u0142ek o godz. 11.00), dusz\u0119 \u015bp. Anny Jedynak, os. Lecha 53 (pogrzeb w Kiekrzu w oraz \u015bp. Przemys\u0142awa Fornalika os. Lecha 129 (msza \u015bw. pogrzebowa we wtorek o godz.9.00). Wieczny odpoczynek racz zmar\u0142ym da\u0107 Panie.<\/p>\n","protected":false},"excerpt":{"rendered":"<p>OG\u0141OSZENIA DUSZPASTERSKIENIEDZIELA XXIII ZWYK\u0141A6 wrze\u015bnia 2020 r. 1. Kalendarz liturgiczny: poniedzia\u0142ek \u2013 \u015bw. Merlchiora Grodzickiego, wtorek \u2013 \u015bwi\u0119to Narodzenia NMP, sobota \u2013 wspomnienie Naj\u015bwi\u0119tszego Imienia Maryi 2. Spotkanie \u017bywego R\u00f3\u017ca\u0144ca w \u015brod\u0119, w kaplicy po wieczornej mszy \u015bw. 3. Kr\u0119g Biblijny w \u015brod\u0119 o godz. 18.50 (po mszy \u015bw.) w salce parafialnej 4. I Komunia &#8230; <span class=\"more\"><a class=\"more-link\" href=\"https:\/\/www.chnk.pl\/?p=2892\">czytaj wi\u0119cej<\/a><\/span><\/p>\n","protected":false},"author":3,"featured_media":0,"comment_status":"open","ping_status":"open","sticky":false,"template":"","format":"standard","meta":{"ngg_post_thumbnail":0,"footnotes":""},"categories":[1],"tags":[],"_links":{"self":[{"href":"https:\/\/www.chnk.pl\/index.php?rest_route=\/wp\/v2\/posts\/2892"}],"collection":[{"href":"https:\/\/www.chnk.pl\/index.php?rest_route=\/wp\/v2\/posts"}],"about":[{"href":"https:\/\/www.chnk.pl\/index.php?rest_route=\/wp\/v2\/types\/post"}],"author":[{"embeddable":true,"href":"https:\/\/www.chnk.pl\/index.php?rest_route=\/wp\/v2\/users\/3"}],"replies":[{"embeddable":true,"href":"https:\/\/www.chnk.pl\/index.php?rest_route=%2Fwp%2Fv2%2Fcomments&post=2892"}],"version-history":[{"count":1,"href":"https:\/\/www.chnk.pl\/index.php?rest_route=\/wp\/v2\/posts\/2892\/revisions"}],"predecessor-version":[{"id":2893,"href":"https:\/\/www.chnk.pl\/index.php?rest_route=\/wp\/v2\/posts\/2892\/revisions\/2893"}],"wp:attachment":[{"href":"https:\/\/www.chnk.pl\/index.php?rest_route=%2Fwp%2Fv2%2Fmedia&parent=2892"}],"wp:term":[{"taxonomy":"category","embeddable":true,"href":"https:\/\/www.chnk.pl\/index.php?rest_route=%2Fwp%2Fv2%2Fcategories&post=2892"},{"taxonomy":"post_tag","embeddable":true,"href":"https:\/\/www.chnk.pl\/index.php?rest_route=%2Fwp%2Fv2%2Ftags&post=2892"}],"curies":[{"name":"wp","href":"https:\/\/api.w.org\/{rel}","templated":true}]}}