{"id":2881,"date":"2020-08-29T18:36:42","date_gmt":"2020-08-29T18:36:42","guid":{"rendered":"http:\/\/www.chnk.pl\/?p=2881"},"modified":"2020-08-29T18:36:42","modified_gmt":"2020-08-29T18:36:42","slug":"22-niedziela-zwykla-3","status":"publish","type":"post","link":"https:\/\/www.chnk.pl\/?p=2881","title":{"rendered":"22 Niedziela Zwyk\u0142a"},"content":{"rendered":"\n<p>OG\u0141OSZENIA DUSZPASTERSKIE<\/p>\n<p>NIEDZIELA XXII ZWYK\u0141A<br \/>30 sierpnia 2020 r.<\/p>\n<p>1. Kalendarz liturgiczny: czwartek \u015bw. Grzegorza Wielkiego.<\/p>\n<p>2. Od wtorku 1 wrze\u015bnia powracamy do tradycyjnych godzin odprawiania mszy \u015bw. w niedziele i dni powszednie, a tak\u017ce godzin urz\u0119dowania Biura Parafialnego (uwaga \u2013 w poniedzia\u0142ek 31 sierpnia jeszcze uk\u0142ad wakacyjny: msza \u015bw. tylko rano o 8:00, a Biuro 9:00\u201310:30). Msze \u015bw. w niedziele o 8:00, 9:30, 11:15, 12:30 i 18:00; w dni powszednie o 8.00 i 18.00; w soboty o 8:00 i 18:00. Nowenna do Matki Bo\u017cej Nieustaj\u0105cej Pomocy w \u015brody po mszy \u015bw. o 18.00; R\u00f3\u017caniec do MB Patronki Dobrej \u015amierci we wtorki o 7.30. Biuro Parafialne: poniedzia\u0142ki 16.00\u201317.30; czwartki 9.00\u201310.30; soboty 19.00\u201320.00. Spowied\u017a w tygodniu p\u00f3\u0142 godziny przed porann\u0105 i wieczorn\u0105 msz\u0105 \u015bw. W soboty p\u00f3\u0142 godziny przed porann\u0105 oraz 16:00\u201318:00. W niedziele przed mszami \u015bw. Spowiadamy nadal w salce parafialnej, wej\u015bcie z dziedzi\u0144ca. Prosimy o zakrywanie ust i nosa. Przy wej\u015bciu na salki znajduje si\u0119 p\u0142yn do dezynfekcji r\u0105k.<\/p>\n<p>3. We wtorek 1 wrze\u015bnia wieczorna msza \u015bw. w intencji ofiar II wojny \u015bwiatowej. 1 wrze\u015bnia to w Ko\u015bciele \u015awiatowy Dzie\u0144 Modlitw o Ochron\u0119 Stworzenia.<\/p>\n<p>4. W tym roku nie b\u0119dzie, jak przed laty, specjalnej mszy \u015bw. szkolnej na rozpocz\u0119cie roku szkolnego. Niemniej zapraszamy dzieci z naszej parafii z klas I-IV na nabo\u017ce\u0144stwo po\u0142\u0105czone z po\u015bwi\u0119ceniem tornistr\u00f3w i przybor\u00f3w szkolnych we wtorek na godz. 16:30. Z kolei dzieci i m\u0142odzie\u017c z klas V-VIII oraz szk\u00f3\u0142 \u015brednich zapraszamy na msz\u0119 \u015bw. w pi\u0105tek o 18:00.<\/p>\n<p>5. Spotkanie dla dzieci, kt\u00f3re przyst\u0105pi\u0105 w najbli\u017cszym czasie do I Komunii \u015bw. w czwartek 3 wrze\u015bnia: o godz. 15:45 grupa z 12 wrze\u015bnia, o godz. 16:45 grupa z 13 wrze\u015bnia.<\/p>\n<p>6. W tym tygodniu przypada I czwartek, I pi\u0105tek i I sobota miesi\u0105ca.<br \/>I czwartek: adoracja Naj\u015bwi\u0119tszego Sakramentu po mszy \u015bw. rannej do 10:30 oraz od godz. 17.00 do 18.00. Uczestnicz\u0105cych w duchowej adopcji zapraszamy na r\u00f3\u017caniec o godz. 17.15 w intencji obrony \u017cycia. Po mszy \u015bw. wieczornej adoracja do godz. 21.00 w intencji zachowania oraz o nowe powo\u0142ania kap\u0142a\u0144skie i zakonne. <br \/>I pi\u0105tek: spowied\u017a \u015bw. od 15.00 do 18.00. Koronka do Mi\u0142osierdzia Bo\u017cego za Ko\u015bci\u00f3\u0142 prze\u015bladowany w ten, jak i wszystkie pi\u0105tki w ci\u0105gu roku, o 17.40. Zapraszamy na msz\u0119 \u015bw. pierwszopi\u0105tkow\u0105 na 18.00. M\u0142odzie\u017c od VII klasy szko\u0142y podstawowej zapraszamy na spotkanie duszpasterstwa m\u0142odzie\u017cy w pi\u0105tek na godz. 19:15 do salki parafialnej.<br \/>I sobota: r\u00f3\u017caniec do Niepokalanego Serca Matki Bo\u017cej o 7.15, nast\u0119pnie msza \u015bw. i nabo\u017ce\u0144stwo. R\u00f3\u017caniec w intencji rodzin o 17:20. Spotkanie Wsp\u00f3lnoty Rodzin o 19:15 \u2013 najpierw adoracja Naj\u015bwi\u0119tszego Sakramentu, potem spotkanie w salce.<br \/>Odwiedziny chorych z sakramentami \u015bw. w pi\u0105tek i w sobot\u0119 wed\u0142ug sta\u0142ego planu.<\/p>\n<p>7. Zach\u0119camy do czytania prasy katolickiej. Przy zakrystii: Przewodnik Katolicki (w numerze modlitewnik \u201e5 minut z Bogiem\u201d na wrzesie\u0144; mo\u017cna naby\u0107 tak\u017ce sam modlitewnik, bez Przewodnika, w cenie 4 z\u0142. Z Przewodnikiem 6 z\u0142), Ma\u0142y Przewodnik Katolicki, Go\u015b\u0107 Niedzielny, Misyjne Drogi, Egzorcysta, gazeta parafialna.<\/p>\n<p>8. M\u00f3dlmy si\u0119 za zmar\u0142ych parafian. Za dusz\u0119 \u015bp. El\u017cbiety B\u0142aszczyk, os. Lecha 68. Msza \u015bw. pogrzebowa we wtorek o godz. 9.30, pogrzeb na Mi\u0142ostowie od ul. Warszawskiej o godz. 11:20. Wieczny odpoczynek racz zmar\u0142ym da\u0107 Panie&#8230;<\/p>\n","protected":false},"excerpt":{"rendered":"<p>OG\u0141OSZENIA DUSZPASTERSKIE NIEDZIELA XXII ZWYK\u0141A30 sierpnia 2020 r. 1. Kalendarz liturgiczny: czwartek \u015bw. Grzegorza Wielkiego. 2. Od wtorku 1 wrze\u015bnia powracamy do tradycyjnych godzin odprawiania mszy \u015bw. w niedziele i dni powszednie, a tak\u017ce godzin urz\u0119dowania Biura Parafialnego (uwaga \u2013 w poniedzia\u0142ek 31 sierpnia jeszcze uk\u0142ad wakacyjny: msza \u015bw. tylko rano o 8:00, a Biuro &#8230; <span class=\"more\"><a class=\"more-link\" href=\"https:\/\/www.chnk.pl\/?p=2881\">czytaj wi\u0119cej<\/a><\/span><\/p>\n","protected":false},"author":3,"featured_media":0,"comment_status":"open","ping_status":"open","sticky":false,"template":"","format":"standard","meta":{"ngg_post_thumbnail":0,"footnotes":""},"categories":[1],"tags":[],"_links":{"self":[{"href":"https:\/\/www.chnk.pl\/index.php?rest_route=\/wp\/v2\/posts\/2881"}],"collection":[{"href":"https:\/\/www.chnk.pl\/index.php?rest_route=\/wp\/v2\/posts"}],"about":[{"href":"https:\/\/www.chnk.pl\/index.php?rest_route=\/wp\/v2\/types\/post"}],"author":[{"embeddable":true,"href":"https:\/\/www.chnk.pl\/index.php?rest_route=\/wp\/v2\/users\/3"}],"replies":[{"embeddable":true,"href":"https:\/\/www.chnk.pl\/index.php?rest_route=%2Fwp%2Fv2%2Fcomments&post=2881"}],"version-history":[{"count":1,"href":"https:\/\/www.chnk.pl\/index.php?rest_route=\/wp\/v2\/posts\/2881\/revisions"}],"predecessor-version":[{"id":2882,"href":"https:\/\/www.chnk.pl\/index.php?rest_route=\/wp\/v2\/posts\/2881\/revisions\/2882"}],"wp:attachment":[{"href":"https:\/\/www.chnk.pl\/index.php?rest_route=%2Fwp%2Fv2%2Fmedia&parent=2881"}],"wp:term":[{"taxonomy":"category","embeddable":true,"href":"https:\/\/www.chnk.pl\/index.php?rest_route=%2Fwp%2Fv2%2Fcategories&post=2881"},{"taxonomy":"post_tag","embeddable":true,"href":"https:\/\/www.chnk.pl\/index.php?rest_route=%2Fwp%2Fv2%2Ftags&post=2881"}],"curies":[{"name":"wp","href":"https:\/\/api.w.org\/{rel}","templated":true}]}}