{"id":2878,"date":"2020-08-23T14:45:35","date_gmt":"2020-08-23T14:45:35","guid":{"rendered":"http:\/\/www.chnk.pl\/?p=2878"},"modified":"2020-08-23T14:45:35","modified_gmt":"2020-08-23T14:45:35","slug":"21-niedziela-zwykla-2","status":"publish","type":"post","link":"https:\/\/www.chnk.pl\/?p=2878","title":{"rendered":"21 Niedziela Zwyk\u0142a"},"content":{"rendered":"\n<p>OG\u0141OSZENIA DUSZPASTERSKIE<br \/>NIEDZIELA XXI ZWYK\u0141A<br \/>23 sierpnia 2020 r.<\/p>\n<p>1. Kalendarz liturgiczny: poniedzia\u0142ek \u015bw. Bart\u0142omieja Aposto\u0142a, \u015broda Uroczysto\u015b\u0107 NMP Cz\u0119stochowskiej (po mszy \u015bw. o 8:00 odnowienie Jasnog\u00f3rskich \u015alub\u00f3w Narodu), czwartek \u015bw. Moniki, pi\u0105tek \u015bw. Augustyna, sobota M\u0119cze\u0144stwo \u015bw. Jana Chrzciciela.<br \/>2. Sobotnia spowied\u017a \u015bw. wyj\u0105tkowo nie od godz. 16:00, ale od 17:00 (do wieczornej mszy \u015bw.). Poza tym bez zmian: w tygodniu p\u00f3\u0142 godziny przed msz\u0105 \u015bw., w niedziele przed mszami \u015bw. Spowiadamy ca\u0142y czas w salce parafialnej, wej\u015bcie z dziedzi\u0144ca. Prosimy o zakrywanie ust i nosa na czas spowiedzi \u015bw. W przedsionku salki parafialnej znajduje si\u0119 p\u0142yn do dezynfekcji r\u0105k.<br \/>3. Przypominamy, \u017ce abp Stanis\u0142aw G\u0105decki przed\u0142u\u017cy\u0142 czas Komunii \u015bw. wielkanocnej do 14 wrze\u015bnia br. w\u0142\u0105cznie.<br \/>4. Zach\u0119camy do czytania prasy katolickiej. Przewodnik Katolicki, Ma\u0142y Przewodnik Katolicki, Egzorcysta, Misyjne Drogi i Go\u015b\u0107 Niedzielny.<br \/>5. M\u00f3dlmy si\u0119 za zmar\u0142ych parafian. Za dusz\u0119 \u015bp. Bo\u017ceny S\u0142odkiewicz (os. Lecha 126) \u2013 pogrzeb odby\u0142 si\u0119 w ubieg\u0142ym tygodniu; za dusz\u0119 \u015bp. Przemys\u0142awa Fornalika (os. Lecha 129); za dusz\u0119 \u015bp. Alicji \u015awito (os. Lecha 129) \u2013 pogrzeb odby\u0142 si\u0119 w ubieg\u0142ym tygodniu; za dusz\u0119 \u015bp. Janusza Pieszaka (os. Lecha 12) \u2013 msza \u015bw. pogrzebowa i pogrzeb odb\u0119dzie si\u0119 we wtorek o godz. 11:00 na ul. Bluszczowej.<\/p>\n<p><br \/>INFORMACJE STA\u0141E NA LIPIEC I SIERPIE\u0143 <br \/>A. W lipcu i w sierpniu zmienione godziny odprawiania Mszy \u015bw. w niedziele i dni powszednie oraz zmienione godziny urz\u0119dowania Biura Parafialnego. W niedziele wakacyjne nie ma mszy \u015bw. o godz. 12.30. <br \/>Msza \u015bw. o godz. 8.00 w poniedzia\u0142ek, \u015brod\u0119 i pi\u0105tek<br \/>o godz.18.00 we wtorek, czwartek i sobot\u0119.<br \/>Nowenna do Matki Bo\u017cej Nieustaj\u0105cej Pomocy w \u015brod\u0119 o godz. 8.00<br \/>R\u00f3\u017caniec do Matki Bo\u017cej Patronki Dobrej \u015amierci we wtorek o godz. 17.30<br \/>Biuro Parafialne: poniedzia\u0142ek godz. 9.00 do 10.30, czwartek godz. 16.00 do 17.30 i sobota godz. 19.00 do 20.00.<br \/>B. Msza \u015bw. niedzielna w godzinach p\u00f3\u017aniejszych w najbli\u017cszych parafiach: Parafia Pierwszych Polskich M\u0119czennik\u00f3w, os. Tysi\u0105clecia &#8211; godz. 20.00 i Parafia \u015bw. \u0141ukasza, os. Rusa &#8211; godz. 20.30<br \/>C. Spowied\u017a \u015bw. p\u00f3\u0142 godziny przed Msz\u0105 \u015bw. i w sobot\u0119 od godz. 16.00 &#8211; 18.00. <\/p>\n","protected":false},"excerpt":{"rendered":"<p>OG\u0141OSZENIA DUSZPASTERSKIENIEDZIELA XXI ZWYK\u0141A23 sierpnia 2020 r. 1. Kalendarz liturgiczny: poniedzia\u0142ek \u015bw. Bart\u0142omieja Aposto\u0142a, \u015broda Uroczysto\u015b\u0107 NMP Cz\u0119stochowskiej (po mszy \u015bw. o 8:00 odnowienie Jasnog\u00f3rskich \u015alub\u00f3w Narodu), czwartek \u015bw. Moniki, pi\u0105tek \u015bw. Augustyna, sobota M\u0119cze\u0144stwo \u015bw. Jana Chrzciciela.2. Sobotnia spowied\u017a \u015bw. wyj\u0105tkowo nie od godz. 16:00, ale od 17:00 (do wieczornej mszy \u015bw.). Poza tym &#8230; <span class=\"more\"><a class=\"more-link\" href=\"https:\/\/www.chnk.pl\/?p=2878\">czytaj wi\u0119cej<\/a><\/span><\/p>\n","protected":false},"author":3,"featured_media":0,"comment_status":"open","ping_status":"open","sticky":false,"template":"","format":"standard","meta":{"ngg_post_thumbnail":0,"footnotes":""},"categories":[1],"tags":[],"_links":{"self":[{"href":"https:\/\/www.chnk.pl\/index.php?rest_route=\/wp\/v2\/posts\/2878"}],"collection":[{"href":"https:\/\/www.chnk.pl\/index.php?rest_route=\/wp\/v2\/posts"}],"about":[{"href":"https:\/\/www.chnk.pl\/index.php?rest_route=\/wp\/v2\/types\/post"}],"author":[{"embeddable":true,"href":"https:\/\/www.chnk.pl\/index.php?rest_route=\/wp\/v2\/users\/3"}],"replies":[{"embeddable":true,"href":"https:\/\/www.chnk.pl\/index.php?rest_route=%2Fwp%2Fv2%2Fcomments&post=2878"}],"version-history":[{"count":1,"href":"https:\/\/www.chnk.pl\/index.php?rest_route=\/wp\/v2\/posts\/2878\/revisions"}],"predecessor-version":[{"id":2879,"href":"https:\/\/www.chnk.pl\/index.php?rest_route=\/wp\/v2\/posts\/2878\/revisions\/2879"}],"wp:attachment":[{"href":"https:\/\/www.chnk.pl\/index.php?rest_route=%2Fwp%2Fv2%2Fmedia&parent=2878"}],"wp:term":[{"taxonomy":"category","embeddable":true,"href":"https:\/\/www.chnk.pl\/index.php?rest_route=%2Fwp%2Fv2%2Fcategories&post=2878"},{"taxonomy":"post_tag","embeddable":true,"href":"https:\/\/www.chnk.pl\/index.php?rest_route=%2Fwp%2Fv2%2Ftags&post=2878"}],"curies":[{"name":"wp","href":"https:\/\/api.w.org\/{rel}","templated":true}]}}