{"id":2874,"date":"2020-08-15T19:29:11","date_gmt":"2020-08-15T19:29:11","guid":{"rendered":"http:\/\/www.chnk.pl\/?p=2874"},"modified":"2020-08-15T19:29:11","modified_gmt":"2020-08-15T19:29:11","slug":"20-niedziela-zwykl","status":"publish","type":"post","link":"https:\/\/www.chnk.pl\/?p=2874","title":{"rendered":"20 Niedziela Zwyk\u0142"},"content":{"rendered":"\n<p>OG\u0141OSZENIA DUSZPASTERSKIE<br \/>NIEDZIELA XX ZWYK\u0141A<br \/>16 sierpnia 2020 r.<\/p>\n<p><br \/>1. Kalendarz liturgiczny: poniedzia\u0142ek \u015bw. Jacka, wtorek b\u0142. Sancji Szymkowiak, czwartek \u015bw. Bernarda opata, pi\u0105tek Piusa X papie\u017ca, sobota NMP Kr\u00f3lowej.<br \/>2. Dzisiejsza niedziela z inicjatywy abp. Stanis\u0142awa G\u0105deckiego jest Dniem solidarno\u015bci z mieszka\u0144cami Bejrutu, w kt\u00f3rym 4 sierpnia dosz\u0142o do tragicznej w skutkach pot\u0119\u017cnej eksplozji materia\u0142\u00f3w wybuchowych. Modlimy si\u0119 za zmar\u0142ych i poszkodowanych. Dzisiaj przed ko\u015bcio\u0142em, po wszystkich mszach \u015bw., zbi\u00f3rka do puszek \u015brodk\u00f3w finansowych, kt\u00f3re za po\u015brednictwem Caritas Polska, zostan\u0105 przekazane na rzecz poszkodowanych.<br \/>3. Wydawanie \u017cywno\u015bci przez nasz Parafialny Zesp\u00f3\u0142 Caritas w poniedzia\u0142ek 17 sierpnia o godz. 17:00, wej\u015bcie z dziedzi\u0144ca. Zapraszamy osoby potrzebuj\u0105ce wsparcia.<br \/>4. Procesja salety\u0144ska w \u015brod\u0119 po mszy \u015bw. o godz. 8.00.<br \/>5. W czwartek po wieczornej mszy \u015bw. p\u00f3\u0142godzinna Adoracja Naj\u015bwi\u0119tszego Sakramentu.<br \/>6. M\u0142odzie\u017c zapraszamy na spotkanie w pi\u0105tek na godz. 19:15 do salki.<br \/>7. Organizacja Narod\u00f3w Zjednoczonych ustanowi\u0142a 22 sierpnia Mi\u0119dzynarodowym Dniem Upami\u0119tniaj\u0105cym Ofiary Akt\u00f3w Przemocy ze wzgl\u0119du na Religi\u0119 lub Wyznanie. W Polsce organizacj\u0105 i przygotowaniem obchod\u00f3w tego dnia Pami\u0119ci jest Laboratorium Wolno\u015bci Religijnej. Szczeg\u00f3\u0142y na stronie internetowej www.laboratoriumwolnosci.pl.<br \/>8. Zach\u0119camy do czytania prasy katolickiej. Przewodnik Katolicki, Ma\u0142y Przewodnik Katolicki, Egzorcysta i Go\u015b\u0107 Niedzielny.<br \/>9. M\u00f3dlmy si\u0119 za zmar\u0142ych parafian. Za dusz\u0119 \u015bp. Jana Lembicza, pogrzeb odby\u0142 si\u0119 w ubieg\u0142ym tygodniu.<\/p>\n<p>INFORMACJE STA\u0141E NA LIPIEC I SIERPIE\u0143<br \/>A. W lipcu i w sierpniu zmienione godziny odprawiania Mszy \u015bw. w niedziele i dni powszednie oraz zmienione godziny urz\u0119dowania Biura Parafialnego. W niedziele wakacyjne nie ma mszy \u015bw. o godz. 12.30.<br \/>Msza \u015bw. o godz. 8.00 w poniedzia\u0142ek, \u015brod\u0119 i pi\u0105tek<br \/>o godz.18.00 we wtorek, czwartek i sobot\u0119.<br \/>Nowenna do Matki Bo\u017cej Nieustaj\u0105cej Pomocy w \u015brod\u0119 o godz. 8.00<br \/>R\u00f3\u017caniec do Matki Bo\u017cej Patronki Dobrej \u015amierci we wtorek o godz. 17.30<br \/>Biuro Parafialne: poniedzia\u0142ek godz. 9.00 do 10.30, czwartek godz. 16.00 do 17.30 i sobota godz. 19.00 do 20.00.<br \/>B. Msza \u015bw. niedzielna w godzinach p\u00f3\u017aniejszych w najbli\u017cszych parafiach: Parafia Pierwszych Polskich M\u0119czennik\u00f3w, os. Tysi\u0105clecia &#8211; godz. 20.00 i Parafia \u015bw. \u0141ukasza, os. Rusa &#8211; godz. 20.30<br \/>C. Spowied\u017a \u015bw. p\u00f3\u0142 godziny przed Msz\u0105 \u015bw. i w sobot\u0119 od godz. 16.00 &#8211; 18.00. <\/p>\n","protected":false},"excerpt":{"rendered":"<p>OG\u0141OSZENIA DUSZPASTERSKIENIEDZIELA XX ZWYK\u0141A16 sierpnia 2020 r. 1. Kalendarz liturgiczny: poniedzia\u0142ek \u015bw. Jacka, wtorek b\u0142. Sancji Szymkowiak, czwartek \u015bw. Bernarda opata, pi\u0105tek Piusa X papie\u017ca, sobota NMP Kr\u00f3lowej.2. Dzisiejsza niedziela z inicjatywy abp. Stanis\u0142awa G\u0105deckiego jest Dniem solidarno\u015bci z mieszka\u0144cami Bejrutu, w kt\u00f3rym 4 sierpnia dosz\u0142o do tragicznej w skutkach pot\u0119\u017cnej eksplozji materia\u0142\u00f3w wybuchowych. Modlimy &#8230; <span class=\"more\"><a class=\"more-link\" href=\"https:\/\/www.chnk.pl\/?p=2874\">czytaj wi\u0119cej<\/a><\/span><\/p>\n","protected":false},"author":3,"featured_media":0,"comment_status":"open","ping_status":"open","sticky":false,"template":"","format":"standard","meta":{"ngg_post_thumbnail":0,"footnotes":""},"categories":[1],"tags":[],"_links":{"self":[{"href":"https:\/\/www.chnk.pl\/index.php?rest_route=\/wp\/v2\/posts\/2874"}],"collection":[{"href":"https:\/\/www.chnk.pl\/index.php?rest_route=\/wp\/v2\/posts"}],"about":[{"href":"https:\/\/www.chnk.pl\/index.php?rest_route=\/wp\/v2\/types\/post"}],"author":[{"embeddable":true,"href":"https:\/\/www.chnk.pl\/index.php?rest_route=\/wp\/v2\/users\/3"}],"replies":[{"embeddable":true,"href":"https:\/\/www.chnk.pl\/index.php?rest_route=%2Fwp%2Fv2%2Fcomments&post=2874"}],"version-history":[{"count":1,"href":"https:\/\/www.chnk.pl\/index.php?rest_route=\/wp\/v2\/posts\/2874\/revisions"}],"predecessor-version":[{"id":2875,"href":"https:\/\/www.chnk.pl\/index.php?rest_route=\/wp\/v2\/posts\/2874\/revisions\/2875"}],"wp:attachment":[{"href":"https:\/\/www.chnk.pl\/index.php?rest_route=%2Fwp%2Fv2%2Fmedia&parent=2874"}],"wp:term":[{"taxonomy":"category","embeddable":true,"href":"https:\/\/www.chnk.pl\/index.php?rest_route=%2Fwp%2Fv2%2Fcategories&post=2874"},{"taxonomy":"post_tag","embeddable":true,"href":"https:\/\/www.chnk.pl\/index.php?rest_route=%2Fwp%2Fv2%2Ftags&post=2874"}],"curies":[{"name":"wp","href":"https:\/\/api.w.org\/{rel}","templated":true}]}}