{"id":2863,"date":"2020-08-08T18:04:10","date_gmt":"2020-08-08T18:04:10","guid":{"rendered":"http:\/\/www.chnk.pl\/?p=2863"},"modified":"2020-08-08T18:04:10","modified_gmt":"2020-08-08T18:04:10","slug":"19-niedziela-zwykla-3","status":"publish","type":"post","link":"https:\/\/www.chnk.pl\/?p=2863","title":{"rendered":"19 Niedziela Zwyk\u0142a"},"content":{"rendered":"\n<p>OG\u0141OSZENIA DUSZPASTERSKIE<br \/>NIEDZIELA XIX ZWYK\u0141A<br \/>9 sierpnia 2020 r.<\/p>\n<p><br \/>1. Apel Przewodnicz\u0105cego Konferencji Episkopatu Polski o przestrzeganie zalece\u0144 sanitarnych<br \/>2. Kalendarz liturgiczny: poniedzia\u0142ek \u015bw. Wawrzy\u0144ca, wtorek \u015bw. Klary, pi\u0105tek \u015bw. Maksymiliana Marii Kolbego.<br \/>W sobot\u0119 15 sierpnia Uroczysto\u015b\u0107 Wniebowzi\u0119cia NMP, msze \u015bw. z uroczysto\u015bci:<br \/>\u2022 w pi\u0105tek 14 wrze\u015bnia wieczorna msza \u015bw. o 18:00<br \/>\u2022 w sobot\u0119 15 sierpnia msze \u015bw. tak jak w niedziele wakacyjne (wieczorna msza \u015bw. tak\u017ce z uroczysto\u015bci Wniebowzi\u0119cia NMP).<br \/>Na ka\u017cdej mszy \u015bw. z uroczysto\u015bci b\u0142ogos\u0142awie\u0144stwo zi\u00f3\u0142 i kwiat\u00f3w. Caritas tego dnia b\u0119dzie rozprowadza\u0107 zio\u0142a i zbiera\u0107 ofiary do puszek na Caritas Archidiecezjaln\u0105.<br \/>15 sierpnia przypada te\u017c 100. rocznica Bitwy Warszawskiej \u2013 Cudu nad Wis\u0142\u0105. Pami\u0119tajmy w modlitwie o naszej Ojczy\u017anie.<br \/>3. Dzisiejsza sk\u0142adka przeznaczona jest na KUL, WT UAM i szko\u0142y katolickie.<br \/>4. Przysz\u0142a niedziela 16 sierpnia br. z inicjatywy abp. Stanis\u0142awa G\u0105deckiego b\u0119dzie Dniem solidarno\u015bci z mieszka\u0144cami Bejrutu, w kt\u00f3rym 4 sierpnia dosz\u0142o do tragicznej w skutkach pot\u0119\u017cnej eksplozji materia\u0142\u00f3w wybuchowych. Modlimy si\u0119 za zmar\u0142ych i poszkodowanych. W niedziel\u0119 16 sierpnia przed ko\u015bcio\u0142em, po wszystkich mszach \u015bw., zbi\u00f3rka do puszek \u015brodk\u00f3w finansowych, kt\u00f3re za po\u015brednictwem Caritas Polska, zostan\u0105 przekazane na rzecz poszkodowanych.<br \/>5. W czwartek po wieczornej mszy \u015bw. p\u00f3\u0142godzinna Adoracja Naj\u015bwi\u0119tszego Sakramentu.<br \/>6. W tym tygodniu sprz\u0105tanie ko\u015bcio\u0142a w czwartek po wieczornej mszy \u015bw. i Adoracji.<br \/>7. Zach\u0119camy do czytania prasy katolickiej. Przewodnik Katolicki, Ma\u0142y Przewodnik Katolicki, Egzorcysta i Go\u015b\u0107 Niedzielny.<\/p>\n<p>INFORMACJE STA\u0141E NA LIPIEC I SIERPIE\u0143<br \/>A. W lipcu i w sierpniu zmienione godziny odprawiania Mszy \u015bw. w niedziele i dni powszednie oraz zmienione godziny urz\u0119dowania Biura Parafialnego. W niedziele wakacyjne nie ma mszy \u015bw. o godz. 12.30.<br \/>Msza \u015bw. o godz. 8.00 w poniedzia\u0142ek, \u015brod\u0119 i pi\u0105tek<br \/>o godz. 18.00 we wtorek, czwartek i sobot\u0119.<br \/>Nowenna do Matki Bo\u017cej Nieustaj\u0105cej Pomocy w \u015brod\u0119 o godz. 8.00<br \/>R\u00f3\u017caniec do Matki Bo\u017cej Patronki Dobrej \u015amierci we wtorek o godz. 17.30<br \/>Biuro Parafialne: poniedzia\u0142ek godz. 9.00 do 10.30, czwartek godz. 16.00 do 17.30 i sobota godz. 19.00 do 20.00.<br \/>B. Msza \u015bw. niedzielna w godzinach p\u00f3\u017aniejszych w najbli\u017cszych parafiach: Parafia Pierwszych Polskich M\u0119czennik\u00f3w, os. Tysi\u0105clecia &#8211; godz. 20.00 i Parafia \u015bw. \u0141ukasza, os. Rusa &#8211; godz. 20.30<br \/>C. Spowied\u017a \u015bw. p\u00f3\u0142 godziny przed Msz\u0105 \u015bw. i w sobot\u0119 od godz. 16.00 &#8211; 18.00. <\/p>\n","protected":false},"excerpt":{"rendered":"<p>OG\u0141OSZENIA DUSZPASTERSKIENIEDZIELA XIX ZWYK\u0141A9 sierpnia 2020 r. 1. Apel Przewodnicz\u0105cego Konferencji Episkopatu Polski o przestrzeganie zalece\u0144 sanitarnych2. Kalendarz liturgiczny: poniedzia\u0142ek \u015bw. Wawrzy\u0144ca, wtorek \u015bw. Klary, pi\u0105tek \u015bw. Maksymiliana Marii Kolbego.W sobot\u0119 15 sierpnia Uroczysto\u015b\u0107 Wniebowzi\u0119cia NMP, msze \u015bw. z uroczysto\u015bci:\u2022 w pi\u0105tek 14 wrze\u015bnia wieczorna msza \u015bw. o 18:00\u2022 w sobot\u0119 15 sierpnia msze \u015bw. &#8230; <span class=\"more\"><a class=\"more-link\" href=\"https:\/\/www.chnk.pl\/?p=2863\">czytaj wi\u0119cej<\/a><\/span><\/p>\n","protected":false},"author":3,"featured_media":0,"comment_status":"open","ping_status":"open","sticky":false,"template":"","format":"standard","meta":{"ngg_post_thumbnail":0,"footnotes":""},"categories":[1],"tags":[],"_links":{"self":[{"href":"https:\/\/www.chnk.pl\/index.php?rest_route=\/wp\/v2\/posts\/2863"}],"collection":[{"href":"https:\/\/www.chnk.pl\/index.php?rest_route=\/wp\/v2\/posts"}],"about":[{"href":"https:\/\/www.chnk.pl\/index.php?rest_route=\/wp\/v2\/types\/post"}],"author":[{"embeddable":true,"href":"https:\/\/www.chnk.pl\/index.php?rest_route=\/wp\/v2\/users\/3"}],"replies":[{"embeddable":true,"href":"https:\/\/www.chnk.pl\/index.php?rest_route=%2Fwp%2Fv2%2Fcomments&post=2863"}],"version-history":[{"count":1,"href":"https:\/\/www.chnk.pl\/index.php?rest_route=\/wp\/v2\/posts\/2863\/revisions"}],"predecessor-version":[{"id":2864,"href":"https:\/\/www.chnk.pl\/index.php?rest_route=\/wp\/v2\/posts\/2863\/revisions\/2864"}],"wp:attachment":[{"href":"https:\/\/www.chnk.pl\/index.php?rest_route=%2Fwp%2Fv2%2Fmedia&parent=2863"}],"wp:term":[{"taxonomy":"category","embeddable":true,"href":"https:\/\/www.chnk.pl\/index.php?rest_route=%2Fwp%2Fv2%2Fcategories&post=2863"},{"taxonomy":"post_tag","embeddable":true,"href":"https:\/\/www.chnk.pl\/index.php?rest_route=%2Fwp%2Fv2%2Ftags&post=2863"}],"curies":[{"name":"wp","href":"https:\/\/api.w.org\/{rel}","templated":true}]}}