{"id":2848,"date":"2020-07-25T15:23:32","date_gmt":"2020-07-25T15:23:32","guid":{"rendered":"http:\/\/www.chnk.pl\/?p=2848"},"modified":"2020-07-25T15:23:32","modified_gmt":"2020-07-25T15:23:32","slug":"17-niedziela-zwykla-3","status":"publish","type":"post","link":"https:\/\/www.chnk.pl\/?p=2848","title":{"rendered":"17 Niedziela Zwyk\u0142a"},"content":{"rendered":"\n<p>OG\u0141OSZENIA DUSZPASTERSKIE<br \/>NIEDZIELA XVII ZWYK\u0141A<br \/>26 lipca 2020 r.<br \/>1.Kalendarz liturgiczny: wtorek &#8211; \u015bw. Charbela Makhlufa, \u015broda \u2013 \u015bw. Marty, pi\u0105tek \u2013 \u015bw. Ignacego z Loyoli, sobota &#8211; Alfonsa Marii Liguoriego.<br \/>2. B\u0142ogos\u0142awie\u0144stwo kierowc\u00f3w i pojazd\u00f3w mechanicznych we wspomnienie liturgiczne \u015bw. Krzysztofa: w niedziel\u0119 po mszy \u015bw. o godz. 9.30, 11.15 i 18.00. Przy tej okazji mo\u017cliwo\u015b\u0107 z\u0142o\u017cenia ofiary na \u015brodki transportu dla misjonarzy.<br \/>3. Rozpoczynamy sierpie\u0144 &#8211; miesi\u0105c \u015bwi\u0105t maryjnych i narodowych rocznic. Zechciejmy powstrzyma\u0107 si\u0119 od spo\u017cywania alkoholu. Wszystkich trwaj\u0105cych w trze\u017awo\u015bci zach\u0119camy do postawy wynagrodzenia Panu Bogu za pija\u0144stwo i do modlitwy za cierpi\u0105cych i poszkodowanych z powodu pija\u0144stwa. Grupa AA spotyka si\u0119 w naszej salce parafialnej we wtorki o godz. 19.00 i jest otwarta na tych, kt\u00f3rzy szukaj\u0105 pomocy do \u017cycia w trze\u017awo\u015bci.<br \/>4. Spotkanie wsp\u00f3lnoty r\u00f3\u017ca\u0144cowej we wtorek po mszy \u015bw. o godz. 18.00.<br \/>5. W tym tygodniu I sobota miesi\u0105ca. W sobot\u0119 nabo\u017ce\u0144stwo do Niepokalanego Serca Matki Bo\u017cej o godz. 7.15. Odwiedziny chorych z sakramentami \u015bw. w pi\u0105tek 7 sierpnia i w sobot\u0119 8 sierpnia. Nowe zg\u0142oszenia w zakrystii.<br \/>6. Od soboty, 1 sierpnia, godz. 12.00 do niedzieli, 2 sierpnia godz. 24.00 we wszystkich ko\u015bcio\u0142ach parafialnych mo\u017cna dost\u0105pi\u0107 dla siebie lub dla zmar\u0142ego jeden raz odpustu zupe\u0142nego Porcjunkuli za pobo\u017cne nawiedzenie tego\u017c ko\u015bcio\u0142a z r\u00f3wnoczesnym zm\u00f3wieniem Ojcze nasz i Wierz\u0119 w Boga.<br \/>7. Trwa rekrutacja do Publicznej Szko\u0142y Podstawowej Nr 1 im. B\u0142. Natalii Tu\u0142asiewicz, Publicznego Liceum Og\u00f3lnokszta\u0142c\u0105cego im. Kard. Augusta Hlonda i Niepublicznego Przedszkola Katolickiego Stowarzyszenia Wychowawc\u00f3w w Poznaniu przy ul. Mi\u0144skiej 32. Atutami szk\u00f3\u0142 s\u0105 wspania\u0142a atmosfera, wychowanie oparte na warto\u015bciach chrze\u015bcija\u0144skich, wysokie wyniki nauczania, ma\u0142oliczne klasy, wspania\u0142a kadra.<br \/>8. B\u00f3g zap\u0142a\u0107 za ofiary z\u0142o\u017cone na doposa\u017canie naszego Ko\u015bcio\u0142a. B\u00f3g zap\u0142a\u0107 za ofiary sk\u0142adane przez kierowc\u00f3w na \u015brodki transportu dla misjonarzy.<br \/>9. Zach\u0119camy do czytania prasy katolickiej. Przewodnik Katolicki (z modlitewnikiem na sierpie\u0144), Ma\u0142y Przewodnik Katolicki, Egzorcysta i Go\u015b\u0107 Niedzielny.<br \/>10. M\u00f3dlmy si\u0119 za zmar\u0142ych parafian. Za dusz\u0119 \u015bp. Kazimierza Jarz\u0119bowskiego (Pogrzeb w poniedzia\u0142ek: r\u00f3\u017caniec o godz. 10.30, msza \u015bw. godz. 11.00 i pogrzeb na Mi\u0142ostowie od ul. Warszawskiej o godz. 13.30), za \u015bp. Tadeusza Johna, os. Lecha 66, i dusz\u0119 \u015bp. ks. Hieronima Nowaka (pogrzeb odby\u0142 si\u0119 w Kutnie). Wieczny odpoczynek racz zmar\u0142ym da\u0107 Panie.<br \/>INFORMACJE STA\u0141E NA LIPIEC I SIERPIE\u0143 <br \/>A. W niedziele wakacyjne nie ma mszy \u015bw. o godz. 12.30.<br \/>Msza \u015bw. o godz. 8.00 w poniedzia\u0142ek, \u015brod\u0119 i pi\u0105tek<br \/>o godz.18.00 we wtorek, czwartek i sobot\u0119.<br \/>Biuro Parafialne: poniedzia\u0142ek godz. 9.00 do 10.30, czwartek godz. 16.00 do 17.30 i sobota godz. 19.00 do 20.00.<br \/>B. Msza \u015bw. niedzielna w godzinach p\u00f3\u017aniejszych w najbli\u017cszych parafiach: Parafia Pierwszych Polskich M\u0119czennik\u00f3w, os. Tysi\u0105clecia &#8211; godz. 20.00 i Parafia \u015bw. \u0141ukasza, os. Rusa &#8211; godz. 20.30<br \/>C. Spowied\u017a \u015bw. p\u00f3\u0142 godziny przed Msz\u0105 \u015bw. i w sobot\u0119 od godz. 16.00 &#8211; 18.00. <\/p>\n<p><br \/>INFORMACJE STA\u0141E NA LIPIEC I SIERPIE\u0143<br \/>A. W sierpniu zmienione godziny odprawiania Mszy \u015bw. w niedziele oraz zmienione godziny urz\u0119dowania Biura Parafialnego.<br \/>W niedziele wakacyjne nie ma mszy \u015bw. o godz. 12.30.<br \/>Msza \u015bw. w dni powszednie o godz. 8.00 i 18.00.<br \/>Nowenna do Matki Bo\u017cej Nieustaj\u0105cej Pomocy w \u015brod\u0119 o godz. 8.00<br \/>R\u00f3\u017caniec do Matki Bo\u017cej Patronki Dobrej \u015amierci i Nowenna do \u015bw. J\u00f3zefa we wtorek o godz. 17.30<br \/>Biuro Parafialne: poniedzia\u0142ek godz. 9.00 do 10.30,<br \/>czwartek godz. 16.00 do 17.30<br \/>sobota godz. 19.00 do 20.00.<br \/>B. Msza \u015bw. niedzielna w godzinach p\u00f3\u017aniejszych w najbli\u017cszych parafiach. Parafia Pierwszych Polskich M\u0119czennik\u00f3w, os. Tysi\u0105clecia &#8211; godz. 20.00 i Parafia \u015bw. \u0141ukasza, os. Rusa &#8211; godz. 20.30<br \/>C. Grupa Anonimowych Alkoholik\u00f3w spotyka si\u0119 w ka\u017cdy wtorek o godz. 19.00 w salce parafialnej.<br \/>D. Spowied\u017a \u015bw. p\u00f3\u0142 godziny przed Msz\u0105 \u015bw. i w sobot\u0119 od godz. 16.00-18.00.<br \/>E. Dzieci wyje\u017cd\u017caj\u0105ce na kolonie powinny zabra\u0107 pisemne o\u015bwiadczenie rodzic\u00f3w, i\u017c jest ich wol\u0105, aby dziecko uczestniczy\u0142o w niedzielnej Mszy \u015bw.<br \/>F. Spowied\u017a \u015bw. p\u00f3\u0142 godziny przed Msz\u0105 \u015bw. i w sobot\u0119 od godz. 16.00-18.00. <br \/><br \/>Prosimy o podawanie intencji mszalnych, uprzednio zarezerwowanych, na lipiec i sierpie\u0144. Mo\u017cna to uczyni\u0107 w niedziel\u0119, po Mszy \u015bw., w zakrystii.<\/p>\n","protected":false},"excerpt":{"rendered":"<p>OG\u0141OSZENIA DUSZPASTERSKIENIEDZIELA XVII ZWYK\u0141A26 lipca 2020 r.1.Kalendarz liturgiczny: wtorek &#8211; \u015bw. Charbela Makhlufa, \u015broda \u2013 \u015bw. Marty, pi\u0105tek \u2013 \u015bw. Ignacego z Loyoli, sobota &#8211; Alfonsa Marii Liguoriego.2. B\u0142ogos\u0142awie\u0144stwo kierowc\u00f3w i pojazd\u00f3w mechanicznych we wspomnienie liturgiczne \u015bw. Krzysztofa: w niedziel\u0119 po mszy \u015bw. o godz. 9.30, 11.15 i 18.00. Przy tej okazji mo\u017cliwo\u015b\u0107 z\u0142o\u017cenia ofiary &#8230; <span class=\"more\"><a class=\"more-link\" href=\"https:\/\/www.chnk.pl\/?p=2848\">czytaj wi\u0119cej<\/a><\/span><\/p>\n","protected":false},"author":3,"featured_media":0,"comment_status":"open","ping_status":"open","sticky":false,"template":"","format":"standard","meta":{"ngg_post_thumbnail":0,"footnotes":""},"categories":[1],"tags":[],"_links":{"self":[{"href":"https:\/\/www.chnk.pl\/index.php?rest_route=\/wp\/v2\/posts\/2848"}],"collection":[{"href":"https:\/\/www.chnk.pl\/index.php?rest_route=\/wp\/v2\/posts"}],"about":[{"href":"https:\/\/www.chnk.pl\/index.php?rest_route=\/wp\/v2\/types\/post"}],"author":[{"embeddable":true,"href":"https:\/\/www.chnk.pl\/index.php?rest_route=\/wp\/v2\/users\/3"}],"replies":[{"embeddable":true,"href":"https:\/\/www.chnk.pl\/index.php?rest_route=%2Fwp%2Fv2%2Fcomments&post=2848"}],"version-history":[{"count":1,"href":"https:\/\/www.chnk.pl\/index.php?rest_route=\/wp\/v2\/posts\/2848\/revisions"}],"predecessor-version":[{"id":2849,"href":"https:\/\/www.chnk.pl\/index.php?rest_route=\/wp\/v2\/posts\/2848\/revisions\/2849"}],"wp:attachment":[{"href":"https:\/\/www.chnk.pl\/index.php?rest_route=%2Fwp%2Fv2%2Fmedia&parent=2848"}],"wp:term":[{"taxonomy":"category","embeddable":true,"href":"https:\/\/www.chnk.pl\/index.php?rest_route=%2Fwp%2Fv2%2Fcategories&post=2848"},{"taxonomy":"post_tag","embeddable":true,"href":"https:\/\/www.chnk.pl\/index.php?rest_route=%2Fwp%2Fv2%2Ftags&post=2848"}],"curies":[{"name":"wp","href":"https:\/\/api.w.org\/{rel}","templated":true}]}}