{"id":2846,"date":"2020-07-23T15:34:09","date_gmt":"2020-07-23T15:34:09","guid":{"rendered":"http:\/\/www.chnk.pl\/?p=2846"},"modified":"2020-07-23T15:34:09","modified_gmt":"2020-07-23T15:34:09","slug":"pogrzeb-sp-kazimierza-jarzebowskiego","status":"publish","type":"post","link":"https:\/\/www.chnk.pl\/?p=2846","title":{"rendered":"Pogrzeb \u015bp. Kazimierza Jarz\u0119bowskiego"},"content":{"rendered":"\n<p>Uroczysto\u015bci pogrzebowe \u015bp. Kazimierza Jarz\u0119bowskiego, pana ko\u015bcielnego naszej parafii i nadzwyczajnego szafarza Komunii \u015awi\u0119tej, odb\u0119d\u0105 si\u0119 w poniedzia\u0142ek 27 lipca:<\/p>\n<p>10:30 &#8211; r\u00f3\u017caniec w ko\u015bciele<\/p>\n<p>11:00 &#8211; Msza \u015bw. pogrzebowa<\/p>\n<p>13:30 &#8211; pogrzeb na cmentarzu Mi\u0142ostowo od ul. Warszawskiej<\/p>\n<p>Wieczny odpoczynek racz mu da\u0107 Panie&#8230;<\/p>\n","protected":false},"excerpt":{"rendered":"<p>Uroczysto\u015bci pogrzebowe \u015bp. Kazimierza Jarz\u0119bowskiego, pana ko\u015bcielnego naszej parafii i nadzwyczajnego szafarza Komunii \u015awi\u0119tej, odb\u0119d\u0105 si\u0119 w poniedzia\u0142ek 27 lipca: 10:30 &#8211; r\u00f3\u017caniec w ko\u015bciele 11:00 &#8211; Msza \u015bw. pogrzebowa 13:30 &#8211; pogrzeb na cmentarzu Mi\u0142ostowo od ul. Warszawskiej Wieczny odpoczynek racz mu da\u0107 Panie&#8230;<\/p>\n","protected":false},"author":5,"featured_media":0,"comment_status":"open","ping_status":"open","sticky":false,"template":"","format":"standard","meta":{"ngg_post_thumbnail":0,"footnotes":""},"categories":[1],"tags":[],"_links":{"self":[{"href":"https:\/\/www.chnk.pl\/index.php?rest_route=\/wp\/v2\/posts\/2846"}],"collection":[{"href":"https:\/\/www.chnk.pl\/index.php?rest_route=\/wp\/v2\/posts"}],"about":[{"href":"https:\/\/www.chnk.pl\/index.php?rest_route=\/wp\/v2\/types\/post"}],"author":[{"embeddable":true,"href":"https:\/\/www.chnk.pl\/index.php?rest_route=\/wp\/v2\/users\/5"}],"replies":[{"embeddable":true,"href":"https:\/\/www.chnk.pl\/index.php?rest_route=%2Fwp%2Fv2%2Fcomments&post=2846"}],"version-history":[{"count":1,"href":"https:\/\/www.chnk.pl\/index.php?rest_route=\/wp\/v2\/posts\/2846\/revisions"}],"predecessor-version":[{"id":2847,"href":"https:\/\/www.chnk.pl\/index.php?rest_route=\/wp\/v2\/posts\/2846\/revisions\/2847"}],"wp:attachment":[{"href":"https:\/\/www.chnk.pl\/index.php?rest_route=%2Fwp%2Fv2%2Fmedia&parent=2846"}],"wp:term":[{"taxonomy":"category","embeddable":true,"href":"https:\/\/www.chnk.pl\/index.php?rest_route=%2Fwp%2Fv2%2Fcategories&post=2846"},{"taxonomy":"post_tag","embeddable":true,"href":"https:\/\/www.chnk.pl\/index.php?rest_route=%2Fwp%2Fv2%2Ftags&post=2846"}],"curies":[{"name":"wp","href":"https:\/\/api.w.org\/{rel}","templated":true}]}}