{"id":2833,"date":"2020-07-04T22:09:27","date_gmt":"2020-07-04T22:09:27","guid":{"rendered":"http:\/\/www.chnk.pl\/?p=2833"},"modified":"2020-07-04T22:09:27","modified_gmt":"2020-07-04T22:09:27","slug":"14-niedziela-zwykla-3","status":"publish","type":"post","link":"https:\/\/www.chnk.pl\/?p=2833","title":{"rendered":"14 Niedziela Zwyk\u0142a"},"content":{"rendered":"\n<p><br \/>OG\u0141OSZENIA DUSZPASTERSKIE<br \/>NIEDZIELA XIV ZWYK\u0141A<br \/>5 lipca 2020 r.<br \/>1.Kalendarz liturgiczny: poniedzia\u0142ek \u2013 b\u0142. Marii Teresy Led\u00f3chowskie, \u015broda \u2013 \u015bw. Jana z Dukli, czwartek \u2013 \u015bw. Augustyna Zhao Rohg, sobota \u2013 \u015bw. Benedykta, patrona Europy.<br \/>2. W zwi\u0105zku z podj\u0119tymi decyzjami i przekazanymi wcze\u015bniej informacjami 86. Pozna\u0144ska Pielgrzymka ma charakter duchowy. Jedynymi przedstawicielami b\u0119d\u0105 ksi\u0119\u017ca pielgrzymuj\u0105cy w formie sztafety. Wszystkie inne inicjatywy pielgrzymowania nie odbywaj\u0105 si\u0119 w ramach PPPnaJG i nie by\u0142y konsultowane z organizatorami. Ponadto nie zosta\u0142y uzgodnione na drodze administracyjnej. Samowolne pielgrzymowanie i nadu\u017cywanie dobroci dotychczasowych gospodarzy wi\u0105\u017ce si\u0119 z nara\u017ceniem ich i w\u0142asnego bezpiecze\u0144stwa. Bardzo prosimy o nieignorowanie zasad ochrony zdrowia i \u017cycia ludzkiego w czasie epidemii. Zachowuj\u0105c zasady powszechnie obowi\u0105zuj\u0105ce i wyznaczone przez G\u0142\u00f3wnego Inspektora Sanitarnego i Ministerstwo Zdrowia zapraszamy do:<br \/>&#8211; wsp\u00f3lnej modlitwy na rozpocz\u0119cie pielgrzymki w Katedrze Pozna\u0144skiej w poniedzia\u0142ek (jutro) 6 lipca 2020 roku o godz. 8.00<br \/>&#8211; wzi\u0119cia udzia\u0142u w pielgrzymce duchowej w Poznaniu, lub przez media spo\u0142eczno\u015bciowe<br \/>&#8211; przyjazdu indywidualnie lub autobusami na Jasn\u0105 G\u00f3r\u0119 15.07.2020 r. gdzie od godz. 12:30 \u2013 15:00 \u2013 wej\u015bcie przewodnik\u00f3w z pielgrzymami i indywidualna modlitwa w kaplicy, o godz. 16:00 \u2013 Msza \u015bw. w kaplicy oraz o godz. 21:00 \u2013 Apel Jasnog\u00f3rski. Natomiast 16.07.2020 o godz. 11:00 \u2013 Msza \u015bw. w kaplicy, o 17:00 \u2013 Droga Krzy\u017cowa, o 21.00 Apel Jasnog\u00f3rski. Aktualno\u015bci i transmisje: www.pielgrzymka.archpoznan.pl, www.facebook.com\/PoznanskaPielgrzymka<br \/>3. Spotkanie wsp\u00f3lnoty r\u00f3\u017ca\u0144cowej w \u015brod\u0119 po porannej mszy \u015bw.<br \/>4. Zach\u0119camy do czytania prasy katolickiej. Przy zakrystii: \u201ePrzewodnik Katolicki\u201d. Jest &#8222;Ma\u0142y Przewodnik Katolicki&#8221;. W internecie:www ProPublico.TV, www Wiara.pl<br \/>5. B\u00f3g zap\u0142a\u0107 za ofiary na doposa\u017canie naszego ko\u015bcio\u0142a. B\u00f3g za ofiary na KUL,Wydzia\u0142 Teologiczny.<br \/>6. Grupa Anonimowych Alkoholik\u00f3w spotyka si\u0119 w ka\u017cdy wtorek o godz. 19.00 i jest otwarta na wszystkich, kt\u00f3rzy szukaj\u0105 pomocy do \u017cycia w trze\u017awo\u015bci.<br \/>7. M\u00f3dlmy si\u0119 za zmar\u0142ych parafian. Za dusz\u0119 \u015bp. Anny Prymas, os. Lecha 72. Wieczny odpoczynek racz zmar\u0142ym da\u0107 Panie.<br \/>&#8230;&#8230;&#8230;&#8230;&#8230;&#8230;&#8230;&#8230;&#8230;&#8230;&#8230;&#8230;&#8230;&#8230;&#8230;&#8230;&#8230;&#8230;&#8230;&#8230;&#8230;&#8230;&#8230;&#8230;&#8230;&#8230;&#8230;&#8230;&#8230;&#8230;&#8230;&#8230;&#8230;&#8230;&#8230;&#8230;&#8230;&#8230;&#8230;&#8230;&#8230;&#8230;&#8230;&#8230;&#8230;..<\/p>\n<p>INFORMACJE STA\u0141E<br \/>\/LIPIEC I SIERPIE\u0143\/<br \/>A. W lipcu i w sierpniu zmienione godziny odprawiania Mszy \u015bw. w niedziele i dni powszednie oraz zmienione godziny urz\u0119dowania Biura Parafialnego.<br \/>W niedziele wakacyjne nie ma mszy \u015bw. o godz. 12.30. W dni powszednie msza \u015bw. o godz. 8.00 w poniedzia\u0142ek, \u015brod\u0119 i pi\u0105tek, a o godz.18.00 we wtorek, czwartek i sobot\u0119.<br \/>B. Biuro Parafialne: poniedzia\u0142ek godz. 9.00 do 10.30, czwartek godz. 16.00 do 17.30 i sobota godz. 19.00 do 20.00. Sprawy pilne prosimy za\u0142atwia\u0107 w godzinach zbli\u017conych do godziny odprawiania mszy \u015bw.<br \/>C. Spowied\u017a \u015bw. p\u00f3\u0142 godziny przed Msz\u0105 \u015bw. i w sobot\u0119 od godz. 16.00-18.00.<\/p>\n<p>B. Msza \u015bw. niedzielna w godzinach p\u00f3\u017aniejszych w najbli\u017cszych parafiach: Parafia Pierwszych Polskich M\u0119czennik\u00f3w, os. Tysi\u0105clecia &#8211; godz. 20.00 i Parafia \u015bw. \u0141ukasza, os. Rusa &#8211; godz. 20.30<br \/>C. Prosimy o podawanie intencji mszalnych, uprzednio zarezerwowanych, na lipiec i sierpie\u0144. Mo\u017cna to uczyni\u0107 w niedziel\u0119, po mszy \u015bw., w zakrystii.<br \/>D. Spowied\u017a \u015bw. p\u00f3\u0142 godziny przed Msz\u0105 \u015bw. i w sobot\u0119 od godz. 16.00-18.00.<\/p>\n","protected":false},"excerpt":{"rendered":"<p>OG\u0141OSZENIA DUSZPASTERSKIENIEDZIELA XIV ZWYK\u0141A5 lipca 2020 r.1.Kalendarz liturgiczny: poniedzia\u0142ek \u2013 b\u0142. Marii Teresy Led\u00f3chowskie, \u015broda \u2013 \u015bw. Jana z Dukli, czwartek \u2013 \u015bw. Augustyna Zhao Rohg, sobota \u2013 \u015bw. Benedykta, patrona Europy.2. W zwi\u0105zku z podj\u0119tymi decyzjami i przekazanymi wcze\u015bniej informacjami 86. Pozna\u0144ska Pielgrzymka ma charakter duchowy. Jedynymi przedstawicielami b\u0119d\u0105 ksi\u0119\u017ca pielgrzymuj\u0105cy w formie sztafety. &#8230; <span class=\"more\"><a class=\"more-link\" href=\"https:\/\/www.chnk.pl\/?p=2833\">czytaj wi\u0119cej<\/a><\/span><\/p>\n","protected":false},"author":3,"featured_media":0,"comment_status":"open","ping_status":"open","sticky":false,"template":"","format":"standard","meta":{"ngg_post_thumbnail":0,"footnotes":""},"categories":[1],"tags":[],"_links":{"self":[{"href":"https:\/\/www.chnk.pl\/index.php?rest_route=\/wp\/v2\/posts\/2833"}],"collection":[{"href":"https:\/\/www.chnk.pl\/index.php?rest_route=\/wp\/v2\/posts"}],"about":[{"href":"https:\/\/www.chnk.pl\/index.php?rest_route=\/wp\/v2\/types\/post"}],"author":[{"embeddable":true,"href":"https:\/\/www.chnk.pl\/index.php?rest_route=\/wp\/v2\/users\/3"}],"replies":[{"embeddable":true,"href":"https:\/\/www.chnk.pl\/index.php?rest_route=%2Fwp%2Fv2%2Fcomments&post=2833"}],"version-history":[{"count":1,"href":"https:\/\/www.chnk.pl\/index.php?rest_route=\/wp\/v2\/posts\/2833\/revisions"}],"predecessor-version":[{"id":2834,"href":"https:\/\/www.chnk.pl\/index.php?rest_route=\/wp\/v2\/posts\/2833\/revisions\/2834"}],"wp:attachment":[{"href":"https:\/\/www.chnk.pl\/index.php?rest_route=%2Fwp%2Fv2%2Fmedia&parent=2833"}],"wp:term":[{"taxonomy":"category","embeddable":true,"href":"https:\/\/www.chnk.pl\/index.php?rest_route=%2Fwp%2Fv2%2Fcategories&post=2833"},{"taxonomy":"post_tag","embeddable":true,"href":"https:\/\/www.chnk.pl\/index.php?rest_route=%2Fwp%2Fv2%2Ftags&post=2833"}],"curies":[{"name":"wp","href":"https:\/\/api.w.org\/{rel}","templated":true}]}}