{"id":2819,"date":"2020-06-27T15:47:51","date_gmt":"2020-06-27T15:47:51","guid":{"rendered":"http:\/\/www.chnk.pl\/?p=2819"},"modified":"2020-06-27T15:59:28","modified_gmt":"2020-06-27T15:59:28","slug":"86-poznanska-piesza-pielgrsymka-na-jasna-gore","status":"publish","type":"post","link":"https:\/\/www.chnk.pl\/?p=2819","title":{"rendered":"86 Pozna\u0144ska Piesza Pielgrzymka na Jasn\u0105 G\u00f3r\u0119"},"content":{"rendered":"\n<p>&nbsp;<\/p>\n<p>&nbsp;<\/p>\n<p>W zwi\u0105zku ze zbli\u017caj\u0105c\u0105 si\u0119 86. Pozna\u0144sk\u0105 Piesz\u0105 Pielgrzymk\u0105 na Jasn\u0105 G\u00f3r\u0119 chcemy poinformowa\u0107 o zmianach, kt\u00f3re w tym roku nast\u0105pi\u0142y w sposobie organizacji i przebiegu Pielgrzymki.<br \/>1) Jedyn\u0105 form\u0105 pielgrzymki b\u0119dzie \u201esztafeta\u201d ksi\u0119\u017cy, kt\u00f3rzy ka\u017cdego dnia b\u0119d\u0105 doje\u017cd\u017ca\u0107 na konkretny odcinek trasy, a po jego przej\u015bciu wr\u00f3c\u0105 do swoich parafii. Wszystkie inne inicjatywy pielgrzymowania nie odbywaj\u0105 si\u0119 w ramach PPPnJG i nie by\u0142y konsultowane z organizatorami. Ponadto nie zosta\u0142y uzgodnione na drodze administracyjnej.<br \/>2) Informacja dla parafii gdzie grupy pielgrzymkowe nocowa\u0142y lub mia\u0142y posi\u0142ki:<br \/>W zwi\u0105zku z nieobecno\u015bci\u0105 pielgrzym\u00f3w na trasie prosimy o uprzedzenie parafian o fakcie nieorganizowania nocleg\u00f3w oraz posi\u0142k\u00f3w.<br \/>3) Ka\u017cdego dnia na facebooku Pielgrzymki proponujemy transmisj\u0119 modlitw i Mszy \u015bw.<br \/>4) Konferencje w temacie pielgrzymki b\u0119d\u0105 dost\u0119pne na stronach <br \/>&#8211; www.pielgrzymka.archpoznan.pl <br \/>&#8211; https:\/\/www.facebook.com\/PoznanskaPielgrzymka\/<br \/>5) Zapraszamy pielgrzym\u00f3w do przyjazdu na Jasn\u0105 G\u00f3r\u0119:<br \/>15.07.2020<br \/>&#8211; 12:30 \u2013 15:00 \u2013 wej\u015bcie przewodnik\u00f3w i indywidualna modlitwa w kaplicy<br \/>&#8211; 16:00 \u2013 Msza \u015bw. w kaplicy<br \/>&#8211; 21:00 \u2013 Apel Jasnog\u00f3rski<br \/>16.07.2020<br \/>&#8211; 11:00 \u2013 Msza \u015bw. w kaplicy<br \/>&#8211; 17:00 \u2013 Droga Krzy\u017cowa<br \/>&#8211; 21:00 \u2013 Apel Jasnog\u00f3rski <br \/>6) Zapraszamy tam gdzie b\u0119dzie mo\u017cliwo\u015b\u0107 do wsp\u00f3lnotowego pielgrzymowania duchowego (Pozna\u0144, Grodzisk Wielkopolski, Czarnk\u00f3w, Leszno, Gosty\u0144, Opalenica)<br \/>7) Propozycja planu pielgrzymki duchowej:<br \/>&#8211; Msza \u015bw.<br \/>&#8211; odtworzenie konferencji (od 1 lipca do pobrania pod linkiem https:\/\/drive.google.com\/drive\/folders\/1ds6S5EZwRuO9p_0b1N9X49Xq-zbjIk8-?usp=sharing )<br \/>&#8211; adoracja i modlitwa r\u00f3\u017ca\u0144cowa<br \/>8) Poni\u017cej plan pielgrzymki duchowej.<\/p>\n<p>Ks. Jan Markowski \u2013 Kierownik Pielgrzymki<br \/>Ks. \u0141ukasz \u0141ukasik \u2013 Ojciec Duchowny Pielgrzymki<\/p>\n<p>PIELGRZYMKA DUCHOWA &#8211; POZNA\u0143<br \/>6.07 &#8211; KATEDRA godz. 8:00<br \/>&#8211; par. pw. \u015bw. Stanis\u0142awa Kostki godz. 20:00 &#8211; adoracja<br \/>7.07 &#8211; par. p.w. \u015bw. Rocha godz. 18:00<br \/>8.07 &#8211; par. p.w. Chrystusa Odkupiciela godz. 18:00<br \/>9.07 &#8211; par. p.w. Nawr\u00f3cenia \u015bw. Paw\u0142a godz. 18:00<br \/>10.07 &#8211; par. p.w. \u015bw. Antoniego godz. 18:00<br \/>11.07 &#8211; par. p.w. \u015awi\u0119tej Tr\u00f3jcy godz. 19:00<br \/>12.07 &#8211; par. p.w. Mi\u0142osierdzia Bo\u017cego godz. 19:00<br \/>13.07 &#8211; par. p.w. \u015bw. Franciszka Serafickiego godz. 18:00<br \/>14.07 &#8211; par. p.w. \u015bw. Jana Paw\u0142a II godz. 18:00<br \/>15.07 &#8211; JASNA G\u00d3RA godz. 16:00<\/p>\n<p>PIELGRZYMKA DUCHOWA \u2013 CZARNK\u00d3W<br \/>W parafii pw. \u015bw. Marii Magdaleny.<\/p>\n<p>PIELGRZYMKA DUCHOWA \u2013 GRODZISK WIELKOPOLSKI<br \/>Na zmian\u0119 w parafiach Grodziska Wlkp. z udzia\u0142em zaproszonych ksi\u0119\u017cy zwi\u0105zanych z Pielgrzymk\u0105.<\/p>\n<p>PIELGRZYMKA DUCHOWA \u2013 Leszno<br \/>W parafiach miasta Leszna + propozycje on-line grupy 16<\/p>\n<p>PIELGRZYMKA DUCHOWA \u2013 Gosty\u0144 \/ Opalenica<br \/>5 lipca &#8211; Niedziela &#8211; Opalenica g. 9.00.<br \/>W kolejnych dniach Msze \u015bw. b\u0119d\u0105 odbywa\u0142y si\u0119 rotacyjnie we wszystkich parafiach Gostynia oraz w Piaskach (na \u015awi\u0119tej G\u00f3rze we wtorek 7 lipca o 19.00 &#8211; dzie\u0144 gdzie tradycyjnie grupa przychodzi do Gostynia).<br \/>W sobot\u0119 11 lipca wieczorem ponownie w Opalenicy.<br \/>W Niedziel\u0119 12 lipca na \u015awi\u0119tej G\u00f3rze w Gostyniu o 17.00<\/p>\n","protected":false},"excerpt":{"rendered":"<p>&nbsp; &nbsp; W zwi\u0105zku ze zbli\u017caj\u0105c\u0105 si\u0119 86. Pozna\u0144sk\u0105 Piesz\u0105 Pielgrzymk\u0105 na Jasn\u0105 G\u00f3r\u0119 chcemy poinformowa\u0107 o zmianach, kt\u00f3re w tym roku nast\u0105pi\u0142y w sposobie organizacji i przebiegu Pielgrzymki.1) Jedyn\u0105 form\u0105 pielgrzymki b\u0119dzie \u201esztafeta\u201d ksi\u0119\u017cy, kt\u00f3rzy ka\u017cdego dnia b\u0119d\u0105 doje\u017cd\u017ca\u0107 na konkretny odcinek trasy, a po jego przej\u015bciu wr\u00f3c\u0105 do swoich parafii. Wszystkie inne inicjatywy &#8230; <span class=\"more\"><a class=\"more-link\" href=\"https:\/\/www.chnk.pl\/?p=2819\">czytaj wi\u0119cej<\/a><\/span><\/p>\n","protected":false},"author":3,"featured_media":0,"comment_status":"open","ping_status":"open","sticky":false,"template":"","format":"standard","meta":{"ngg_post_thumbnail":0,"footnotes":""},"categories":[1],"tags":[],"_links":{"self":[{"href":"https:\/\/www.chnk.pl\/index.php?rest_route=\/wp\/v2\/posts\/2819"}],"collection":[{"href":"https:\/\/www.chnk.pl\/index.php?rest_route=\/wp\/v2\/posts"}],"about":[{"href":"https:\/\/www.chnk.pl\/index.php?rest_route=\/wp\/v2\/types\/post"}],"author":[{"embeddable":true,"href":"https:\/\/www.chnk.pl\/index.php?rest_route=\/wp\/v2\/users\/3"}],"replies":[{"embeddable":true,"href":"https:\/\/www.chnk.pl\/index.php?rest_route=%2Fwp%2Fv2%2Fcomments&post=2819"}],"version-history":[{"count":2,"href":"https:\/\/www.chnk.pl\/index.php?rest_route=\/wp\/v2\/posts\/2819\/revisions"}],"predecessor-version":[{"id":2826,"href":"https:\/\/www.chnk.pl\/index.php?rest_route=\/wp\/v2\/posts\/2819\/revisions\/2826"}],"wp:attachment":[{"href":"https:\/\/www.chnk.pl\/index.php?rest_route=%2Fwp%2Fv2%2Fmedia&parent=2819"}],"wp:term":[{"taxonomy":"category","embeddable":true,"href":"https:\/\/www.chnk.pl\/index.php?rest_route=%2Fwp%2Fv2%2Fcategories&post=2819"},{"taxonomy":"post_tag","embeddable":true,"href":"https:\/\/www.chnk.pl\/index.php?rest_route=%2Fwp%2Fv2%2Ftags&post=2819"}],"curies":[{"name":"wp","href":"https:\/\/api.w.org\/{rel}","templated":true}]}}