{"id":2814,"date":"2020-06-27T15:40:48","date_gmt":"2020-06-27T15:40:48","guid":{"rendered":"http:\/\/www.chnk.pl\/?p=2814"},"modified":"2020-06-27T15:40:48","modified_gmt":"2020-06-27T15:40:48","slug":"13-niedziela-zwykla-3","status":"publish","type":"post","link":"https:\/\/www.chnk.pl\/?p=2814","title":{"rendered":"13 Niedziela Zwyk\u0142a"},"content":{"rendered":"\n<p>OG\u0141OSZENIA DUSZPASTERSKIE<br \/>NIEDZIELA XIII ZWYK\u0141A <br \/>28 czerwca 2020 r.<br \/>1. Kalendarz liturgiczny: poniedzia\u0142ek \u2013 uroczysto\u015b\u0107 \u015bw. app. Piotra i Paw\u0142a, wtorek \u2013 \u015bw. M\u0119czennik\u00f3w Ko\u015bcio\u0142a Rzymskiego, pi\u0105tek \u2013 \u015bw. Tomasza ap., sobota \u2013 \u015bw. El\u017cbiety.<br \/>2. Uroczysto\u015b\u0107 \u015awi\u0119tych Aposto\u0142\u00f3w Piotra i Paw\u0142a, Patron\u00f3w Bazyliki Archikatedralnej celebrowana b\u0119dzie w dniach 28 i 29 czerwca br. W uroczysto\u015b\u0107 \u015awi\u0119tych Aposto\u0142\u00f3w Piotra i Paw\u0142a w dniu 29 czerwca 2020 roku suma odpustowa b\u0119dzie odprawiona o godz. 1000. Przewodniczy\u0107 jej b\u0119dzie Ksi\u0105dz Arcybiskup Wac\u0142aw Depo. Podczas uroczystej celebracji nieszpor\u00f3w, dnia 28 czerwca 2020 roku (niedziela) o godz. 1700 Ksi\u0105dz Arcybiskup dokona, ju\u017c tradycyjnie, wr\u0119czenia nagr\u00f3d \u201eOptime Merito Archidioecesis Posnaniensis\u201d oraz wr\u0119czy krzy\u017ce m\u0142odzie\u017cy wyje\u017cd\u017caj\u0105cej na letnie do\u015bwiadczenia misyjne. Zapraszamy na uroczysto\u015bci do \u015bwi\u0105tyni, kt\u00f3ra nazywana jest tradycyjnie \u201eMatk\u0105 Ko\u015bcio\u0142\u00f3w diecezji&#8221;.<br \/>3. W lipcu i sierpniu (plan og\u00f3lny) zmienione godziny odprawiania Mszy \u015bw. w dni powszednie i niedziele oraz zmienione godziny urz\u0119dowania Biura Parafialnego. W niedziele wakacyjne nie ma mszy \u015bw. o godz. 12.30. Msza \u015bw. o godz. 8.00: w poniedzia\u0142ki, \u015brody i pi\u0105tki, a o godz.18.00 we wtorki, czwartki i soboty. Biuro Parafialne: poniedzia\u0142ek rano od godz. 9.00 do 10.30, w czwartek po po\u0142udniu godz. 16.00 do 17.30, sobota godz. 19.00 do 20.00. Spowied\u017a \u015bw. p\u00f3\u0142 godziny przed Msz\u0105 \u015bw. i w sobot\u0119 od godz. 16.00 -18.00.<br \/>4. Ale w tym tygodniu msza \u015bw. i biuro jeszcze wed\u0142ug normalnego porz\u0105dku.<br \/>5. W tym tygodniu: I czwartek i I pi\u0105tek i I sobota miesi\u0105ca. W zwi\u0105zku z tym w czwartek adoracja Naj\u015bwi\u0119tszego Sakramentu: od godz. 17.00 do 18.00. Uczestnicz\u0105cych w duchowej adopcji zapraszamy na r\u00f3\u017caniec o godz. 17.15 w intencji obrony \u017cycia ludzkiego. Po Mszy \u015bw. wieczornej adoracja do godz. 21.00 w intencji nowych powo\u0142a\u0144 kap\u0142a\u0144skich i zakonnych. W pi\u0105tek msza \u015bw. o godz. 8.00 i 18.00. Spowied\u017a \u015bw. w pi\u0105tek od godz. 16.00 do 18.00, w sobot\u0119 od godz. 16.00 do 18.00. W sobot\u0119 r\u00f3\u017caniec fatimski o godz. 7.15, msza \u015bw. o godz. 8.00 i zawierzenie Niepokalanemu Sercu Matki Bo\u017cej. Odwiedziny chorych z sakramentami \u015bw. w pi\u0105tek i sobot\u0119 wed\u0142ug sta\u0142ego planu. Nowe zg\u0142oszenia w zakrystii.<br \/>6. Tegoroczna Pozna\u0144ska Piesza Pielgrzymka na Jasn\u0105 G\u00f3r\u0119 b\u0119dzie mia\u0142a form\u0119 \u201esztafety\u201d ksi\u0119\u017cy, kt\u00f3rzy ka\u017cdego dnia b\u0119d\u0105 doje\u017cd\u017ca\u0107 na konkretny odcinek trasy, a po jego przej\u015bciu wr\u00f3c\u0105 do swoich parafii. Jednocze\u015bnie w dniach od 6 do 15 lipca br., zapraszamy na Pielgrzymk\u0119 Duchow\u0105, kt\u00f3ra przebiega\u0107 b\u0119dzie w ko\u015bcio\u0142ach stacyjnych w Poznaniu wed\u0142ug planu wywieszonego na tablicy og\u0142osze\u0144 i zamieszczonego na archidiecezjalnej i parafialnej stronie internetowej.<br \/>7. Bierzmowanie w naszej Parafii odb\u0119dzie si\u0119 podczas wizytacji kanonicznej, w dniu 4 listopada br. na mszy \u015bw. o godz. 18.00.<br \/>8. Czterech ministrant\u00f3w naszej parafii zosta\u0142o wczoraj w Katedrze pob\u0142ogos\u0142awionych do funkcji lektora w zgromadzeniu liturgicznym. Gratulujemy im oraz \u017cyczymy rado\u015bci i pilno\u015bci w czytaniu S\u0142owa Bo\u017cego.<br \/>9. Prosimy o pomoc w sprz\u0105taniu ko\u015bcio\u0142a, w soboty o godz. 9.00. Pandemia onie\u015bmieli\u0142a ch\u0119tnych do pomocy. Zapraszamy do wznowienia pos\u0142ugi i zapraszamy nowe osoby.<br \/>10. M\u00f3dlmy si\u0119 za zmar\u0142ych Parafian. Za \u015bp. Kazimierza Tafelskiego, os. Lecha 66, \u015bp. Jerzego Judkowiaka, os. Lecha 33 i \u015bp. Stefana Jeziernego, os. Lecha 74 (msza \u015bw. pogrzebowa w \u015brod\u0119 o godz. 10.30). Wieczny odpoczynek racz zmar\u0142ym da\u0107 Panie.<\/p>\n<p><br \/>LIPIEC I SIERPIE\u0143<\/p>\n<p><br \/>W niedziele wakacyjne nie ma mszy \u015bw. o godz. 12.30.<\/p>\n<p><br \/>W dni powszednie<br \/>Msza \u015bw. o godz. 8.00 w poniedzia\u0142ek, \u015brod\u0119 i pi\u0105tek<br \/>o godz.18.00 we wtorek, czwartek i sobot\u0119.<br \/>Nowenna do Matki Bo\u017cej Nieustaj\u0105cej Pomocy <br \/>w \u015brod\u0119 o godz. 8.00.<br \/>R\u00f3\u017caniec do Matki Bo\u017cej Patronki Dobrej \u015amierci <br \/>i Nowenna do \u015bw. J\u00f3zefa we wtorek o godz. 17.30.<\/p>\n<p><br \/>Biuro Parafialne: poniedzia\u0142ek godz. 9.00 do 10.30,<br \/>czwartek godz. 16.00 do 17.30,<br \/>sobota godz. 19.00 do 20.00.<\/p>\n<p>Spowied\u017a \u015bw. p\u00f3\u0142 godziny przed msz\u0105 \u015bw. i w sobot\u0119 od godz. 16.00 -18.00.<\/p>\n<p><br \/>Msza \u015bw. niedzielna w godzinach p\u00f3\u017aniejszych w najbli\u017cszych parafiach.<br \/>Parafia Pierwszych Polskich M\u0119czennik\u00f3w, os. Tysi\u0105clecia &#8211; godz. 20.00, <br \/>Parafia \u015bw. \u0141ukasza, os. Rusa &#8211; godz. 20.30<br \/><br \/><\/p>\n","protected":false},"excerpt":{"rendered":"<p>OG\u0141OSZENIA DUSZPASTERSKIENIEDZIELA XIII ZWYK\u0141A 28 czerwca 2020 r.1. Kalendarz liturgiczny: poniedzia\u0142ek \u2013 uroczysto\u015b\u0107 \u015bw. app. Piotra i Paw\u0142a, wtorek \u2013 \u015bw. M\u0119czennik\u00f3w Ko\u015bcio\u0142a Rzymskiego, pi\u0105tek \u2013 \u015bw. Tomasza ap., sobota \u2013 \u015bw. El\u017cbiety.2. Uroczysto\u015b\u0107 \u015awi\u0119tych Aposto\u0142\u00f3w Piotra i Paw\u0142a, Patron\u00f3w Bazyliki Archikatedralnej celebrowana b\u0119dzie w dniach 28 i 29 czerwca br. W uroczysto\u015b\u0107 \u015awi\u0119tych Aposto\u0142\u00f3w &#8230; <span class=\"more\"><a class=\"more-link\" href=\"https:\/\/www.chnk.pl\/?p=2814\">czytaj wi\u0119cej<\/a><\/span><\/p>\n","protected":false},"author":3,"featured_media":0,"comment_status":"open","ping_status":"open","sticky":false,"template":"","format":"standard","meta":{"ngg_post_thumbnail":0,"footnotes":""},"categories":[1],"tags":[],"_links":{"self":[{"href":"https:\/\/www.chnk.pl\/index.php?rest_route=\/wp\/v2\/posts\/2814"}],"collection":[{"href":"https:\/\/www.chnk.pl\/index.php?rest_route=\/wp\/v2\/posts"}],"about":[{"href":"https:\/\/www.chnk.pl\/index.php?rest_route=\/wp\/v2\/types\/post"}],"author":[{"embeddable":true,"href":"https:\/\/www.chnk.pl\/index.php?rest_route=\/wp\/v2\/users\/3"}],"replies":[{"embeddable":true,"href":"https:\/\/www.chnk.pl\/index.php?rest_route=%2Fwp%2Fv2%2Fcomments&post=2814"}],"version-history":[{"count":1,"href":"https:\/\/www.chnk.pl\/index.php?rest_route=\/wp\/v2\/posts\/2814\/revisions"}],"predecessor-version":[{"id":2815,"href":"https:\/\/www.chnk.pl\/index.php?rest_route=\/wp\/v2\/posts\/2814\/revisions\/2815"}],"wp:attachment":[{"href":"https:\/\/www.chnk.pl\/index.php?rest_route=%2Fwp%2Fv2%2Fmedia&parent=2814"}],"wp:term":[{"taxonomy":"category","embeddable":true,"href":"https:\/\/www.chnk.pl\/index.php?rest_route=%2Fwp%2Fv2%2Fcategories&post=2814"},{"taxonomy":"post_tag","embeddable":true,"href":"https:\/\/www.chnk.pl\/index.php?rest_route=%2Fwp%2Fv2%2Ftags&post=2814"}],"curies":[{"name":"wp","href":"https:\/\/api.w.org\/{rel}","templated":true}]}}