{"id":2801,"date":"2020-06-20T16:45:54","date_gmt":"2020-06-20T16:45:54","guid":{"rendered":"http:\/\/www.chnk.pl\/?p=2801"},"modified":"2020-06-20T16:45:54","modified_gmt":"2020-06-20T16:45:54","slug":"12-niedziela-zwykla-3","status":"publish","type":"post","link":"https:\/\/www.chnk.pl\/?p=2801","title":{"rendered":"12 Niedziela Zwyk\u0142a"},"content":{"rendered":"\n<p><br \/>OG\u0141OSZENIA DUSZPASTERSKIE<br \/>NIEDZIELA XII ZWYK\u0141A<br \/>21 czerwca 2020 r.<\/p>\n<p>1. Kalendarz liturgiczny: poniedzia\u0142ek \u2013 \u015bw. Paulina z Noli oraz \u015bw. mm.Jana Fishera i Tomasza Morea, \u015broda \u2013 Uroczysto\u015b\u0107 Narodzenia \u015bw. Jana Chrzciciela, czwartek \u2013 NMP \u015awi\u0119tog\u00f3rskiej z Gostynia, pi\u0105tek &#8211; \u015bw. Zygmunta Gorazdowskiego, sobota \u2013 \u015bw. Cyryla Aleksandryjskiego,<br \/>2. W \u015brod\u0119 Kr\u0105g Biblijny w salce parafialnej po wieczornej mszy \u015bw.<br \/>3. Adoracja Naj\u015bw. Sakramentu w ciszy, w czwartek po porannej mszy \u015bw. do godz. 10.30.<br \/>4. Msza \u015bw. z modlitw\u0105 o uzdrowienie w czwartek o godz. 19.15. Prosimy, aby pod ch\u00f3rem sk\u0142ada\u0107 zapisane intencje, kt\u00f3re maj\u0105 by\u0107 w\u0142\u0105czone w odprawian\u0105 msz\u0119 \u015bw.<br \/>5 . Spotkanie m\u0142odzie\u017cy naszej parafii w sobot\u0119, o godz. 19.15 w salce parafialnej, wej\u015bcie z dziedzi\u0144ca.<br \/>6. Mimo trudnych do\u015bwiadcze\u0144 Ksi\u0105dz Biskup Szymon Stu\u0142kowski zaprasza wszystkich M\u0142odych na ostatnie w tym roku spotkanie modlitewne przy Studni Poznania, aby wsp\u00f3lnie uwielbia\u0107 Jezusa Eucharystycznego, dzi\u0119kowa\u0107 za otrzymane \u0142aski i prosi\u0107 o Moc Ducha \u015awi\u0119tego na nadchodz\u0105cy czas. Modlitwa Uwielbienia odb\u0119dzie si\u0119 w pi\u0105tek, 26 czerwca 2020 roku o godz. 20:00 w ko\u015bciele pw. Bo\u017cego Cia\u0142a w Poznaniu przy ul. Strzeleckiej 40.<br \/>7. Pierwsza Komunia \u015bw. kolejnej grupy dzieci odb\u0119dzie si\u0119 w niedziel\u0119 28.6.br. na mszy \u015bw. o godz. 14.00. Pr\u00f3ba liturgiczna dla tych dzieci w czwartek o godz. 16.00, spowied\u017a \u015bw. w pi\u0105tek o godz. 16.00. Natomiast spowied\u017a \u015bw. dla dzieci z grupy 12.09.br. odb\u0119dzie si\u0119 w najbli\u017csz\u0105 sobot\u0119 o godz. 14.00, a dla dzieci z 13.09. br. spowied\u017a \u015bw. w sobot\u0119 o godz. 15.00.<br \/>8. B\u00f3g zap\u0142a\u0107 Parafianom, kt\u00f3rzy przygotowali o\u0142tarze na Bo\u017ce Cia\u0142o, kt\u00f3rzy udekorowali swoje okna i balkony. B\u00f3g zap\u0142a\u0107 s\u0142u\u017cbie ko\u015bcielnej i liturgicznej, grupom duszpasterskim za zaanga\u017cowanie. To staranie parafian jest dla wi\u0119kszej chwa\u0142y Bo\u017cej i dla podtrzymania uroczystej tradycji Bo\u017cego Cia\u0142a i oktawy.<br \/>9. W lipcu i sierpniu (plan og\u00f3lny) zmienione godziny odprawiania Mszy \u015bw. w dni powszednie i niedziele oraz zmienione godziny urz\u0119dowania Biura Parafialnego. W niedziele wakacyjne nie ma mszy \u015bw. o godz. 12.30. Msza \u015bw. o godz. 8.00: w poniedzia\u0142ki, \u015brody i pi\u0105tki, a o godz.18.00 we wtorki, czwartki i soboty. Nowenna do Matki Bo\u017cej Nieustaj\u0105cej Pomocy w \u015brod\u0119 o godz. 8.00. R\u00f3\u017caniec do Matki Bo\u017cej Patronki Dobrej \u015amierci i Nowenna do \u015bw. J\u00f3zefa we wtorek o godz. 17.30. Biuro Parafialne: poniedzia\u0142ek rano godz. 9.00 do 10.30, czwartek po po\u0142udniu godz. 16.00 do 17.30, sobota godz. 19.00 do 20.00. Spowied\u017a \u015bw. p\u00f3\u0142 godziny przed Msz\u0105 \u015bw. i w sobot\u0119 od godz. 16.00 -18.00.<br \/>10. Zach\u0119camy do czytania prasy katolickiej. W kaplicy przy zakrystii: Przewodnik Katolicki, Go\u015b\u0107 Niedzielny, Ziarno, gazetka parafialna. Og\u0142oszenie dodatkowe. Praktykuj\u0105cy, pracuj\u0105cy samotny tata szuka w okolicy niedrogiej kawalerki lub ma\u0142ego mieszkania na wynaj\u0119cie. Szczeg\u00f3\u0142y w zakrystii.<br \/>11. M\u00f3dlmy si\u0119 za zmar\u0142ych parafian. Za dusz\u0119 \u015bp. Jerzego Judkowiaka, os. Lecha 33. Termin pogrzebu nie jest jeszcze ustalony. Wieczny odpoczynek racz zmar\u0142ym da\u0107 Panie.<\/p>\n<p>DO OG\u0141OSZE\u0143 W PARAFIACH <br \/>W NIEDZIEL\u0118 21 CZERWCA 2020 r.<\/p>\n<p><br \/>Zapraszamy na niezwyk\u0142y, mi\u0119dzynarodowy koncert z okazji 100-lecia urodzin \u015bw. Jana Paw\u0142a II, pod patronatem Jego Ekscelencji ksi\u0119dza arcybiskupa Stanis\u0142awa G\u0105deckiego, przewodnicz\u0105cego Konferencji Episkopatu Polski, Jego Eminencji ksi\u0119dza kardyna\u0142a Timothy Dolana, arcybiskupa Nowego Jorku, Jego Eminencji ksi\u0119dza kardyna\u0142a Stanis\u0142awa Dziwisza oraz Pana Adriana Kubickiego, konsula generalnego Rzeczypospolitej w Nowym Jorku.<\/p>\n<p>W koncercie wyst\u0105pi\u0105 arty\u015bci z 40 kraj\u00f3w \u015bwiata, w tym z Polski, Stan\u00f3w Zjednoczonych, Anglii, Niemiec, Korei, W\u0142och, Japonii, Tajwanu, Turcji i Szwajcarii. Soli\u015bci Metropolitan Opera z Nowego Jorku, soli\u015bci Polskiej Opery Narodowej i Polskiego Baletu Narodowego.<br \/>W programie muzyka sakralna i klasyczna, sk\u0142adaj\u0105ca si\u0119 z utwor\u00f3w Schuberta, Mozarta, Verdiego i Moniuszki.<\/p>\n<p>Pierwotnie, koncert mia\u0142 odby\u0107 si\u0119 w presti\u017cowym Lincoln Center w Nowym Jorku, jednak ze wzgl\u0119du na epidemi\u0119 zosta\u0142 zrealizowany w wersji on-line.<\/p>\n<p>Emisja online odb\u0119dzie si\u0119 dzisiaj, w niedziel\u0119 21 czerwca, o godz. 20.00 na stronie wydarzenia www.jp2concert.com.<br \/>Serdecznie zapraszamy do ogl\u0105dania!<\/p>\n","protected":false},"excerpt":{"rendered":"<p>OG\u0141OSZENIA DUSZPASTERSKIENIEDZIELA XII ZWYK\u0141A21 czerwca 2020 r. 1. Kalendarz liturgiczny: poniedzia\u0142ek \u2013 \u015bw. Paulina z Noli oraz \u015bw. mm.Jana Fishera i Tomasza Morea, \u015broda \u2013 Uroczysto\u015b\u0107 Narodzenia \u015bw. Jana Chrzciciela, czwartek \u2013 NMP \u015awi\u0119tog\u00f3rskiej z Gostynia, pi\u0105tek &#8211; \u015bw. Zygmunta Gorazdowskiego, sobota \u2013 \u015bw. Cyryla Aleksandryjskiego,2. W \u015brod\u0119 Kr\u0105g Biblijny w salce parafialnej po wieczornej &#8230; <span class=\"more\"><a class=\"more-link\" href=\"https:\/\/www.chnk.pl\/?p=2801\">czytaj wi\u0119cej<\/a><\/span><\/p>\n","protected":false},"author":3,"featured_media":0,"comment_status":"open","ping_status":"open","sticky":false,"template":"","format":"standard","meta":{"ngg_post_thumbnail":0,"footnotes":""},"categories":[1],"tags":[],"_links":{"self":[{"href":"https:\/\/www.chnk.pl\/index.php?rest_route=\/wp\/v2\/posts\/2801"}],"collection":[{"href":"https:\/\/www.chnk.pl\/index.php?rest_route=\/wp\/v2\/posts"}],"about":[{"href":"https:\/\/www.chnk.pl\/index.php?rest_route=\/wp\/v2\/types\/post"}],"author":[{"embeddable":true,"href":"https:\/\/www.chnk.pl\/index.php?rest_route=\/wp\/v2\/users\/3"}],"replies":[{"embeddable":true,"href":"https:\/\/www.chnk.pl\/index.php?rest_route=%2Fwp%2Fv2%2Fcomments&post=2801"}],"version-history":[{"count":1,"href":"https:\/\/www.chnk.pl\/index.php?rest_route=\/wp\/v2\/posts\/2801\/revisions"}],"predecessor-version":[{"id":2802,"href":"https:\/\/www.chnk.pl\/index.php?rest_route=\/wp\/v2\/posts\/2801\/revisions\/2802"}],"wp:attachment":[{"href":"https:\/\/www.chnk.pl\/index.php?rest_route=%2Fwp%2Fv2%2Fmedia&parent=2801"}],"wp:term":[{"taxonomy":"category","embeddable":true,"href":"https:\/\/www.chnk.pl\/index.php?rest_route=%2Fwp%2Fv2%2Fcategories&post=2801"},{"taxonomy":"post_tag","embeddable":true,"href":"https:\/\/www.chnk.pl\/index.php?rest_route=%2Fwp%2Fv2%2Ftags&post=2801"}],"curies":[{"name":"wp","href":"https:\/\/api.w.org\/{rel}","templated":true}]}}