{"id":2797,"date":"2020-06-13T20:32:02","date_gmt":"2020-06-13T20:32:02","guid":{"rendered":"http:\/\/www.chnk.pl\/?p=2797"},"modified":"2020-06-13T20:32:02","modified_gmt":"2020-06-13T20:32:02","slug":"9-niedziela-zwykla-2","status":"publish","type":"post","link":"https:\/\/www.chnk.pl\/?p=2797","title":{"rendered":"9 Niedziela Zwyk\u0142a"},"content":{"rendered":"\n<p><br \/>OG\u0141OSZENIA DUSZPASTERSKIE<br \/>NIEDZIELA XI ZWYK\u0141A<br \/>14 czerwca 2020 r.<\/p>\n<p>1. Kalendarz liturgiczny: \u015broda \u2013 \u015bw. br. Alberta Chmielowskiego, pi\u0105tek &#8211; Uroczysto\u015b\u0107 Naj\u015bwi\u0119tszego Serca Pana Jezusa, sobota \u2013 Niepokalanego Serca Naj\u015bw. Maryi Panny.<\/p>\n<p>2. OKTAWA BO\u017bEGO CIA\u0141A. Poniedzia\u0142ek, wtorek, \u015broda i czwartek: godz. 17.30 \u2013 r\u00f3\u017caniec, godz.18.00 &#8211; nieszpory, msza \u015bw., Litania do Serca Pana Jezusa i procesja. Prosimy Parafian o ofiarowanie czasu Panu Jezusowi i udzia\u0142 w oktawie. Liczymy na obecno\u015b\u0107 ministrant\u00f3w i dziewczynek sypi\u0105cych kwiaty. W czwartek adoracja Naj\u015bwi\u0119tszego Sakramentu od godz. 17.00 w intencji poszanowania \u017cycia, a w sobot\u0119 adoracja Naj\u015bwi\u0119tszego Sakramentu w ciszy od godz. 19.15 do godz. 22.00.<\/p>\n<p>3. Spotkanie dzieci, kt\u00f3re przyst\u0105pi\u0105 do I Komunii \u015bw. 28 czerwca, odb\u0119dzie si\u0119 w \u015brod\u0119 17 czerwca o godz. 16.00 w salce parafialne. Dzieci przynosz\u0105 koniecznie ksi\u0105\u017ceczki do nabo\u017ce\u0144stwa.<\/p>\n<p>4. W \u015brod\u0119 po procesji Kr\u0105g Biblijny w salce parafialnej.<\/p>\n<p>5. W pi\u0105tek, Uroczysto\u015b\u0107 Naj\u015bwi\u0119tszego Serca Pana Jezusa. Dzie\u0144 modlitwy o \u015bwi\u0119to\u015b\u0107 kap\u0142an\u00f3w. Centralne uroczysto\u015bci religijne miasta Poznania w ko\u015bciele pw. Naj\u015bwi\u0119tszego Serca Pana Jezusa na Je\u017cycach: o godz. 18.00 msza \u015bw. i procesja Eucharystyczna na pl. Mickiewicza. Tam nabo\u017ce\u0144stwo wynagradzaj\u0105ce Naj\u015bwi\u0119tszemu Sercu Pana Jezusa. W najbli\u017cszy pi\u0105tek nie obowi\u0105zuje post. Prosimy o podtrzymanie flagowania mieszka\u0144. Zach\u0119camy Parafian do wzi\u0119cia udzia\u0142u w uroczysto\u015bciach og\u00f3lnomiejskich. W naszej parafii nie ma procesji.<\/p>\n<p>6. W pi\u0105tek, 19 dzie\u0144 miesi\u0105ca. W naszej Parafii procesja salety\u0144ska, wynagradzaj\u0105ca, ku czci Matki Bo\u017cej z La Salette, po porannej mszy \u015bw.<\/p>\n<p>7. Spotkanie m\u0142odzie\u017cy w pi\u0105tek, o godz. 19.15 w salce parafialnej, wej\u015bcie z dziedzi\u0144ca.<\/p>\n<p>8. B\u00f3g zap\u0142a\u0107 Parafianom, kt\u00f3rzy przygotowali o\u0142tarze na Bo\u017ce Cia\u0142o, kt\u00f3rzy udekorowali swoje okna i balkony. B\u00f3g zap\u0142a\u0107 s\u0142u\u017cbie ko\u015bcielnej i liturgicznej, dziewczynkom sypi\u0105cym kwiaty, grupom duszpasterskim za zaanga\u017cowanie. To staranie parafian jest dla wi\u0119kszej chwa\u0142y Bo\u017cej i dla podtrzymania uroczystej tradycji Bo\u017cego Cia\u0142a i oktawy.<\/p>\n<p>9. Zach\u0119camy do czytania prasy katolickiej. W kaplicy przy zakrystii: Przewodnik Katolicki, Ma\u0142y Przewodnik Katolicki, Go\u015b\u0107 Niedzielny, Ziarno, gazetka parafialna.<\/p>\n<p>10. M\u00f3dlmy si\u0119 za zmar\u0142ych parafian. Za dusz\u0119 \u015bp. Krystyny Gruszczy\u0144skiej, os. Lech 12. Pogrzeb odby\u0142 si\u0119 w Luboniu. Wieczny odpoczynek racz zmar\u0142ym da\u0107 Panie.<\/p>\n","protected":false},"excerpt":{"rendered":"<p>OG\u0141OSZENIA DUSZPASTERSKIENIEDZIELA XI ZWYK\u0141A14 czerwca 2020 r. 1. Kalendarz liturgiczny: \u015broda \u2013 \u015bw. br. Alberta Chmielowskiego, pi\u0105tek &#8211; Uroczysto\u015b\u0107 Naj\u015bwi\u0119tszego Serca Pana Jezusa, sobota \u2013 Niepokalanego Serca Naj\u015bw. Maryi Panny. 2. OKTAWA BO\u017bEGO CIA\u0141A. Poniedzia\u0142ek, wtorek, \u015broda i czwartek: godz. 17.30 \u2013 r\u00f3\u017caniec, godz.18.00 &#8211; nieszpory, msza \u015bw., Litania do Serca Pana Jezusa i procesja. &#8230; <span class=\"more\"><a class=\"more-link\" href=\"https:\/\/www.chnk.pl\/?p=2797\">czytaj wi\u0119cej<\/a><\/span><\/p>\n","protected":false},"author":3,"featured_media":0,"comment_status":"open","ping_status":"open","sticky":false,"template":"","format":"standard","meta":{"ngg_post_thumbnail":0,"footnotes":""},"categories":[1],"tags":[],"_links":{"self":[{"href":"https:\/\/www.chnk.pl\/index.php?rest_route=\/wp\/v2\/posts\/2797"}],"collection":[{"href":"https:\/\/www.chnk.pl\/index.php?rest_route=\/wp\/v2\/posts"}],"about":[{"href":"https:\/\/www.chnk.pl\/index.php?rest_route=\/wp\/v2\/types\/post"}],"author":[{"embeddable":true,"href":"https:\/\/www.chnk.pl\/index.php?rest_route=\/wp\/v2\/users\/3"}],"replies":[{"embeddable":true,"href":"https:\/\/www.chnk.pl\/index.php?rest_route=%2Fwp%2Fv2%2Fcomments&post=2797"}],"version-history":[{"count":1,"href":"https:\/\/www.chnk.pl\/index.php?rest_route=\/wp\/v2\/posts\/2797\/revisions"}],"predecessor-version":[{"id":2798,"href":"https:\/\/www.chnk.pl\/index.php?rest_route=\/wp\/v2\/posts\/2797\/revisions\/2798"}],"wp:attachment":[{"href":"https:\/\/www.chnk.pl\/index.php?rest_route=%2Fwp%2Fv2%2Fmedia&parent=2797"}],"wp:term":[{"taxonomy":"category","embeddable":true,"href":"https:\/\/www.chnk.pl\/index.php?rest_route=%2Fwp%2Fv2%2Fcategories&post=2797"},{"taxonomy":"post_tag","embeddable":true,"href":"https:\/\/www.chnk.pl\/index.php?rest_route=%2Fwp%2Fv2%2Ftags&post=2797"}],"curies":[{"name":"wp","href":"https:\/\/api.w.org\/{rel}","templated":true}]}}