{"id":2789,"date":"2020-06-06T21:13:14","date_gmt":"2020-06-06T21:13:14","guid":{"rendered":"http:\/\/www.chnk.pl\/?p=2789"},"modified":"2020-06-06T21:13:14","modified_gmt":"2020-06-06T21:13:14","slug":"niedziela-trojcy-przenajswietszej","status":"publish","type":"post","link":"https:\/\/www.chnk.pl\/?p=2789","title":{"rendered":"Niedziela Tr\u00f3jcy Przenaj\u015bwi\u0119tszej"},"content":{"rendered":"\n<p><br \/>OG\u0141OSZENIA DUSZPASTERSKIE<br \/>NIEDZIELA NAJ\u015aWI\u0118TSZEJ TR\u00d3JCY<br \/>7 czerwca 2020 r.<br \/>1. Kalendarz liturgiczny:<br \/>poniedzia\u0142ek \u2013 \u015bw. Jadwigi Kr\u00f3lowej,<br \/>wtorek \u2013 \u015bw. Efrema,<br \/>\u015broda \u2013 b\u0142. Bogumi\u0142a,<br \/>czwartek \u2013 Uroczysto\u015b\u0107 Naj\u015bwi\u0119tszego Cia\u0142a i Krwi Chrystusa (Urocz. Bo\u017cego Cia\u0142a), pi\u0105tek \u2013 b\u0142. m\u0119czennik\u00f3w z Dachau: ks.ks. Mariana Konopi\u0144skiego, J\u00f3zefa Kuta, W\u0142odzimierza Laskowskiego, Narcyza Putza<br \/>sobota \u2013 \u015bw. Antoniego z Padwy.<\/p>\n<p><br \/>2. W czwartek, Uroczysto\u015b\u0107 Naj\u015bwi\u0119tszego Cia\u0142a i Krwi Chrystusa ( Bo\u017ce Cia\u0142o). Centralna procesja rozpocznie si\u0119 msz\u0105 \u015bw. w Parafii Bo\u017cego Cia\u0142a o godz. 10.00 i przejdzie do Katedry. Uczy\u0144my Bo\u017ce Cia\u0142o publicznym wyznaniem wiary w Boga obecnego w Eucharystii i dajmy temu wyraz uczestnicz\u0105c w procesji og\u00f3lnomiejskiej. Msza \u015bw. w naszej Parafii w \u015brod\u0119 o godz. 18.00 (ju\u017c \u015bwi\u0105teczna) i w Bo\u017ce Cia\u0142o o godz. 8.00, 9.30, 11.15, 15.30 i po procesji oko\u0142o 16.30. Nie b\u0119dzie Mszy \u015bw. o godz. 12.30 i 18.00. R\u00f3\u017caniec w intencji powo\u0142a\u0144 kap\u0142a\u0144skich i zakonnych o godz 14.20. Obecno\u015b\u0107 na procesji nie zwalnia ze mszy \u015bw. Prosimy o udekorowanie okien i balkon\u00f3w, prosimy o to tak\u017ce tych parafian, kt\u00f3rzy wyje\u017cd\u017caj\u0105. W \u015brod\u0119 okazja do spowiedzi \u015bw. od godz. 16.30 do 18.00. W oktawie Bo\u017cego Cia\u0142a w dni powszednie Msza \u015bw. o godz. 18.00 z procesj\u0105, a w niedziel\u0119 po mszy \u015bw. o godz. 9.30. Dziewczynki (zw\u0142aszcza przygotowuj\u0105ce si\u0119 do I Komunii \u015bw.) prosimy o sypanie kwiat\u00f3w w Bo\u017ce Cia\u0142o i w oktaw\u0119. Pr\u00f3ba sypania kwiat\u00f3w od poniedzia\u0142ku do \u015brody, przy ko\u015bciele, o godz. 17.00. Prosimy o przynoszenie p\u0142atk\u00f3w kwiat\u00f3w i zostawianie ich przy zakrystii oraz przynoszenie zb\u0119dnych koszyczk\u00f3w do sypania kwiat\u00f3w.<\/p>\n<p>3. Spotkanie dla m\u0142odzie\u017cy w pi\u0105tek, o godz. 19.00 w salce, wej\u015bcie z dziedzi\u0144ca.<\/p>\n<p>4. OKTAWA BO\u017bEGO CIA\u0141A: pi\u0105tek i sobota: godz. 17.30 r\u00f3\u017caniec, godz.18.00 &#8211; nieszpory, msza \u015bw., Litania do Serca Pana Jezusa i procesja. Niedziela, 14.6: godz. 9.30 \u2013 msza \u015bw., Litania do Serca Pana Jezusa i procesja, a o godz. 17.25 \u2013 r\u00f3\u017caniec w intencji rodzin. Poniedzia\u0142ek, wtorek, \u015broda i czwartek: godz. 17.30 \u2013 r\u00f3\u017caniec, godz.18.00 &#8211; nieszpory, msza \u015bw., Litania do Serca Pana Jezusa i procesja.<\/p>\n<p>5. Dzisiaj, po mszy \u015bw., mo\u017cliwo\u015b\u0107 z\u0142o\u017cenia ofiary na \u015awi\u0105tynie Opatrzno\u015bci Bo\u017cej w Warszawie. W przysz\u0142a niedziel\u0119, przed ko\u015bcio\u0142em, mo\u017cliwo\u015b\u0107 z\u0142o\u017cenia ofiary na KUL i Wydzia\u0142 Teologiczny<\/p>\n<p>6. Zach\u0119camy do czytania prasy katolickiej. Przy zakrystii: Przewodnik Katolicki, Go\u015b\u0107 Niedzielny, Ma\u0142y Przewodnik Katolicki, Egzorcysta, gazetka parafialna i modlitewnik \u015aw. Jan Pawe\u0142 II Aposto\u0142 Mi\u0142osierdzia.<\/p>\n<p>UROCZYSTO\u015a\u0106 BO\u017bEGO CIA\u0141A I OKTAWA<\/p>\n<p><br \/>BO\u017bE CIA\u0141O Msza \u015bw.:<br \/>(w przeddzie\u0144) \u015broda: godz. 17.30 r\u00f3\u017caniec, 18.00 &#8211; msza \u015bw.,<br \/>czwartek: 8.00, 9.30, 11.15, 15.30, 16.15 (po procesji) Nie ma mszy \u015bw. o godz. 12.30 i 18.00<\/p>\n<p>OKTAWA BO\u017bEGO CIA\u0141A <br \/>pi\u0105tek, 12.6. godz. 17.30 r\u00f3\u017caniec,<br \/>godz.18.00 &#8211; nieszpory, msza \u015bw., Litania do Serca Pana Jezusa i procesja<br \/>sobota, 13.6. godz. 17.30 r\u00f3\u017caniec,<br \/>godz. 18.00 &#8211; nieszpory, msza \u015bw., Litania do Serca Pana Jezusa i procesja<br \/>niedziela, 14.6. godz. 9.30 \u2013 msza \u015bw., Litania do Serca Pana Jezusa i procesja<br \/>godz. 17.25 \u2013 r\u00f3\u017caniec w intencji rodzin, <br \/>poniedzia\u0142ek, 15.6. godz. 17.30 &#8211; r\u00f3\u017caniec, <br \/>godz.18.00 &#8211; nieszpory, msza \u015bw., Litania do Serca Pana Jezusa i procesja<br \/>wtorek, 16.6. godz.17.30 r\u00f3\u017caniec,<br \/>godz. 18.00 &#8211; nieszpory, msza \u015bw., Litania do Serca Pana Jezusa i procesja<br \/>\u015broda, 17.6. godz.17.30 r\u00f3\u017caniec,<br \/>godz.18.00 &#8211; nieszpory, msza \u015bw., Litania do Serca Pana Jezusa i procesja<br \/>czwartek, 18.6. godz. 18.00 &#8211; nieszpory, msza \u015bw., Litania do Serca Pana Jezusa i procesja<\/p>\n","protected":false},"excerpt":{"rendered":"<p>OG\u0141OSZENIA DUSZPASTERSKIENIEDZIELA NAJ\u015aWI\u0118TSZEJ TR\u00d3JCY7 czerwca 2020 r.1. Kalendarz liturgiczny:poniedzia\u0142ek \u2013 \u015bw. Jadwigi Kr\u00f3lowej,wtorek \u2013 \u015bw. Efrema,\u015broda \u2013 b\u0142. Bogumi\u0142a,czwartek \u2013 Uroczysto\u015b\u0107 Naj\u015bwi\u0119tszego Cia\u0142a i Krwi Chrystusa (Urocz. Bo\u017cego Cia\u0142a), pi\u0105tek \u2013 b\u0142. m\u0119czennik\u00f3w z Dachau: ks.ks. Mariana Konopi\u0144skiego, J\u00f3zefa Kuta, W\u0142odzimierza Laskowskiego, Narcyza Putzasobota \u2013 \u015bw. Antoniego z Padwy. 2. W czwartek, Uroczysto\u015b\u0107 Naj\u015bwi\u0119tszego Cia\u0142a &#8230; <span class=\"more\"><a class=\"more-link\" href=\"https:\/\/www.chnk.pl\/?p=2789\">czytaj wi\u0119cej<\/a><\/span><\/p>\n","protected":false},"author":3,"featured_media":0,"comment_status":"open","ping_status":"open","sticky":false,"template":"","format":"standard","meta":{"ngg_post_thumbnail":0,"footnotes":""},"categories":[1],"tags":[],"_links":{"self":[{"href":"https:\/\/www.chnk.pl\/index.php?rest_route=\/wp\/v2\/posts\/2789"}],"collection":[{"href":"https:\/\/www.chnk.pl\/index.php?rest_route=\/wp\/v2\/posts"}],"about":[{"href":"https:\/\/www.chnk.pl\/index.php?rest_route=\/wp\/v2\/types\/post"}],"author":[{"embeddable":true,"href":"https:\/\/www.chnk.pl\/index.php?rest_route=\/wp\/v2\/users\/3"}],"replies":[{"embeddable":true,"href":"https:\/\/www.chnk.pl\/index.php?rest_route=%2Fwp%2Fv2%2Fcomments&post=2789"}],"version-history":[{"count":1,"href":"https:\/\/www.chnk.pl\/index.php?rest_route=\/wp\/v2\/posts\/2789\/revisions"}],"predecessor-version":[{"id":2790,"href":"https:\/\/www.chnk.pl\/index.php?rest_route=\/wp\/v2\/posts\/2789\/revisions\/2790"}],"wp:attachment":[{"href":"https:\/\/www.chnk.pl\/index.php?rest_route=%2Fwp%2Fv2%2Fmedia&parent=2789"}],"wp:term":[{"taxonomy":"category","embeddable":true,"href":"https:\/\/www.chnk.pl\/index.php?rest_route=%2Fwp%2Fv2%2Fcategories&post=2789"},{"taxonomy":"post_tag","embeddable":true,"href":"https:\/\/www.chnk.pl\/index.php?rest_route=%2Fwp%2Fv2%2Ftags&post=2789"}],"curies":[{"name":"wp","href":"https:\/\/api.w.org\/{rel}","templated":true}]}}