{"id":2783,"date":"2020-05-30T18:25:59","date_gmt":"2020-05-30T18:25:59","guid":{"rendered":"http:\/\/www.chnk.pl\/?p=2783"},"modified":"2020-05-30T20:11:23","modified_gmt":"2020-05-30T20:11:23","slug":"zeslanie-ducha-swietego-3","status":"publish","type":"post","link":"https:\/\/www.chnk.pl\/?p=2783","title":{"rendered":"Zes\u0142anie Ducha \u015awi\u0119tego"},"content":{"rendered":"\n<p>OG\u0141OSZENIA DUSZPASTERSKIE<br \/>ZES\u0141ANIE DUCHA \u015aWI\u0118TEGO<br \/>31 maja 2020 r.<br \/>1. Kalendarz liturgiczny: poniedzia\u0142ek \u2013 NMP Matki Ko\u015bcio\u0142a, wtorek- \u015bw. Marcelina, \u015broda \u2013 \u015bw. mm. Karola Lwangi i towarzyszy, czwartek \u2013 \u015bwi\u0119to Jezusa Chrystusa Najwy\u017cszego i Wiecznego Kap\u0142an, pi\u0105tek \u2013 \u015bw. Bonifacego, sobota \u2013 \u015bw. Norberta.<br \/>2. W poniedzia\u0142ek, II \u015bwi\u0119to Zielonych \u015awi\u0105t, \u015awi\u0119to Naj\u015bwi\u0119tszej Maryi Panny Matki Ko\u015bcio\u0142a. Zapraszamy na msz\u0119 \u015bw. o godz.: 8.00 i 18.00.<br \/>3. Nabo\u017ce\u0144stwo czerwcowe do Naj\u015bwi\u0119tszego Serca Pana Jezusa po mszy \u015bw. porannej i wieczornej.<br \/>4. W \u015brod\u0119 katecheza dla dzieci przygotowuj\u0105cych si\u0119 do I Komunii \u015bw. O godz. 14.00 dla grupy z 28 czerwca, o godz. 15.00 dla grupy z 12.09 i o godz. 16.00 dla grupy z 13.9. Spotkanie w salce parafialnej.<br \/>5. Kr\u0105g Biblijny w \u015brod\u0119 po wieczornej mszy \u015bw. w salce parafialnej.<br \/>6. Spotkanie wsp\u00f3lnoty r\u00f3\u017ca\u0144cowej w \u015brod\u0119 po wieczornej mszy \u015bw. w ko\u015bciele.<br \/>7. Odpust w naszej Parafii. Ojciec \u015bw. Benedykt XVI ustanowi\u0142 \u015bwi\u0119to Jezusa Chrystusa Najwy\u017cszego i Wiecznego Kap\u0142ana, obchodzone w czwartek po Zes\u0142aniu Ducha \u015awi\u0119tego. Zatem Odpust w naszej parafii w najbli\u017cszy czwartek. Msza \u015bw. z kazaniem odpustowym o godz. 8.00 i 18.00. Celebruje ks. Rafa\u0142 Rybacki.<br \/>8. W tym tygodniu: I czwartek, I pi\u0105tek, i I sobota miesi\u0105ca. Adoracja Naj\u015bwi\u0119t\u00acszego Sakra\u00acmentu w czwartek przed po\u0142udniem od godz. 8.00 do 10.30 (r\u00f3\u017caniec w intencji dziecka nienarodzonego) i od 18.00 do 21.00 w intencji powo\u0142a\u0144. Odwiedziny chorych z sakramentami \u015bw. w pi\u0105tek i sobot\u0119, jednak tylko tych, kt\u00f3rzy odnowi\u0105 pragnienie przyj\u0119cia sakrament\u00f3w \u015bw. Zg\u0142oszenia w zakrystii, Biurze Parafialnym lub telefonicznie. W pi\u0105tek spowied\u017a \u015bw. od godz.16.00 w salce. Nabo\u017ce\u0144stwo do Niepokalanego Serca Matki Bo\u017cej w sobot\u0119, 6 czerwca, o godz. 7.15. Spotkanie wsp\u00f3lnoty ma\u0142\u017ce\u0144stw w sobot\u0119 o godz. 19.15 w ko\u015bciele.<br \/>9. Transmisja mszy \u015bw. z naszego ko\u015bcio\u0142a, w przysz\u0142a niedziel\u0119 tylko o godz. 11.15.<br \/>10. Spotkanie w sprawie o\u0142tarzy na Bo\u017ce Cia\u0142o dla wszystkich przygotowuj\u0105cych o\u0142tarze w pi\u0105tek o godz. 19.00 w salce parafialnej.<\/p>\n<p>11. Zapraszamy na spotkanie duszpasterstwa m\u0142odzie\u017cy w pi\u0105tek o 19:00 w salce.<\/p>\n<p>12. W poniedzia\u0142ek odpust w Parafii Nawiedzenia NMP, suma o godz. 19.00.<br \/>13. W przysz\u0142\u0105 niedziel\u0119, 7 czerwca br., b\u0119dziemy \u015bwi\u0119towa\u0107 Dzie\u0144 Dzi\u0119kczynienia. Zawierzymy si\u0119 Bo\u017cej Opatrzno\u015bci i b\u0119dziemy dzi\u0119kowa\u0107 za odzyskanie niepodleg\u0142o\u015bci. Przed ko\u015bcio\u0142em mo\u017cliwo\u015b\u0107 z\u0142o\u017cenia ofiary na budow\u0119 \u015awi\u0105tyni Opatrzno\u015bci Bo\u017cej w Warszawie.<br \/>14. Zach\u0119camy do czytania Przewodnika Katolickiego. Jest Go\u015b\u0107 Niedzielny i gazetka parafialna Prosimy dzieci, aby zabiera\u0142y Ziarno z niedzieln\u0105 Ewangeli\u0105 i odczyta\u0142y j\u0105 w rodzinie przed wsp\u00f3lnym posi\u0142kiem, albo w czasie wieczornego pacierza. Og\u0142oszenia tak\u017ce na parafialnej stronie internetowej.<\/p>\n","protected":false},"excerpt":{"rendered":"<p>OG\u0141OSZENIA DUSZPASTERSKIEZES\u0141ANIE DUCHA \u015aWI\u0118TEGO31 maja 2020 r.1. Kalendarz liturgiczny: poniedzia\u0142ek \u2013 NMP Matki Ko\u015bcio\u0142a, wtorek- \u015bw. Marcelina, \u015broda \u2013 \u015bw. mm. Karola Lwangi i towarzyszy, czwartek \u2013 \u015bwi\u0119to Jezusa Chrystusa Najwy\u017cszego i Wiecznego Kap\u0142an, pi\u0105tek \u2013 \u015bw. Bonifacego, sobota \u2013 \u015bw. Norberta.2. W poniedzia\u0142ek, II \u015bwi\u0119to Zielonych \u015awi\u0105t, \u015awi\u0119to Naj\u015bwi\u0119tszej Maryi Panny Matki Ko\u015bcio\u0142a. Zapraszamy &#8230; <span class=\"more\"><a class=\"more-link\" href=\"https:\/\/www.chnk.pl\/?p=2783\">czytaj wi\u0119cej<\/a><\/span><\/p>\n","protected":false},"author":3,"featured_media":0,"comment_status":"open","ping_status":"open","sticky":false,"template":"","format":"standard","meta":{"ngg_post_thumbnail":0,"footnotes":""},"categories":[1],"tags":[],"_links":{"self":[{"href":"https:\/\/www.chnk.pl\/index.php?rest_route=\/wp\/v2\/posts\/2783"}],"collection":[{"href":"https:\/\/www.chnk.pl\/index.php?rest_route=\/wp\/v2\/posts"}],"about":[{"href":"https:\/\/www.chnk.pl\/index.php?rest_route=\/wp\/v2\/types\/post"}],"author":[{"embeddable":true,"href":"https:\/\/www.chnk.pl\/index.php?rest_route=\/wp\/v2\/users\/3"}],"replies":[{"embeddable":true,"href":"https:\/\/www.chnk.pl\/index.php?rest_route=%2Fwp%2Fv2%2Fcomments&post=2783"}],"version-history":[{"count":2,"href":"https:\/\/www.chnk.pl\/index.php?rest_route=\/wp\/v2\/posts\/2783\/revisions"}],"predecessor-version":[{"id":2786,"href":"https:\/\/www.chnk.pl\/index.php?rest_route=\/wp\/v2\/posts\/2783\/revisions\/2786"}],"wp:attachment":[{"href":"https:\/\/www.chnk.pl\/index.php?rest_route=%2Fwp%2Fv2%2Fmedia&parent=2783"}],"wp:term":[{"taxonomy":"category","embeddable":true,"href":"https:\/\/www.chnk.pl\/index.php?rest_route=%2Fwp%2Fv2%2Fcategories&post=2783"},{"taxonomy":"post_tag","embeddable":true,"href":"https:\/\/www.chnk.pl\/index.php?rest_route=%2Fwp%2Fv2%2Ftags&post=2783"}],"curies":[{"name":"wp","href":"https:\/\/api.w.org\/{rel}","templated":true}]}}