{"id":2780,"date":"2020-05-30T18:23:10","date_gmt":"2020-05-30T18:23:10","guid":{"rendered":"http:\/\/www.chnk.pl\/?p=2780"},"modified":"2020-05-30T18:23:10","modified_gmt":"2020-05-30T18:23:10","slug":"dekret-dotyczacy-duszpasterstwa-po-zniesieniu-limitow-uczestnikow-liturgii","status":"publish","type":"post","link":"https:\/\/www.chnk.pl\/?p=2780","title":{"rendered":"DEKRET dotycz\u0105cy duszpasterstwa po zniesieniu limit\u00f3w uczestnik\u00f3w liturgii"},"content":{"rendered":"\n<p>DEKRET<br \/>dotycz\u0105cy duszpasterstwa po zniesieniu limit\u00f3w uczestnik\u00f3w liturgii<\/p>\n<p>W zwi\u0105zku ze zniesieniem z dniem 30 maja br. limitu uczestnik\u00f3w zgromadze\u0144 religijnych oraz z aktualn\u0105 sytuacj\u0105 epidemiologiczn\u0105, zmianom ulegaj\u0105 poni\u017csze zasady dotycz\u0105ce duszpasterstwa. Poza sprawami uwzgl\u0119dnionymi w niniejszym dekrecie, nadal obowi\u0105zuj\u0105 regulacje zawarte w wydanych dla Archidiecezji Pozna\u0144skiej poprzednich aktach prawnych.<\/p>\n<p>1. Udzia\u0142 w liturgii<br \/>Z dniem 30 maja br. przestaje obowi\u0105zywa\u0107 limit uczestnik\u00f3w zgromadze\u0144 liturgicznych (obowi\u0105zkowe pozostaje zakrywanie twarzy maseczk\u0105 przez uczestnik\u00f3w liturgii wed\u0142ug dotychczasowych zasad oraz zachowanie bezpiecznego dystansu). Zniesienie liczby uczestnik\u00f3w dotyczy tak\u017ce pogrzeb\u00f3w.<br \/>Nale\u017cy zachowa\u0107 dotychczas nakazane zasady dotycz\u0105ce bezpiecze\u0144stwa i higieny, jak r\u00f3wnie\u017c zasady dotycz\u0105ce udzielania Komunii \u015awi\u0119tej i sprawowania sakramentu pokuty. Celebrans lub proboszcz podczas ka\u017cdej liturgii winien wyra\u017anie zapowiedzie\u0107 porz\u0105dek dw\u00f3ch sposob\u00f3w udzielania Komunii \u015awi\u0119tej.<\/p>\n<p>2. Dyspensa<br \/>Do niedzieli 31 maja br. obowi\u0105zuje og\u00f3lna dyspensa od obowi\u0105zku niedzielnego i \u015bwi\u0105tecznego uczestnictwa we Mszy \u015awi\u0119tej udzielona wiernym Archidiecezji Pozna\u0144skiej oraz pozosta\u0142ym wiernym przebywaj\u0105cym na terenie Archidiecezji Pozna\u0144skiej.<br \/>Od niedzieli 7 czerwca obowi\u0105zywa\u0107 b\u0119dzie ju\u017c tylko dyspensa dla:<br \/>a. os\u00f3b w podesz\u0142ym wieku i kobiet w stanie b\u0142ogos\u0142awionym,<br \/>b. os\u00f3b z objawami infekcji (np. kaszel, katar, podwy\u017cszona temperatura itp.),<br \/>c. os\u00f3b, kt\u00f3re czuj\u0105 wielk\u0105 obaw\u0119 przed zara\u017ceniem.<br \/>Zach\u0119cam usilnie wiernych do udzia\u0142u w Mszach \u015awi\u0119tych oraz do korzystania z sakramentu pokuty.<\/p>\n<p>3. Czas Komunii wielkanocnej<br \/>Przed\u0142u\u017cam czas Komunii wielkanocnej w Archidiecezji Pozna\u0144skiej do \u015awi\u0119ta Podwy\u017cszenia Krzy\u017ca \u015awi\u0119tego, tj. do dnia 14 wrze\u015bnia 2020 roku. Przyj\u0119cie Komunii \u015bw. wielkanocnej w naznaczonym terminie nale\u017cy do podstawowych obowi\u0105zk\u00f3w katolika. Zach\u0119cam gor\u0105co Archidiecezjan, kt\u00f3rzy jeszcze tego nie uczynili, aby z \u017cyw\u0105 wiar\u0105 i \u017carliw\u0105 skruch\u0105 przyst\u0105pili do sakramentu pokuty i duchowo odnowieni przyj\u0119li Chrystusa w Komunii \u015bw. Kap\u0142an\u00f3w prosz\u0119 o stworzenie szerokich mo\u017cliwo\u015bci przyst\u0105pienia do spowiedzi.<\/p>\n<p>4. Pierwsza Komunia \u015awi\u0119ta<br \/>Nadal obowi\u0105zuj\u0105 dotychczas wydane zasady dotycz\u0105ce organizacji uroczysto\u015bci Pierwszej Komunii \u015awi\u0119tej.<\/p>\n<p>5. Duszpasterstwo chorych i pos\u0142uga nadzwyczajnych szafarzy Komunii \u015awi\u0119tej<br \/>Je\u015bli chorzy wyra\u017caj\u0105 tak\u0105 wol\u0119, mo\u017cliwe jest odwiedzanie ich z sakramentami \u015bwi\u0119tymi.<br \/>Z dniem 31 maja br. zostaje przywr\u00f3cona pos\u0142uga nadzwyczajnych szafarzy Komunii \u015awi\u0119tej. Wznowiony zostaje tegoroczny kurs dla kandydat\u00f3w na nadzwyczajnych szafarzy \u2013 wed\u0142ug kalendarza przygotowanego przez Duszpasterza Szafarzy.<\/p>\n<p>6. Modlitwa r\u00f3\u017ca\u0144cowa<br \/>Zapraszam wszystkich \u2013 kap\u0142an\u00f3w, osoby \u017cycia konsekrowanego i wiernych \u015bwieckich \u2013 do wytrwa\u0142ej modlitwy we wsp\u00f3lnotach domowych, w szczeg\u00f3lno\u015bci do modlitwy r\u00f3\u017ca\u0144cowej o godz. 20.30 w jedno\u015bci z Ojcem \u015awi\u0119tym Franciszkiem. Modlitwa ta trwa\u0107 b\u0119dzie do Uroczysto\u015bci Bo\u017cego Cia\u0142a, czyli do dnia 11 czerwca.<br \/>Prosz\u0119, aby uwzgl\u0119dni\u0107 w niej r\u00f3wnie\u017c intencj\u0119 o dar nowych powo\u0142a\u0144 kap\u0142a\u0144skich, zakonnych i misyjnych z Archidiecezji Pozna\u0144skiej, a ostatnie dziewi\u0119\u0107 dni ofiarowa\u0107 te\u017c jako dzi\u0119kczynienie za wszelkie \u0142aski, jakich dobry B\u00f3g udzieli\u0142 nam wszystkim w minionych tygodniach.<\/p>\n<p>7. Sakrament bierzmowania<br \/>W parafiach, w kt\u00f3rych bierzmowanie przewidziane by\u0142o w terminach wiosennych, uroczysto\u015b\u0107 udzielenia tego sakramentu mo\u017cna zorganizowa\u0107 latem lub jesieni\u0105. Ksi\u0119\u017ca biskupi b\u0119d\u0105 gotowi do pos\u0142ugi po uroczysto\u015bci Bo\u017cego Cia\u0142a. Termin \u2013 w zale\u017cno\u015bci od woli rodzic\u00f3w i stanu przygotowania m\u0142odzie\u017cy \u2013 nale\u017cy ustali\u0107 z ksi\u0119dzem biskupem, kt\u00f3ry mia\u0142 w bie\u017c\u0105cym roku udzieli\u0107 w danej parafii bierzmowania. Zach\u0119ca si\u0119 do wsp\u00f3lnych bierzmowa\u0144 mi\u0119dzyparafialnych lub dekanalnych.<br \/>W parafiach, w kt\u00f3rych bierzmowanie przewidziane by\u0142o w terminach jesiennych, sakrament ten udzielony zostanie wed\u0142ug dotychczasowych ustale\u0144.<br \/>Bierzmowanie dla doros\u0142ych odb\u0119dzie si\u0119 w katedrze pozna\u0144skiej w niedziel\u0119 30 sierpnia o godz. 14.00.<\/p>\n<p>8. Wizytacje kanoniczne<br \/>Wizytacje kanoniczne przewidziane w terminach wiosennych zostaj\u0105 przeniesione na jesie\u0144, a wizytacje jesienne odb\u0119d\u0105 si\u0119 w roku 2021, chyba \u017ce wizytator co innego ustali z zainteresowanymi ksi\u0119\u017cmi proboszczami.<\/p>\n<p>9. Spotkania duszpasterskie<br \/>Mo\u017cna powr\u00f3ci\u0107 do spotka\u0144 grup duszpasterskich oraz grupowego przygotowania do przyj\u0119cia sakrament\u00f3w. We wszelkich spotkaniach nieliturgicznych nale\u017cy przestrzega\u0107 limitu 150 os\u00f3b.<br \/>Katecheza przedma\u0142\u017ce\u0144ska oraz spotkania w poradniach dla narzeczonych wracaj\u0105 do normalnego trybu funkcjonowania od dnia 1 czerwca, wed\u0142ug ustalonego wcze\u015bniej harmonogramu. Ze wzgl\u0119du na zachowanie zasad bezpiecze\u0144stwa zaleca si\u0119, aby katechezy odbywa\u0142y si\u0119 w ko\u015bcio\u0142ach. Szczeg\u00f3\u0142owe informacje s\u0105 dost\u0119pne na stronie internetowej Duszpasterstwa Rodzin.<\/p>\n<p>10. Nawiedzenie Obrazu MB Cz\u0119stochowskiej<br \/>Wznowienie Nawiedzenia nast\u0105pi w\u00f3wczas, gdy b\u0119d\u0105 mo\u017cliwe du\u017ce zgromadzenia publiczne. Kontynuacj\u0119 Nawiedzenia rozpoczniemy w dekanacie przem\u0119ckim, zachowuj\u0105c dotychczasow\u0105 kolejno\u015b\u0107 parafii.<\/p>\n<p>11. Bo\u017ce Cia\u0142o i pielgrzymki<br \/>Bior\u0105c pod uwag\u0119 aktualnie obowi\u0105zuj\u0105cy stan prawny, nie organizuje si\u0119 procesji Bo\u017cego Cia\u0142a ulicami parafii. W uroczysto\u015b\u0107 Naj\u015bwi\u0119tszego Cia\u0142a i Krwi Chrystusa mo\u017cliwa jest procesja eucharystyczna po Mszy \u015bw. wok\u00f3\u0142 ko\u015bcio\u0142a. Z uwagi na zachowanie limitu 150 uczestnik\u00f3w zgromadze\u0144 poza \u015bwi\u0105tyni\u0105 zaleca si\u0119, by odby\u0142o si\u0119 kilka procesji.<br \/>W najbli\u017cszym czasie zostanie r\u00f3wnie\u017c opublikowany komunikat dotycz\u0105cy szczeg\u00f3\u0142\u00f3w organizacji pielgrzymek.<\/p>\n<p>12. \u015awiadectwa czasu epidemii<br \/>Nale\u017cy zadba\u0107 o udokumentowanie do\u015bwiadczenia wiary i \u017cycia Ko\u015bcio\u0142a w czasie pandemii, zach\u0119caj\u0105c wiernych do spisania lub nagrania \u015bwiadectw z prze\u017cywania minionego czasu. Kap\u0142ani proszeni s\u0105 o przesy\u0142anie do Kurii swoich \u015bwiadectw z \u017cycia wsp\u00f3lnot parafialnych.<\/p>\n<p>13. Odnowienie przyrzecze\u0144 kap\u0142a\u0144skich<br \/>Uroczysta Msza \u015awi\u0119ta koncelebrowana z odnowieniem przyrzecze\u0144 kap\u0142a\u0144skich odb\u0119dzie si\u0119 w katedrze pozna\u0144skiej w sobot\u0119 20 czerwca br. o godz. 11.00. Ju\u017c teraz serdecznie zapraszam wszystkich kap\u0142an\u00f3w i prosz\u0119 o uwzgl\u0119dnienie tej daty w planowaniu zaj\u0119\u0107.<\/p>\n<p>\u2020 Stanis\u0142aw G\u0105decki<br \/>Arcybiskup Metropolita Pozna\u0144ski<\/p>\n<p><br \/>ks. dr pra\u0142at Ireneusz Dosz<br \/>Kanclerz Kurii<\/p>\n","protected":false},"excerpt":{"rendered":"<p>DEKRETdotycz\u0105cy duszpasterstwa po zniesieniu limit\u00f3w uczestnik\u00f3w liturgii W zwi\u0105zku ze zniesieniem z dniem 30 maja br. limitu uczestnik\u00f3w zgromadze\u0144 religijnych oraz z aktualn\u0105 sytuacj\u0105 epidemiologiczn\u0105, zmianom ulegaj\u0105 poni\u017csze zasady dotycz\u0105ce duszpasterstwa. Poza sprawami uwzgl\u0119dnionymi w niniejszym dekrecie, nadal obowi\u0105zuj\u0105 regulacje zawarte w wydanych dla Archidiecezji Pozna\u0144skiej poprzednich aktach prawnych. 1. Udzia\u0142 w liturgiiZ dniem 30 &#8230; <span class=\"more\"><a class=\"more-link\" href=\"https:\/\/www.chnk.pl\/?p=2780\">czytaj wi\u0119cej<\/a><\/span><\/p>\n","protected":false},"author":3,"featured_media":0,"comment_status":"open","ping_status":"open","sticky":false,"template":"","format":"standard","meta":{"ngg_post_thumbnail":0,"footnotes":""},"categories":[1],"tags":[],"_links":{"self":[{"href":"https:\/\/www.chnk.pl\/index.php?rest_route=\/wp\/v2\/posts\/2780"}],"collection":[{"href":"https:\/\/www.chnk.pl\/index.php?rest_route=\/wp\/v2\/posts"}],"about":[{"href":"https:\/\/www.chnk.pl\/index.php?rest_route=\/wp\/v2\/types\/post"}],"author":[{"embeddable":true,"href":"https:\/\/www.chnk.pl\/index.php?rest_route=\/wp\/v2\/users\/3"}],"replies":[{"embeddable":true,"href":"https:\/\/www.chnk.pl\/index.php?rest_route=%2Fwp%2Fv2%2Fcomments&post=2780"}],"version-history":[{"count":1,"href":"https:\/\/www.chnk.pl\/index.php?rest_route=\/wp\/v2\/posts\/2780\/revisions"}],"predecessor-version":[{"id":2781,"href":"https:\/\/www.chnk.pl\/index.php?rest_route=\/wp\/v2\/posts\/2780\/revisions\/2781"}],"wp:attachment":[{"href":"https:\/\/www.chnk.pl\/index.php?rest_route=%2Fwp%2Fv2%2Fmedia&parent=2780"}],"wp:term":[{"taxonomy":"category","embeddable":true,"href":"https:\/\/www.chnk.pl\/index.php?rest_route=%2Fwp%2Fv2%2Fcategories&post=2780"},{"taxonomy":"post_tag","embeddable":true,"href":"https:\/\/www.chnk.pl\/index.php?rest_route=%2Fwp%2Fv2%2Ftags&post=2780"}],"curies":[{"name":"wp","href":"https:\/\/api.w.org\/{rel}","templated":true}]}}