{"id":2773,"date":"2020-05-23T21:41:34","date_gmt":"2020-05-23T21:41:34","guid":{"rendered":"http:\/\/www.chnk.pl\/?p=2773"},"modified":"2020-05-23T21:41:34","modified_gmt":"2020-05-23T21:41:34","slug":"wniebowstapienie-panskie","status":"publish","type":"post","link":"https:\/\/www.chnk.pl\/?p=2773","title":{"rendered":"Wniebowst\u0105pienie Pa\u0144skie"},"content":{"rendered":"\n<p><br \/>OG\u0141OSZENIA DUSZPASTERSKIE<br \/>NIEDZIELA VII WIELKANOCY<br \/>WNIEBOWST\u0104PIENIE PA\u0143SKIE<br \/>24 maja 2020 r.<br \/>1. Kalendarz liturgiczny: poniedzia\u0142ek \u2013 \u015bw. Bedy Czcigodnego, wtorek \u2013 \u015bw. Filipa Neri \u015broda \u2013 \u015bw. Paw\u0142a VI i \u015bw. Augustyna z Canterbury, pi\u0105tek \u2013 \u015bw. \u015bw. Urszuli Led\u00f3chowskiej, patronki Archidiecezji, sobota \u015bw. Jana Sarkandra i \u015bw. Zdzis\u0142awy.<br \/>2. Nabo\u017ce\u0144stwa majowe po porannej mszy \u015bw. i o godz. 17.30.<br \/>3. Podtrzymujemy jeszcze transmitowanie parafialnych mszy \u015bw. niedzielnych o godz. 9:30 i 11:15 www.facebook.com\/parafiachnk. Ponadto na parafialnym Facebooku przygotowujemy specjalne nagrania dla dzieci ze s\u0142owem do niedzielnej Ewangelii (nagrania ukazuj\u0105 si\u0119 w sobot\u0119 o 18:00 przed dan\u0105 niedziel\u0105). . 4. W czwartek adoracja Naj\u015bwi\u0119tszego Sakramentu od godz. 8.00 do 10.30. . 5. Rocznica I Komunii \u015bw. w poniedzia\u0142ek, 1 czerwca na mszy \u015bw. o godz. 19.15. Zebranie rodzic\u00f3w tych dzieci w poniedzia\u0142ek, jutro, 25 maja, o godz. 19.00 w ko\u015bciele. 6. Parafia organizuje internetowe rekolekcje przez Uroczysto\u015bci\u0105 Zes\u0142ania Ducha \u015awi\u0119tego transmitowane przez parafialn\u0105 stron\u0119 na Facebooku: www.facebook.com\/parafiachnk. Poprowadzi je ks. Micha\u0142 Tomiak, duszpasterz akademicki parafii \u015bw. Rocha w Poznaniu. Rekolekcje (nauka, czuwanie, r\u00f3\u017caniec) odb\u0119d\u0105 si\u0119 w dniach 28-30 maja o godz. 19:30; Zapraszamy na nie szczeg\u00f3lnie m\u0142odzie\u017c przygotowuj\u0105c\u0105 si\u0119 do bierzmowania i rodzic\u00f3w dzieci komunijnych, a do ko\u015bcio\u0142a do 60 os\u00f3b. . 7. Trwa czas spowiedzi i komunii \u015bw. wielkanocnej. Okazja do spowiedzi \u015bw.: w poniedzia\u0142ek p\u00f3\u0142 godziny przed porann\u0105 i wieczorn\u0105 msz\u0105 \u015bw., we wtorek i \u015brod\u0119 p\u00f3\u0142 godziny przed porann\u0105 msz\u0105 \u015bw. oraz po mszy \u015bw. wieczornej do godz. 19.30, w czwartek i pi\u0105tek p\u00f3\u0142 godziny przed porann\u0105 i wieczorn\u0105 msz\u0105 \u015bw.; w sobot\u0119 p\u00f3\u0142 godziny przed porann\u0105 msz\u0105 \u015bw. oraz od godz. 16.00 do 18.00; w niedziel\u0119 przed mszami \u015bw. z wyj\u0105tkiem mszy \u015bw. wieczornej. Spowied\u017a \u015bw. w salce parafialnej, wej\u015bcie z dziedzi\u0144ca, z oczekiwaniem na zewn\u0105trz. . 8. W obecnym czasie, kiedy nie ma mo\u017cliwo\u015bci organizowania drzwi otwartych w szkole, informujemy parafian o naborze do liceum i naborze uzupe\u0142niaj\u0105cym do szko\u0142y podstawowej &#8211; szk\u00f3\u0142 prowadzonych przez siostry zmartwychwstanki przy ul. G\u0142ogowskiej. 9. W zwi\u0105zku z przed\u0142u\u017caj\u0105cym si\u0119 okresem epidemii, od 25 maja br., jest wprowadzona mo\u017cliwo\u015b\u0107 uczestniczenia w katechezach przedma\u0142\u017ce\u0144skich online. Cykl katechez rozpoczyna si\u0119 w poniedzia\u0142ek o godz. 19.00 (kalendarz katechez na stronie https:\/\/www.dr.archpoznan.pl). Katechezy kierowane s\u0105 wy\u0142\u0105cznie do par, kt\u00f3re planuj\u0105 \u015blub w roku 2020 na terenie Archidiecezji Pozna\u0144skiej. . 10. Zach\u0119camy do czytania prasy katolickiej. Przy zakrystii: Przewodnik Katolicki, Go\u015b\u0107 Niedzielny, Ziarno, gazetka parafialna. . 11. M\u00f3dlmy si\u0119 za zmar\u0142ych Parafian. Za dusz\u0119 \u015bp. Roberta Manikowskiego, os. Lecha 39. Wieczny odpoczynek raz zmar\u0142ym da\u0107 Panie.<\/p>\n","protected":false},"excerpt":{"rendered":"<p>OG\u0141OSZENIA DUSZPASTERSKIENIEDZIELA VII WIELKANOCYWNIEBOWST\u0104PIENIE PA\u0143SKIE24 maja 2020 r.1. Kalendarz liturgiczny: poniedzia\u0142ek \u2013 \u015bw. Bedy Czcigodnego, wtorek \u2013 \u015bw. Filipa Neri \u015broda \u2013 \u015bw. Paw\u0142a VI i \u015bw. Augustyna z Canterbury, pi\u0105tek \u2013 \u015bw. \u015bw. Urszuli Led\u00f3chowskiej, patronki Archidiecezji, sobota \u015bw. Jana Sarkandra i \u015bw. Zdzis\u0142awy.2. Nabo\u017ce\u0144stwa majowe po porannej mszy \u015bw. i o godz. 17.30.3. &#8230; <span class=\"more\"><a class=\"more-link\" href=\"https:\/\/www.chnk.pl\/?p=2773\">czytaj wi\u0119cej<\/a><\/span><\/p>\n","protected":false},"author":3,"featured_media":0,"comment_status":"open","ping_status":"open","sticky":false,"template":"","format":"standard","meta":{"ngg_post_thumbnail":0,"footnotes":""},"categories":[1],"tags":[],"_links":{"self":[{"href":"https:\/\/www.chnk.pl\/index.php?rest_route=\/wp\/v2\/posts\/2773"}],"collection":[{"href":"https:\/\/www.chnk.pl\/index.php?rest_route=\/wp\/v2\/posts"}],"about":[{"href":"https:\/\/www.chnk.pl\/index.php?rest_route=\/wp\/v2\/types\/post"}],"author":[{"embeddable":true,"href":"https:\/\/www.chnk.pl\/index.php?rest_route=\/wp\/v2\/users\/3"}],"replies":[{"embeddable":true,"href":"https:\/\/www.chnk.pl\/index.php?rest_route=%2Fwp%2Fv2%2Fcomments&post=2773"}],"version-history":[{"count":1,"href":"https:\/\/www.chnk.pl\/index.php?rest_route=\/wp\/v2\/posts\/2773\/revisions"}],"predecessor-version":[{"id":2774,"href":"https:\/\/www.chnk.pl\/index.php?rest_route=\/wp\/v2\/posts\/2773\/revisions\/2774"}],"wp:attachment":[{"href":"https:\/\/www.chnk.pl\/index.php?rest_route=%2Fwp%2Fv2%2Fmedia&parent=2773"}],"wp:term":[{"taxonomy":"category","embeddable":true,"href":"https:\/\/www.chnk.pl\/index.php?rest_route=%2Fwp%2Fv2%2Fcategories&post=2773"},{"taxonomy":"post_tag","embeddable":true,"href":"https:\/\/www.chnk.pl\/index.php?rest_route=%2Fwp%2Fv2%2Ftags&post=2773"}],"curies":[{"name":"wp","href":"https:\/\/api.w.org\/{rel}","templated":true}]}}