{"id":2765,"date":"2020-05-16T20:17:31","date_gmt":"2020-05-16T20:17:31","guid":{"rendered":"http:\/\/www.chnk.pl\/?p=2765"},"modified":"2020-05-17T18:50:52","modified_gmt":"2020-05-17T18:50:52","slug":"6-niedziela-wielkanocna-3","status":"publish","type":"post","link":"https:\/\/www.chnk.pl\/?p=2765","title":{"rendered":"6 Niedziela Wielkanocna"},"content":{"rendered":"\n<p>OG\u0141OSZENIA DUSZPASTERSKIE<br \/>NIEDZIELA VI WIELKANOCNA<br \/>17 maja 2020 r.<br \/>1. Kalendarz liturgiczny: \u015broda \u2013 \u015bw. Bernardyna ze Sieny, czwartek \u2013 \u015bw. Krzysztofa Magallanesa oraz \u015bw. Eugeniusza de Mazenod, pi\u0105tek \u2013 \u015bw. Rity z Cascii, niedziela \u2013 uroczysto\u015b\u0107 Wniebowst\u0105pienia Pa\u0144skiego.<br \/>2. Zgodnie z najnowszymi zarz\u0105dzeniami w\u0142adz pa\u0144stwowych i ko\u015bcielnych podczas ka\u017cdej mszy \u015bw. mo\u017ce przebywa\u0107 wewn\u0105trz naszego ko\u015bcio\u0142a jednorazowo maksymalnie do 60 os\u00f3b. Prosimy jednak, aby zajmowa\u0107 tak\u017ce miejsca na ch\u00f3rze i w kaplicy oraz zachowywa\u0107 odpowiedni odst\u0119p. Ca\u0142y czas nale\u017cy w czasie liturgii mie\u0107 zas\u0142oni\u0119te usta i noc. Nale\u017cy je ods\u0142oni\u0107 jedynie przyjmuj\u0105c Komuni\u0119 \u015bw.<br \/>3. Nabo\u017ce\u0144stwa majowe po porannej mszy \u015bw. i o godz. 17.30. \u015arodowa nowenna do Matki Bo\u017cej Nieustaj\u0105cej Pomocy razem z majowym nabo\u017ce\u0144stwem.<br \/>4. W poniedzia\u0142ek, wtorek i \u015brod\u0119 kwartalne dni modlitwy o dobre urodzaje i za kraje g\u0142oduj\u0105ce. We wtorek po mszy \u015bw. porannej procesja b\u0142agalna i litania do \u015awi\u0119tych.<br \/>5. Parafia organizuje internetowe rekolekcje przed Uroczysto\u015bci\u0105 Zes\u0142ania Ducha \u015awi\u0119tego transmitowane przez parafialn\u0105 stron\u0119 na Facebooku: www.facebook.com\/parafiachnk. Poprowadzi je ks. Micha\u0142 Tomiak, duszpasterz akademicki parafii \u015bw. Rocha w Poznaniu. Rekolekcje (nauka, czuwanie, r\u00f3\u017caniec) odb\u0119d\u0105 si\u0119 w dniach 28-30 maja o godz. 19:30. Zapraszamy na nie szczeg\u00f3lnie m\u0142odzie\u017c przygotowuj\u0105c\u0105 si\u0119 bierzmowania i rodzic\u00f3w dzieci komunijnych.<br \/>6. Rocznica I Komunii \u015bw. w poniedzia\u0142ek 1 czerwca na mszy \u015bw. o godz. 19.15. Zebranie rodzic\u00f3w tych dzieci w poniedzia\u0142ek 25 maja, o godz. 19.00 w ko\u015bciele.<br \/>7. Podtrzymujemy transmitowanie parafialnych mszy \u015bw. niedzielnych o godz. 9:30 i 11:15 www.facebook.com\/parafiachnk. Ponadto na parafialnym Facebooku przygotowujemy specjalne nagrania dla dzieci ze s\u0142owem do niedzielnej Ewangelii (nagrania ukazuj\u0105 si\u0119 w sobot\u0119 o 18:00 przed dan\u0105 niedziel\u0105).<br \/>8. Trwa czas spowiedzi i komunii \u015bw. wielkanocnej. Pomimo utrudnie\u0144 przynaglamy, aby nie zaniedba\u0107 tego obowi\u0105zku. Okazja do spowiedzi \u015bw.: od poniedzia\u0142ku do wtorku p\u00f3\u0142 godziny przed porann\u0105 msz\u0105 \u015bw. oraz po mszy \u015bw. wieczornej do godz. 19.30, a od \u015brody do pi\u0105tku p\u00f3\u0142 godziny przed porann\u0105 i wieczorn\u0105 msz\u0105 \u015bw.; w sobot\u0119 p\u00f3\u0142 godziny przed porann\u0105 msz\u0105 \u015bw. oraz od godz. 16.00 do 18.00; w niedziel\u0119 przed mszami \u015bw. z wyj\u0105tkiem mszy \u015bw. wieczornej. Spowied\u017a \u015bw. w salce parafialnej, wej\u015bcie z dziedzi\u0144ca, z oczekiwaniem na zewn\u0105trz.<br \/>9. Dzisiaj, przed ko\u015bcio\u0142em, mo\u017cliwo\u015b\u0107 z\u0142o\u017cenia ofiary na nasze seminarium.<br \/>10. B\u00f3g zap\u0142a\u0107 za ofiary na danin\u0119 diecezjaln\u0105 i utrzymanie naszego ko\u015bcio\u0142a<br \/>11. Koncert z okazji stulecia urodzin Jana Paw\u0142a II w poniedzia\u0142ek, 18.05. o godz. 18.00 w TVP1 i PR Program 1. Msza \u015bw. o 7.00 z \u0141agiewnik w poniedzia\u0142ek w TVP1 o godz. 7.00. Zach\u0119camy do czytania prasy religijnej. Przy zakrystii: Przewodnik Katolicki, Go\u015b\u0107 Niedzielny, Egzorcysta i gazetka parafialna.<br \/>12. M\u00f3dlmy si\u0119 za zmar\u0142ych Parafian. Za dusz\u0119 \u015bp. Kazimierza Myszkiewicza, os. Lecha 17, \u015bp. Zofii Batura, os. Lecha 127 (pogrzeb odby\u0142 si\u0119 w Ostrorogu), \u015bp. Czes\u0142awy Narankiewicz, os. Lecha 61, \u015bp. Jana Szwarca, os. Lecha 128 ( msza \u015bw. i pogrzeb na Staro\u0142\u0119ce we wtorek o godz. 11.00). Wieczny odpoczynek raz zmar\u0142ym da\u0107 Panie.<\/p>\n","protected":false},"excerpt":{"rendered":"<p>OG\u0141OSZENIA DUSZPASTERSKIENIEDZIELA VI WIELKANOCNA17 maja 2020 r.1. Kalendarz liturgiczny: \u015broda \u2013 \u015bw. Bernardyna ze Sieny, czwartek \u2013 \u015bw. Krzysztofa Magallanesa oraz \u015bw. Eugeniusza de Mazenod, pi\u0105tek \u2013 \u015bw. Rity z Cascii, niedziela \u2013 uroczysto\u015b\u0107 Wniebowst\u0105pienia Pa\u0144skiego.2. Zgodnie z najnowszymi zarz\u0105dzeniami w\u0142adz pa\u0144stwowych i ko\u015bcielnych podczas ka\u017cdej mszy \u015bw. mo\u017ce przebywa\u0107 wewn\u0105trz naszego ko\u015bcio\u0142a jednorazowo maksymalnie &#8230; <span class=\"more\"><a class=\"more-link\" href=\"https:\/\/www.chnk.pl\/?p=2765\">czytaj wi\u0119cej<\/a><\/span><\/p>\n","protected":false},"author":3,"featured_media":0,"comment_status":"open","ping_status":"open","sticky":false,"template":"","format":"standard","meta":{"ngg_post_thumbnail":0,"footnotes":""},"categories":[1],"tags":[],"_links":{"self":[{"href":"https:\/\/www.chnk.pl\/index.php?rest_route=\/wp\/v2\/posts\/2765"}],"collection":[{"href":"https:\/\/www.chnk.pl\/index.php?rest_route=\/wp\/v2\/posts"}],"about":[{"href":"https:\/\/www.chnk.pl\/index.php?rest_route=\/wp\/v2\/types\/post"}],"author":[{"embeddable":true,"href":"https:\/\/www.chnk.pl\/index.php?rest_route=\/wp\/v2\/users\/3"}],"replies":[{"embeddable":true,"href":"https:\/\/www.chnk.pl\/index.php?rest_route=%2Fwp%2Fv2%2Fcomments&post=2765"}],"version-history":[{"count":3,"href":"https:\/\/www.chnk.pl\/index.php?rest_route=\/wp\/v2\/posts\/2765\/revisions"}],"predecessor-version":[{"id":2772,"href":"https:\/\/www.chnk.pl\/index.php?rest_route=\/wp\/v2\/posts\/2765\/revisions\/2772"}],"wp:attachment":[{"href":"https:\/\/www.chnk.pl\/index.php?rest_route=%2Fwp%2Fv2%2Fmedia&parent=2765"}],"wp:term":[{"taxonomy":"category","embeddable":true,"href":"https:\/\/www.chnk.pl\/index.php?rest_route=%2Fwp%2Fv2%2Fcategories&post=2765"},{"taxonomy":"post_tag","embeddable":true,"href":"https:\/\/www.chnk.pl\/index.php?rest_route=%2Fwp%2Fv2%2Ftags&post=2765"}],"curies":[{"name":"wp","href":"https:\/\/api.w.org\/{rel}","templated":true}]}}