{"id":2753,"date":"2020-05-09T21:37:43","date_gmt":"2020-05-09T21:37:43","guid":{"rendered":"http:\/\/www.chnk.pl\/?p=2753"},"modified":"2020-05-09T21:37:43","modified_gmt":"2020-05-09T21:37:43","slug":"5-niedziela-wielkanocna-3","status":"publish","type":"post","link":"https:\/\/www.chnk.pl\/?p=2753","title":{"rendered":"5 Niedziela Wielkanocna"},"content":{"rendered":"\n<p>OG\u0141OSZENIA DUSZPASTERSKIE<br \/>NIEDZIELA V WIELKANOCNA<br \/>10 maja 2020 r.<br \/>Ojciec \u015awi\u0119ty Franciszek skierowa\u0142 pro\u015bb\u0119 do Konferencji Episkopat\u00f3w, aby dzie\u0144 14 maja (czwartek) 2020 roku uczyni\u0107 dniem modlitwy, postu i dzie\u0142 mi\u0142osierdzia w intencji powstrzymania epidemii koronawirusa. Zach\u0119camy wszystkich do w\u0142\u0105czenia si\u0119 w to wo\u0142anie Ojca \u015bw.<br \/>DEKRET KS. ABPA STANIS\u0141AWA G\u0104DECKIEGO<br \/>dotycz\u0105cy duszpasterstwa w czasie epidemii (maj 2020)<br \/>W zwi\u0105zku z aktualn\u0105 sytuacj\u0105 epidemiologiczn\u0105 obowi\u0105zuj\u0105 dotychczas wydane akty prawne, dotycz\u0105ce sprawowania pos\u0142ugi duszpasterskiej i liturgicznej w czasie epidemii. Obecnie szczeg\u00f3lnie nale\u017cy uwzgl\u0119dni\u0107 wskazania zaktualizowane w niniejszym dekrecie.<br \/>1. Udzia\u0142 w liturgii. Z uwagi na wprowadzone ograniczenia zach\u0119cam wiernych do duchowej \u0142\u0105czno\u015bci z liturgi\u0105 Mszy \u015bw. za po\u015brednictwem transmisji telewizyjnych, radiowych i internetowych. Warto rozwa\u017cy\u0107 fizyczny udzia\u0142 we Mszy \u015bw. w \u015bwi\u0105tyniach, w kt\u00f3rych jest wystarczaj\u0105ca liczba miejsc, zw\u0142aszcza w dni powszednie. Prosz\u0119 jednak osoby b\u0119d\u0105ce w grupie podwy\u017cszonego ryzyka zara\u017cenia (chorych, starszych i kobiety w stanie b\u0142ogos\u0142awionym) o pozostanie w domu. Dyspensa od obowi\u0105zku uczestnictwa w niedzielnej Mszy \u015bw. jest przed\u0142u\u017cona i obowi\u0105zuje a\u017c do odwo\u0142ania.<br \/>Zapraszam \u2013 kap\u0142an\u00f3w i wiernych \u2013 do modlitwy we wsp\u00f3lnotach domowych, w szczeg\u00f3lno\u015bci do modlitwy r\u00f3\u017ca\u0144cowej o godz. 20.30 w jedno\u015bci z Ojcem \u015awi\u0119tym Franciszkiem.<br \/>2. Sprawowanie Eucharystii w ko\u015bciele. Nadal obowi\u0105zuje zasada, zgodnie z kt\u00f3r\u0105 podczas Eucharystii i nabo\u017ce\u0144stw w \u015bwi\u0105tyni przebywa\u0107 mo\u017ce 1 osoba na 15 m2, nie wliczaj\u0105c do tego os\u00f3b sprawuj\u0105cych pos\u0142ug\u0119. Na drzwiach wej\u015bciowych winna si\u0119 znajdowa\u0107 stosowna informacja. Nale\u017cy zachowa\u0107 wszystkie zasady dotycz\u0105ce bezpiecze\u0144stwa, stosownego dystansu os\u00f3b, zas\u0142aniania ust i nosa oraz dezynfekcji powierzchni i wietrzenia ko\u015bcio\u0142a po ka\u017cdej Mszy \u015bw. (por. https:\/\/www.gov.pl\/web\/koronawirus). Rekomenduje si\u0119 przyjmowanie Komunii \u015bw. na r\u0119k\u0119 \u2013 nie wolno tego jednak czyni\u0107 u\u017cywaj\u0105c chusteczki czy r\u0119kawiczki. Osoby, kt\u00f3re pragn\u0105 przyj\u0105\u0107 Komuni\u0119 \u015bw. do ust, mog\u0105 uczyni\u0107 to po zako\u0144czeniu rozdzielania jej wiernym przyjmuj\u0105cym Komuni\u0119 \u015bw. na r\u0119k\u0119 lub u oddzielnego szafarza. W jednym rz\u0119dzie mo\u017cna rozdziela\u0107 Komuni\u0119 \u015bw. do ust, a w drugim \u2013 na r\u0119k\u0119.<br \/>3. Sprawowanie sakramentu pokuty i pojednania. Duszpasterze powinni codziennie dawa\u0107 okazj\u0119 do skorzystania z sakramentu pokuty i pojednania. Spowied\u017a winna mie\u0107 miejsce w osobnych pomieszczeniach, umo\u017cliwiaj\u0105cych sprawowanie sakramentu z zachowaniem wi\u0119kszej odleg\u0142o\u015bci mi\u0119dzy penitentem a spowiednikiem.<br \/>4. Uroczysto\u015b\u0107 Pierwszej Komunii \u015bw. Ze wzgl\u0119du na niemo\u017cliwo\u015b\u0107 okre\u015blenia czasu zako\u0144czenia pandemii, dopuszcza si\u0119 organizowanie uroczysto\u015bci Pierwszej Komunii \u015bw. dla jednej lub kilku rodzin, na wyra\u017ane \u017cyczenie rodzic\u00f3w. O terminie uroczysto\u015bci nie mo\u017ce decydowa\u0107 g\u0142osowanie lub wola wi\u0119kszo\u015bci.<br \/>5. Duszpasterstwo<br \/>1. Zobowi\u0105zuj\u0119 kap\u0142an\u00f3w do podtrzymywania kontakt\u00f3w z grupami duszpasterskimi w formie telefonicznej i internetowej, a tak\u017ce w miar\u0119 mo\u017cliwo\u015bci do organizowania ich formacji.<\/p>\n<p>2. Poniewa\u017c w dalszym ci\u0105gu zawieszone s\u0105 tzw. objazdy chorych, duszpasterze powinni utrzymywa\u0107 z tymi osobami i ich rodzinami kontakt telefoniczny, rozeznaj\u0105c duchowe potrzeby, z Komuni\u0105 \u015bw. i spowiedzi\u0105 w\u0142\u0105cznie. Jednak wizyt\u0119 duszpastersk\u0105 nale\u017cy sk\u0142ada\u0107 tylko na wyra\u017ane zaproszenie osoby chorej lub jej rodziny.<br \/>3. W zwi\u0105zku z 100. rocznic\u0105 urodzin \u015bw. Jana Paw\u0142a II zalecam odprawienie w ka\u017cdej parafii Mszy \u015bw. w intencji dzi\u0119kczynnej za Jego \u017cycie i pontyfikat w niedziel\u0119 17 maja lub w poniedzia\u0142ek 18 maja.<br \/>4. Udzielanie bierzmowania pozostaje nadal zawieszone.<br \/>5. Nie organizuje si\u0119 procesji Bo\u017cego Cia\u0142a ulicami parafii. W sam\u0105 uroczysto\u015b\u0107 mo\u017cliwa jest skromna procesja eucharystyczna po Mszy \u015bw. wok\u00f3\u0142 ko\u015bcio\u0142a \u2013 nale\u017cy jednak zadba\u0107 o zachowanie stosownego dystansu mi\u0119dzy uczestnikami.<br \/>6. Nie organizuje si\u0119 wakacyjnych rekolekcji w tradycyjnej formie, zaleca si\u0119 natomiast formacj\u0119 online, ze szczeg\u00f3lnym uwzgl\u0119dnieniem lider\u00f3w grup i wsp\u00f3lnot.<br \/>7. 86. Pozna\u0144ska Piesza Pielgrzymka na Jasn\u0105 G\u00f3r\u0119 b\u0119dzie mia\u0142a charakter duchowy, z symbolicznym udzia\u0142em delegowanych kap\u0142an\u00f3w oraz z celebracjami stacyjnymi w wyznaczonych \u015bwi\u0105tyniach. Zach\u0119cam do \u0142\u0105czno\u015bci duchowej przy wykorzystaniu propozycji medialnych przygotowywanych przez Kierownika i Przewodnik\u00f3w \u2013 b\u0119d\u0105 one przekazane w terminie p\u00f3\u017aniejszym.<br \/>6. Transmisje internetowe. Celebracje powinny by\u0107 transmitowane jedynie w czasie rzeczywistym, dlatego nie nale\u017cy udost\u0119pnia\u0107 nagra\u0144 obrz\u0119d\u00f3w Mszy \u015bw. po ich zako\u0144czeniu, z wyj\u0105tkiem liturgii s\u0142owa.<br \/>OG\u0141OSZENIA PARAFIALNE<br \/>1. Kalendarz liturgiczny: wtorek &#8211; \u015bw. Pankracego oraz Nereusza i Achillesa, \u015broda \u2013 NMP Fatimskiej, czwartek \u2013 \u015bw. Macieja, sobota \u2013 \u015bw. Andrzeja Boboli, patrona Polski.<br \/>2. Nabo\u017ce\u0144stwa majowe o godz. 17.30. \u015arodowa nowenna do Matki Bo\u017cej Nieustaj\u0105cej Pomocy razem z majowym nabo\u017ce\u0144stwem. Poranna msza \u015bw. z majowym nabo\u017ce\u0144stwem o godz. 8.00. Usilnie prosimy, aby nie przychodzi\u0107 dwukrotnie na nabo\u017ce\u0144stwa w ci\u0105gu dnia. Pragnienie cz\u0119stszej obecno\u015bci w \u015bwi\u0105tyni zast\u0105pi\u0107 indywidualnym nawiedzeniem.<br \/>3. Msza \u015bw. w 100 rocznic\u0119 urodzin \u015bw. Jana Paw\u0142a II, w przysz\u0142\u0105 niedziel\u0119 o godz. 11.15.<br \/>4. W przysz\u0142\u0105 niedziel\u0119, przed ko\u015bcio\u0142em, mo\u017cliwo\u015b\u0107 z\u0142o\u017cenia ofiary na nasze seminarium.<br \/>5. Trwa czas spowiedzi i komunii \u015bw. wielkanocnej. Pomimo utrudnie\u0144 przynaglamy, aby nie zaniedba\u0107 tego obowi\u0105zku. Okazja do spowiedzi \u015bw.: od poniedzia\u0142ku do wtorku p\u00f3\u0142 godziny przed porann\u0105 msz\u0105 \u015bw. oraz po mszy \u015bw. wieczornej do godz. 19.30, a od \u015brody do pi\u0105tku p\u00f3\u0142 godziny przed porann\u0105 i wieczorn\u0105 msz\u0105 \u015bw.; w sobot\u0119 p\u00f3\u0142 godziny przed porann\u0105 msz\u0105 \u015bw. oraz od godz. 16.00 do 18.00; w niedziel\u0119 przed mszami \u015bw. z wyj\u0105tkiem mszy \u015bw. wieczornej. Spowied\u017a \u015bw. w salce parafialnej, wej\u015bcie z dziedzi\u0144ca, z oczekiwaniem na zewn\u0105trz.<br \/>6. Podtrzymujemy transmitowanie mszy \u015bw. niedzielnych o 9:30 i 11:15 www.facebook.com\/parafiachnk. Ponadto na parafialnym Facebooku przygotowujemy specjalne nagrania dla dzieci ze s\u0142owem do niedzielnej Ewangelii (nagrania ukazuj\u0105 si\u0119 w sobot\u0119 o 18:00 przed dan\u0105 niedziel\u0105).<br \/>7. Zach\u0119camy do czytania prasy katolickiej. Przy zakrystii: Przewodnik Katolicki, Go\u015b\u0107 Niedzielny, Egzorcysta, Ziarno, gazetka parafialna.<br \/>8. Preparat dezynfekcyjny jest dost\u0119pny przy g\u0142\u00f3wnym wej\u015bciu w ko\u015bciele i w przedsionku salki parafialnej, gdzie odbywa si\u0119 spowied\u017a.<br \/>9. M\u00f3dlmy si\u0119 za zmar\u0142ych Parafian. Za dusz\u0119 \u015bp. Anny Dajewskiej, os. Lecha 127 (msza \u015bw. pogrzebowa w \u015brod\u0119 o godz. 10.00). Wieczny odpoczynek racz zmar\u0142ym da\u0107 Panie. <\/p>\n","protected":false},"excerpt":{"rendered":"<p>OG\u0141OSZENIA DUSZPASTERSKIENIEDZIELA V WIELKANOCNA10 maja 2020 r.Ojciec \u015awi\u0119ty Franciszek skierowa\u0142 pro\u015bb\u0119 do Konferencji Episkopat\u00f3w, aby dzie\u0144 14 maja (czwartek) 2020 roku uczyni\u0107 dniem modlitwy, postu i dzie\u0142 mi\u0142osierdzia w intencji powstrzymania epidemii koronawirusa. Zach\u0119camy wszystkich do w\u0142\u0105czenia si\u0119 w to wo\u0142anie Ojca \u015bw.DEKRET KS. ABPA STANIS\u0141AWA G\u0104DECKIEGOdotycz\u0105cy duszpasterstwa w czasie epidemii (maj 2020)W zwi\u0105zku z &#8230; <span class=\"more\"><a class=\"more-link\" href=\"https:\/\/www.chnk.pl\/?p=2753\">czytaj wi\u0119cej<\/a><\/span><\/p>\n","protected":false},"author":3,"featured_media":0,"comment_status":"open","ping_status":"open","sticky":false,"template":"","format":"standard","meta":{"ngg_post_thumbnail":0,"footnotes":""},"categories":[1],"tags":[],"_links":{"self":[{"href":"https:\/\/www.chnk.pl\/index.php?rest_route=\/wp\/v2\/posts\/2753"}],"collection":[{"href":"https:\/\/www.chnk.pl\/index.php?rest_route=\/wp\/v2\/posts"}],"about":[{"href":"https:\/\/www.chnk.pl\/index.php?rest_route=\/wp\/v2\/types\/post"}],"author":[{"embeddable":true,"href":"https:\/\/www.chnk.pl\/index.php?rest_route=\/wp\/v2\/users\/3"}],"replies":[{"embeddable":true,"href":"https:\/\/www.chnk.pl\/index.php?rest_route=%2Fwp%2Fv2%2Fcomments&post=2753"}],"version-history":[{"count":1,"href":"https:\/\/www.chnk.pl\/index.php?rest_route=\/wp\/v2\/posts\/2753\/revisions"}],"predecessor-version":[{"id":2754,"href":"https:\/\/www.chnk.pl\/index.php?rest_route=\/wp\/v2\/posts\/2753\/revisions\/2754"}],"wp:attachment":[{"href":"https:\/\/www.chnk.pl\/index.php?rest_route=%2Fwp%2Fv2%2Fmedia&parent=2753"}],"wp:term":[{"taxonomy":"category","embeddable":true,"href":"https:\/\/www.chnk.pl\/index.php?rest_route=%2Fwp%2Fv2%2Fcategories&post=2753"},{"taxonomy":"post_tag","embeddable":true,"href":"https:\/\/www.chnk.pl\/index.php?rest_route=%2Fwp%2Fv2%2Ftags&post=2753"}],"curies":[{"name":"wp","href":"https:\/\/api.w.org\/{rel}","templated":true}]}}